{"id":154961,"date":"2025-06-05T21:52:10","date_gmt":"2025-06-05T21:52:10","guid":{"rendered":"https:\/\/www.europesays.com\/fr\/154961\/"},"modified":"2025-06-05T21:52:10","modified_gmt":"2025-06-05T21:52:10","slug":"pres-de-rouen-les-scouts-multiplient-les-actions-pour-renover-leurs-locaux","status":"publish","type":"post","link":"https:\/\/www.europesays.com\/fr\/154961\/","title":{"rendered":"pr\u00e8s de Rouen, les scouts multiplient les actions pour r\u00e9nover leurs locaux"},"content":{"rendered":"<p>            Par<br \/>\n        <strong><br \/>\n            <a href=\"https:\/\/actu.fr\/auteur\/le-journal-delbeuf\" title=\"Consulter tous les articles de R\u00e9daction Elbeuf\" rel=\"nofollow noopener\" target=\"_blank\">R\u00e9daction Elbeuf<\/a><br \/>\n        <\/strong><\/p>\n<p>        Publi\u00e9 le<\/p>\n<p>            5 juin 2025 \u00e0 22h30        <\/p>\n<p>Un garage, un hangar, un entrep\u00f4t\u2026 On peut appeler \u00e7a comme on veut, mais ce n\u2019est certainement pas un local digne pour <b>accueillir des jeunes<\/b> pour des activit\u00e9s de loisirs.<\/p>\n<p class=\" wall-content\">\u00ab Il y a pire que nous, certaines sections n\u2019ont pas de local du tout et surtout, les enfants sont toujours contents de venir. Certains vivent en appartement et la plupart de nos activit\u00e9s ont lieu en plein air, alors\u2026 \u00bb, temp\u00e8re David Baudin, responsable avec sa femme Marguerite de la section elbeuvienne des <b>Scouts de France<\/b>.<\/p>\n<p>Une grosse facture \u00e0 r\u00e9gler<\/p>\n<p class=\" wall-content\">C\u2019est vrai, le parc pr\u00eat\u00e9 par la paroisse de <a href=\"https:\/\/actu.fr\/normandie\/saint-aubin-les-elbeuf_76561\" rel=\"nofollow noopener\" target=\"_blank\">Saint-Aubin-l\u00e8s-Elbeuf (Seine-Maritime)<\/a>, propri\u00e9taire du terrain rue Marcel-Touchard, est un formidable <b>terrain de jeux<\/b>. B\u00e9n\u00e9voles et jeunes y ont appris \u00e0 devenir tr\u00e8s d\u00e9brouillards, comme le montre le four \u00e0 pizza construit de leurs mains d\u00e8s leur arriv\u00e9e, en 2005, mais tout de m\u00eame\u2026<\/p>\n<p class=\" wall-content\">Aujourd\u2019hui, en juin 2025, les <b>travaux d\u2019\u00e9tanch\u00e9it\u00e9<\/b> deviennent une urgence, de m\u00eame que la <b>r\u00e9paration du mur<\/b> d\u2019enceinte arri\u00e8re, ab\u00eem\u00e9 par la chute d\u2019un arbre et qui pose donc un certain probl\u00e8me de s\u00e9curit\u00e9.<\/p>\n<p class=\" wall-content\">Heureusement, l\u2019\u00e9quipe de <b>b\u00e9n\u00e9voles<\/b> compte dans ses rangs Nicole, qui ne manque pas de bonnes id\u00e9es pour trouver l\u2019argent n\u00e9cessaire aux travaux.<\/p>\n<p>Vid\u00e9os : en ce moment sur Actu<\/p>\n<p class=\" wall-content\">\u00ab Nous avons contact\u00e9 diff\u00e9rentes institutions chr\u00e9tiennes et attendons les r\u00e9ponses, mais la facture est telle que leurs aides ne seront pas suffisantes. Nicole a ainsi propos\u00e9 d\u2019organiser un loto, une cagnotte en ligne, un concert caritatif\u2026 \u00bb, explique Marguerite.<\/p>\n<p>Un concert pour la bonne cause<\/p>\n<p class=\" wall-content\">Des d\u00e9marches qui prennent un peu de temps. Pour le <b>concert<\/b>, en tout cas, c\u2019est act\u00e9 ! Sollicit\u00e9, l\u2019<b>Orchestre symphonique de l\u2019agglom\u00e9ration d\u2019Elbeuf (OSAE)<\/b> a tout de suite r\u00e9pondu pr\u00e9sent et la prestation aura lieu le dimanche 15 juin 2025, \u00e0 16 h, \u00e0 l\u2019\u00e9glise Saint-Jean d\u2019Elbeuf.<\/p>\n<p>    <img   decoding=\"async\" loading=\"lazy\" class=\"size-large\" src=\"https:\/\/www.europesays.com\/fr\/wp-content\/uploads\/2025\/06\/1d3019fa7c386314019fa7c38f4401v-960x640.jpg\" alt=\"Marguerite Baudin, Michel Lecerf et David Baudin devant le local\" width=\"960\" height=\"640\"\/><br \/>\n    Marguerite Baudin, Michel Lecerf et David Baudin se sont mis d\u2019accord pour organiser un concert caritatif, au profit des scouts. \u00a9Le Journal d\u2019Elbeuf<\/p>\n<p class=\" wall-content\">La formation y interpr\u00e9tera un r\u00e9pertoire mixte compos\u00e9 d\u2019une premi\u00e8re partie tr\u00e8s classique avec du Beethoven, du Brahms ou Louise Farrenc, une pianiste du XIXe\u00a0si\u00e8cle, \u00e9galement compositrice, ce qui \u00e9tait rare pour une femme \u00e0 l\u2019\u00e9poque.<\/p>\n<p class=\" wall-content\">La seconde partie sera beaucoup plus moderne avec notamment des morceaux issus des bandes originales de films et de jeux vid\u00e9o. Il y en aura donc pour tous les go\u00fbts. \u00ab C\u2019est toujours un plaisir de jouer dans une \u00e9glise et de rencontrer de nouvelles personnes. De plus, l\u2019orchestre est assez connu, alors si on peut aider \u00bb, plaide Michel Lecerf, pr\u00e9sident de l\u2019association musicale qui existe depuis 55\u00a0ans.<\/p>\n<p class=\" wall-content\">La section elbeuvienne des scouts d\u2019Elbeuf existe, elle, depuis <b>une centaine d\u2019ann\u00e9es<\/b> et accueille une vingtaine de jeunes.<\/p>\n<p class=\" wall-content\">\u00ab Nous avons m\u00eame des enfants qui viennent de Oissel ou du Neubourg. Les familles pr\u00e9f\u00e8rent venir chez nous, car on y trouve une ambiance familiale et une tr\u00e8s bonne mixit\u00e9 sociale, avec des gens de tous milieux et de toutes origines. Les scouts, c\u2019est une certaine <b>\u00e9cole de vie<\/b> et il n\u2019est pas rare que les jeunes qui y grandissent deviennent plus tard b\u00e9n\u00e9voles, y compris dans d\u2019autres structures \u00bb, conclut Marguerite Baudin.<\/p>\n<p>Concert caritatif, \u00e0 l\u2019\u00e9glise Saint-Jean d\u2019Elbeuf (place Jules-Ferry), le dimanche 15 juin \u00e0 16 h. Informations et r\u00e9servation conseill\u00e9e : <a href=\"https:\/\/actu.fr\/cdn-cgi\/l\/email-protection\" class=\"__cf_email__\" data-cfemail=\"8fe0fceeeaa1fdeafceafdf9eefbe6e0e1cfe8e2eee6e3a1ece0e2\" rel=\"nofollow noopener\" target=\"_blank\">[email\u00a0protected]<\/a>, 02 35 87 17 48 ou 07 67 52 92 42.<\/p>\n<p class=\" wall-content\">Suivez toute l\u2019actualit\u00e9 de vos villes et m\u00e9dias favoris en vous inscrivant \u00e0 <a href=\"https:\/\/moncompte.actu.fr\" title=\"D\u00e9couvez Mon Actu\" rel=\"nofollow noopener\" data-trk=\"{&quot;cta&quot;:{&quot;action&quot;:&quot;https:\\\/\\\/moncompte.actu.fr&quot;,&quot;category&quot;:&quot;mon compte&quot;,&quot;from&quot;:&quot;article footer&quot;,&quot;name&quot;:&quot;Mon actu&quot;,&quot;type&quot;:&quot;cta&quot;}}\" target=\"_blank\">Mon Actu<\/a>.<\/p>\n","protected":false},"excerpt":{"rendered":"Par R\u00e9daction Elbeuf Publi\u00e9 le 5 juin 2025 \u00e0 22h30 Un garage, un hangar, un entrep\u00f4t\u2026 On peut&hellip;\n","protected":false},"author":2,"featured_media":154962,"comment_status":"","ping_status":"","sticky":false,"template":"","format":"standard","meta":{"footnotes":""},"categories":[9587],"tags":[1111,11,10263,1719,1777,674,1011,27,12,5161,25,9590,104],"class_list":{"0":"post-154961","1":"post","2":"type-post","3":"status-publish","4":"format-standard","5":"has-post-thumbnail","7":"category-rouen","8":"tag-actu","9":"tag-actualites","10":"tag-benevolat","11":"tag-enfants","12":"tag-eu","13":"tag-europe","14":"tag-fr","15":"tag-france","16":"tag-news","17":"tag-normandie","18":"tag-republique-francaise","19":"tag-rouen","20":"tag-societe"},"share_on_mastodon":{"url":"https:\/\/pubeurope.com\/@fr\/114632978950298689","error":""},"_links":{"self":[{"href":"https:\/\/www.europesays.com\/fr\/wp-json\/wp\/v2\/posts\/154961","targetHints":{"allow":["GET"]}}],"collection":[{"href":"https:\/\/www.europesays.com\/fr\/wp-json\/wp\/v2\/posts"}],"about":[{"href":"https:\/\/www.europesays.com\/fr\/wp-json\/wp\/v2\/types\/post"}],"author":[{"embeddable":true,"href":"https:\/\/www.europesays.com\/fr\/wp-json\/wp\/v2\/users\/2"}],"replies":[{"embeddable":true,"href":"https:\/\/www.europesays.com\/fr\/wp-json\/wp\/v2\/comments?post=154961"}],"version-history":[{"count":0,"href":"https:\/\/www.europesays.com\/fr\/wp-json\/wp\/v2\/posts\/154961\/revisions"}],"wp:featuredmedia":[{"embeddable":true,"href":"https:\/\/www.europesays.com\/fr\/wp-json\/wp\/v2\/media\/154962"}],"wp:attachment":[{"href":"https:\/\/www.europesays.com\/fr\/wp-json\/wp\/v2\/media?parent=154961"}],"wp:term":[{"taxonomy":"category","embeddable":true,"href":"https:\/\/www.europesays.com\/fr\/wp-json\/wp\/v2\/categories?post=154961"},{"taxonomy":"post_tag","embeddable":true,"href":"https:\/\/www.europesays.com\/fr\/wp-json\/wp\/v2\/tags?post=154961"}],"curies":[{"name":"wp","href":"https:\/\/api.w.org\/{rel}","templated":true}]}}