{"id":154963,"date":"2025-06-05T21:53:11","date_gmt":"2025-06-05T21:53:11","guid":{"rendered":"https:\/\/www.europesays.com\/fr\/154963\/"},"modified":"2025-06-05T21:53:11","modified_gmt":"2025-06-05T21:53:11","slug":"grenoble-un-debut-dincendie-au-burger-king-place-victor-hugo","status":"publish","type":"post","link":"https:\/\/www.europesays.com\/fr\/154963\/","title":{"rendered":"Grenoble. Un d\u00e9but d\u2019incendie au Burger King place Victor Hugo"},"content":{"rendered":"<p>Un incendie s\u2019est d\u00e9clar\u00e9 ce jeudi 5 juin, peu apr\u00e8s 22h, \u00e0 l\u2019int\u00e9rieur du commerce de restauration rapide Burger King, situ\u00e9 place Victor Hugo, en centre-ville de Grenoble. Selon les informations du Dauphin\u00e9 Lib\u00e9r\u00e9, le feu aurait d\u00e9marr\u00e9 dans une hotte du restaurant, se propageant aux conduits d\u2019extraction.\u00a0<\/p>\n<p>Ce contenu est bloqu\u00e9 car vous n&rsquo;avez pas accept\u00e9 les cookies et autres traceurs.<\/p>\n<p>En cliquant sur \u00ab J\u2019accepte \u00bb, les cookies et autres traceurs seront d\u00e9pos\u00e9s et vous pourrez visualiser les contenus  (<a href=\"\" class=\"consentModule_policy\" target=\"_blank\" title=\"Consulter la politique de protection des donn\u00e9es du fournisseur\">plus d&rsquo;informations<\/a>).<\/p>\n<p>En cliquant sur \u00ab J\u2019accepte tous les cookies \u00bb, vous autorisez des d\u00e9p\u00f4ts de cookies et autres traceurs pour le stockage de vos donn\u00e9es sur nos sites et applications \u00e0 des fins de personnalisation et de ciblage publicitaire.<\/p>\n<p class=\"consentModule_secondaryText\">Vous gardez la possibilit\u00e9 de retirer votre consentement \u00e0 tout moment en consultant notre <a href=\"https:\/\/www.ledauphine.com\/protection-des-donnees\" target=\"_blank\" title=\"Consulter notre politique de protection des donn\u00e9es\" rel=\"nofollow noopener\">politique de protection des donn\u00e9es<\/a>. <br \/>&#13;<br \/>\n            <a href=\"https:\/\/www.ledauphine.com\/faits-divers-justice\/2025\/06\/05\/javascript:Didomi.notice.show()\" class=\"consentModule_cmp\" rel=\"nofollow noopener\" target=\"_blank\">G\u00e9rer mes choix<\/a>&#13;\n        <\/p>\n<p>&#13;<br \/>\n                        J&rsquo;accepte&#13;<br \/>\n            J&rsquo;accepte tous les cookies&#13;\n        <\/p>\n<p>Une dizaine d\u2019employ\u00e9s, ainsi que les nombreux clients, ont rapidement \u00e9t\u00e9 \u00e9vacu\u00e9s, avant m\u00eame l\u2019arriv\u00e9e des sapeurs-pompiers. Aucun bless\u00e9 n\u2019est \u00e0 d\u00e9plorer.<\/p>\n<p>\u00a0La circulation des tramways a \u00e9t\u00e9\u00a0interrompue\u00a0le temps de l\u2019intervention des pompiers.<\/p>\n<p>Les sapeurs-pompiers ont mis en place un important dispositif afin d\u2019\u00e9viter la propagation de l\u2019incendie aux \u00e9tages sup\u00e9rieurs. Vers 23h, ils se trouvaient toujours sur place et proc\u00e9daient aux nombreuses v\u00e9rifications d\u2019usage. Une grande \u00e9chelle a \u00e9t\u00e9 d\u00e9ploy\u00e9e afin de v\u00e9rifier les conduits situ\u00e9s en haut de l\u2019immeuble.\u00a0Deux lances incendie ont \u00e9t\u00e9 utilis\u00e9s et\u00a0une trentaine de pompiers a \u00e9t\u00e9 mobilis\u00e9e.<\/p>\n","protected":false},"excerpt":{"rendered":"Un incendie s\u2019est d\u00e9clar\u00e9 ce jeudi 5 juin, peu apr\u00e8s 22h, \u00e0 l\u2019int\u00e9rieur du commerce de restauration rapide&hellip;\n","protected":false},"author":2,"featured_media":154964,"comment_status":"","ping_status":"","sticky":false,"template":"","format":"standard","meta":{"footnotes":""},"categories":[9566],"tags":[1111,11,2430,112,1777,674,274,1011,27,2731,2732,1310,108,1985,12,25],"class_list":{"0":"post-154963","1":"post","2":"type-post","3":"status-publish","4":"format-standard","5":"has-post-thumbnail","7":"category-grenoble","8":"tag-actu","9":"tag-actualites","10":"tag-auvergne-rhone-alpes","11":"tag-edition-grenoble-agglomeration","12":"tag-eu","13":"tag-europe","14":"tag-faits-divers-justice","15":"tag-fr","16":"tag-france","17":"tag-grenoble","18":"tag-grenoble-bassin","19":"tag-incendie","20":"tag-isere","21":"tag-metropole-de-grenoble","22":"tag-news","23":"tag-republique-francaise"},"share_on_mastodon":{"url":"https:\/\/pubeurope.com\/@fr\/114632982780045307","error":""},"_links":{"self":[{"href":"https:\/\/www.europesays.com\/fr\/wp-json\/wp\/v2\/posts\/154963","targetHints":{"allow":["GET"]}}],"collection":[{"href":"https:\/\/www.europesays.com\/fr\/wp-json\/wp\/v2\/posts"}],"about":[{"href":"https:\/\/www.europesays.com\/fr\/wp-json\/wp\/v2\/types\/post"}],"author":[{"embeddable":true,"href":"https:\/\/www.europesays.com\/fr\/wp-json\/wp\/v2\/users\/2"}],"replies":[{"embeddable":true,"href":"https:\/\/www.europesays.com\/fr\/wp-json\/wp\/v2\/comments?post=154963"}],"version-history":[{"count":0,"href":"https:\/\/www.europesays.com\/fr\/wp-json\/wp\/v2\/posts\/154963\/revisions"}],"wp:featuredmedia":[{"embeddable":true,"href":"https:\/\/www.europesays.com\/fr\/wp-json\/wp\/v2\/media\/154964"}],"wp:attachment":[{"href":"https:\/\/www.europesays.com\/fr\/wp-json\/wp\/v2\/media?parent=154963"}],"wp:term":[{"taxonomy":"category","embeddable":true,"href":"https:\/\/www.europesays.com\/fr\/wp-json\/wp\/v2\/categories?post=154963"},{"taxonomy":"post_tag","embeddable":true,"href":"https:\/\/www.europesays.com\/fr\/wp-json\/wp\/v2\/tags?post=154963"}],"curies":[{"name":"wp","href":"https:\/\/api.w.org\/{rel}","templated":true}]}}