{"id":154977,"date":"2025-06-05T22:01:10","date_gmt":"2025-06-05T22:01:10","guid":{"rendered":"https:\/\/www.europesays.com\/fr\/154977\/"},"modified":"2025-06-05T22:01:10","modified_gmt":"2025-06-05T22:01:10","slug":"lartiste-jr-debarque-avec-son-camion-photomaton-a-la-baleine-de-nice-ce-vendredi-6-juin-pour-le-sommet-de-locean","status":"publish","type":"post","link":"https:\/\/www.europesays.com\/fr\/154977\/","title":{"rendered":"L\u2019artiste JR d\u00e9barque avec son camion photomaton \u00e0 la Baleine de Nice, ce vendredi 6 juin, pour le Sommet de l\u2019Oc\u00e9an"},"content":{"rendered":"<p>Les portraits photographiques de JR vont trouver des cimaises de choix sur&#8230; la Baleine, c\u2019est-\u00e0-dire sur les murs du palais des expositions de Nice transform\u00e9 pour le sommet de l\u2019Oc\u00e9an en vaste espace d\u00e9di\u00e9 au public. Le lien avec l\u2019artiste JR? Justement: il d\u00e9barque le vendredi 6 juin 2025 avec son projet Inside Out dans lequel il associe largement les habitants, o\u00f9 qu\u2019il aille.<\/p>\n<p>Concr\u00e8tement? Le photobooth &#8211; un dispositif qui permet de prendre des photos en temps r\u00e9el dans une cabine comme avec un polaro\u00efd, un camion photomaton, en somme &#8211; sera positionn\u00e9 devant la Baleine. Vendredi 6 juin, de 10h30\u00e0 13h30, vous pourrez y faire un tour et pourquoi pas songer \u00e0 prendre la pose. Ensuite, place \u00e0 l\u2019exposition.<\/p>\n<p>\u00c9veiller les consciences<\/p>\n<p>Explications<a href=\"https:\/\/www.insideoutproject.net\/fr\/explore\/photobooth\/inside-out-unoc3\" target=\"_blank\" rel=\"noopener\"> sur le site web de JR<\/a>: \u00ab\u00a0Des centaines de portraits de d\u00e9fenseurs des oc\u00e9ans \u2013 p\u00eacheurs, scientifiques, artistes, jeunes, leaders autochtones et sympathisants comme vous \u2013 envahiront la fa\u00e7ade du palais des expositions du 6 au 13 juin pour c\u00e9l\u00e9brer la troisi\u00e8me Conf\u00e9rence des Nations Unies sur les oc\u00e9ans. L\u2019installation accueillera les d\u00e9l\u00e9gu\u00e9s lors de la Journ\u00e9e de l\u2019oc\u00e9an (8 juin), afin que le monde entier y pr\u00eate attention.\u00a0\u00bb<\/p>\n<p>Car l\u2019artiste utilise l\u2019art comme un moyen si ce n\u2019est d\u2019\u00e9veiller les consciences, \u00e0 tout le moins de susciter des r\u00e9flexions, d\u2019engager la discussion. Il a lanc\u00e9 son projet d\u2019art participatif en 2011 et a depuis fait le tour du monde. \u00ab\u00a0En septembre 2023, ce sont au total plus de 500.000 personnes, issues de 152 pays, qui ont particip\u00e9 au projet en cr\u00e9ant leurs propres actions ou en venant se faire prendre en photo dans l\u2019une des cabines photographiques Inside Out\u00a0\u00bb, peut-on encore lire sur son site.<\/p>\n","protected":false},"excerpt":{"rendered":"Les portraits photographiques de JR vont trouver des cimaises de choix sur&#8230; la Baleine, c\u2019est-\u00e0-dire sur les murs&hellip;\n","protected":false},"author":2,"featured_media":154978,"comment_status":"","ping_status":"","sticky":false,"template":"","format":"standard","meta":{"footnotes":""},"categories":[2819],"tags":[1111,11,8981,251,436,1777,674,1011,27,12,2401,882,25],"class_list":{"0":"post-154977","1":"post","2":"type-post","3":"status-publish","4":"format-standard","5":"has-post-thumbnail","7":"category-nice","8":"tag-actu","9":"tag-actualites","10":"tag-arts-plastiques","11":"tag-culture","12":"tag-environnement","13":"tag-eu","14":"tag-europe","15":"tag-fr","16":"tag-france","17":"tag-news","18":"tag-nice","19":"tag-provence-alpes-cote-dazur","20":"tag-republique-francaise"},"share_on_mastodon":{"url":"https:\/\/pubeurope.com\/@fr\/114633014632567741","error":""},"_links":{"self":[{"href":"https:\/\/www.europesays.com\/fr\/wp-json\/wp\/v2\/posts\/154977","targetHints":{"allow":["GET"]}}],"collection":[{"href":"https:\/\/www.europesays.com\/fr\/wp-json\/wp\/v2\/posts"}],"about":[{"href":"https:\/\/www.europesays.com\/fr\/wp-json\/wp\/v2\/types\/post"}],"author":[{"embeddable":true,"href":"https:\/\/www.europesays.com\/fr\/wp-json\/wp\/v2\/users\/2"}],"replies":[{"embeddable":true,"href":"https:\/\/www.europesays.com\/fr\/wp-json\/wp\/v2\/comments?post=154977"}],"version-history":[{"count":0,"href":"https:\/\/www.europesays.com\/fr\/wp-json\/wp\/v2\/posts\/154977\/revisions"}],"wp:featuredmedia":[{"embeddable":true,"href":"https:\/\/www.europesays.com\/fr\/wp-json\/wp\/v2\/media\/154978"}],"wp:attachment":[{"href":"https:\/\/www.europesays.com\/fr\/wp-json\/wp\/v2\/media?parent=154977"}],"wp:term":[{"taxonomy":"category","embeddable":true,"href":"https:\/\/www.europesays.com\/fr\/wp-json\/wp\/v2\/categories?post=154977"},{"taxonomy":"post_tag","embeddable":true,"href":"https:\/\/www.europesays.com\/fr\/wp-json\/wp\/v2\/tags?post=154977"}],"curies":[{"name":"wp","href":"https:\/\/api.w.org\/{rel}","templated":true}]}}