{"id":154985,"date":"2025-06-05T22:05:13","date_gmt":"2025-06-05T22:05:13","guid":{"rendered":"https:\/\/www.europesays.com\/fr\/154985\/"},"modified":"2025-06-05T22:05:13","modified_gmt":"2025-06-05T22:05:13","slug":"aeroport-de-nantes-plusieurs-avions-detournes-en-raison-de-la-meteo-les-voyageurs-reachemines-par-bus-vers-bordeaux-et-tours","status":"publish","type":"post","link":"https:\/\/www.europesays.com\/fr\/154985\/","title":{"rendered":"A\u00e9roport de Nantes\u00a0: plusieurs avions d\u00e9tourn\u00e9s en raison de la m\u00e9t\u00e9o, les voyageurs r\u00e9achemin\u00e9s par bus\u2026 vers Bordeaux et Tours"},"content":{"rendered":"<p class=\"paragraph text_align_left\">De nombreux voyageurs dans la gal\u00e8re. Plusieurs vols en direction de Nantes ont \u00e9t\u00e9 d\u00e9tourn\u00e9s ce jeudi vers d\u2019autres a\u00e9roports en raison des mauvaises conditions m\u00e9t\u00e9orologiques, selon nos confr\u00e8res de <a href=\"https:\/\/www.ouest-france.fr\/economie\/transports\/avion\/en-raison-du-mauvais-temps-des-avions-en-direction-de-nantes-deroutes-vers-dautres-aeroports-e9f45a34-4209-11f0-b704-f7b46f41b8ae\" target=\"_self\" rel=\"nofollow noopener\">Ouest-France<\/a>.<\/p>\n<p class=\"paragraph text_align_left\">Les perturbations m\u00e9t\u00e9orologiques ont emp\u00each\u00e9 six pilotes d\u2019atterrir comme pr\u00e9vu \u00e0 l\u2019a\u00e9roport de Nantes Atlantiques. Les avions concern\u00e9s \u00e9taient en provenance de Casablanca, Monastir, Gen\u00e8ve, Marseille, Alicante et Lisbonne.<\/p>\n<p>Plusieurs avions retard\u00e9s<\/p>\n<p class=\"paragraph text_align_left\">Tous les vols ont ainsi \u00e9t\u00e9 d\u00e9rout\u00e9s vers Bordeaux, \u00e0 l\u2019exception de celui en provenance de Marseille, qui a atterri \u00e0 Tours. D\u2019apr\u00e8s <a href=\"https:\/\/www.francebleu.fr\/infos\/transports\/aeroport-de-nantes-plusieurs-avions-deroutes-en-raison-de-la-meteo-2121339\" target=\"_self\" rel=\"nofollow noopener\">Ici Loire Oc\u00e9an<\/a> (ex-France Bleu), qui a contact\u00e9 la direction de l\u2019a\u00e9roport, les passagers sont r\u00e9achemin\u00e9s \u00e0 Nantes par autocar.<\/p>\n<p class=\"paragraph text_align_left\">Les \u00e9quipes sont \u00ab\u00a0mobilis\u00e9es pour accompagner les voyageurs\u00a0\u00bb, pr\u00e9cise l\u2019a\u00e9roport. Sur <a href=\"https:\/\/www.nantes.aeroport.fr\/fr\/trouvez-votre-destination\/vols-en-arrivee\" target=\"_self\" rel=\"nofollow noopener\">le site de l\u2019a\u00e9roport<\/a>, la plupart des avions dont l\u2019atterrissage est pr\u00e9vu en fin de journ\u00e9e sont annonc\u00e9s comme retard\u00e9s, sans que l\u2019on sache s\u2019ils sont d\u00e9tourn\u00e9s. L\u2019a\u00e9roport Nantes Atlantique n\u2019a pas r\u00e9pondu \u00e0 nos sollicitations.<\/p>\n<p class=\"lp-card-podcast-highlighting__title  lp-f-subtitle-05\">L\u2019enl\u00e8vement d\u2019\u00c9ric Peugeot, 4\u00a0ans, contre 1\u00a0million d\u2019euros (2\/2)<\/p>\n<p class=\"lp-card-podcast-highlighting__description lp-f-ui-05\">Crime story raconte chaque semaine les grandes affaires criminelles.<\/p>\n<p><a class=\"lp-card-podcast-highlighting__call-to-action\" data-page-type=\"HP\" data-block-name=\"podcast-highlight\">\u00c9couter<\/a><\/p>\n","protected":false},"excerpt":{"rendered":"De nombreux voyageurs dans la gal\u00e8re. Plusieurs vols en direction de Nantes ont \u00e9t\u00e9 d\u00e9tourn\u00e9s ce jeudi vers&hellip;\n","protected":false},"author":2,"featured_media":154986,"comment_status":"","ping_status":"","sticky":false,"template":"","format":"standard","meta":{"footnotes":""},"categories":[2817],"tags":[1111,11,1997,459,1777,674,118,1011,27,12,2219,25],"class_list":{"0":"post-154985","1":"post","2":"type-post","3":"status-publish","4":"format-standard","5":"has-post-thumbnail","7":"category-bordeaux","8":"tag-actu","9":"tag-actualites","10":"tag-bordeaux","11":"tag-departements-horsidfo","12":"tag-eu","13":"tag-europe","14":"tag-faits-divers","15":"tag-fr","16":"tag-france","17":"tag-news","18":"tag-nouvelle-aquitaine","19":"tag-republique-francaise"},"share_on_mastodon":{"url":"https:\/\/pubeurope.com\/@fr\/114633029993637996","error":""},"_links":{"self":[{"href":"https:\/\/www.europesays.com\/fr\/wp-json\/wp\/v2\/posts\/154985","targetHints":{"allow":["GET"]}}],"collection":[{"href":"https:\/\/www.europesays.com\/fr\/wp-json\/wp\/v2\/posts"}],"about":[{"href":"https:\/\/www.europesays.com\/fr\/wp-json\/wp\/v2\/types\/post"}],"author":[{"embeddable":true,"href":"https:\/\/www.europesays.com\/fr\/wp-json\/wp\/v2\/users\/2"}],"replies":[{"embeddable":true,"href":"https:\/\/www.europesays.com\/fr\/wp-json\/wp\/v2\/comments?post=154985"}],"version-history":[{"count":0,"href":"https:\/\/www.europesays.com\/fr\/wp-json\/wp\/v2\/posts\/154985\/revisions"}],"wp:featuredmedia":[{"embeddable":true,"href":"https:\/\/www.europesays.com\/fr\/wp-json\/wp\/v2\/media\/154986"}],"wp:attachment":[{"href":"https:\/\/www.europesays.com\/fr\/wp-json\/wp\/v2\/media?parent=154985"}],"wp:term":[{"taxonomy":"category","embeddable":true,"href":"https:\/\/www.europesays.com\/fr\/wp-json\/wp\/v2\/categories?post=154985"},{"taxonomy":"post_tag","embeddable":true,"href":"https:\/\/www.europesays.com\/fr\/wp-json\/wp\/v2\/tags?post=154985"}],"curies":[{"name":"wp","href":"https:\/\/api.w.org\/{rel}","templated":true}]}}