{"id":154987,"date":"2025-06-05T22:06:14","date_gmt":"2025-06-05T22:06:14","guid":{"rendered":"https:\/\/www.europesays.com\/fr\/154987\/"},"modified":"2025-06-05T22:06:14","modified_gmt":"2025-06-05T22:06:14","slug":"ces-5-projets-primes-a-toulouse-font-la-difference","status":"publish","type":"post","link":"https:\/\/www.europesays.com\/fr\/154987\/","title":{"rendered":"ces 5 projets prim\u00e9s \u00e0 Toulouse font la diff\u00e9rence"},"content":{"rendered":"<p><strong>La Fondation O\u00efkos et le Journal Toulousain ont remis, mercredi 4 juin \u00e0 Toulouse, les Troph\u00e9es des solutions responsables 2025. Cinq laur\u00e9ats ont \u00e9t\u00e9 distingu\u00e9s parmi 17 finalistes pour leurs engagements en mati\u00e8re de responsabilit\u00e9 soci\u00e9tale des entreprises (RSE).<\/strong><\/p>\n<p><img fetchpriority=\"high\" decoding=\"async\" width=\"1200\" height=\"675\" src=\"https:\/\/www.europesays.com\/fr\/wp-content\/uploads\/2025\/06\/Trophee-des-solutions.jpg\" alt=\"Des initiatives RSE ont \u00e9t\u00e9 r\u00e9compens\u00e9es \u00e0 l'occasion du Troph\u00e9e des solutions responsables.\"  \/><\/p>\n<p>Cinq prix ont \u00e9t\u00e9 d\u00e9cern\u00e9s au cours de la soir\u00e9e pour r\u00e9compenser des initiatives en mati\u00e8re de RSE. \u00a9 Fondation O\u00efkos<\/p>\n<p>La c\u00e9r\u00e9monie de remise du <strong>Troph\u00e9e des solutions responsables 2025<\/strong> s\u2019est tenue le mercredi 4 juin au Lab\u2019O\u00efkos, \u00e0 Toulouse. Organis\u00e9 par la Fondation O\u00efkos et le Journal Toulousain, l\u2019\u00e9v\u00e9nement vise \u00e0 <a href=\"https:\/\/www.lejournaltoulousain.fr\/trophees-des-solutions\/rse-trophee-toulouse-320826\/\" data-type=\"post\" data-id=\"320826\" target=\"_blank\" rel=\"noopener\">valoriser les initiatives locales<\/a> en mati\u00e8re de responsabilit\u00e9 soci\u00e9tale des entreprises (RSE).<\/p>\n<p>Cinq laur\u00e9ats salu\u00e9s pour leur impact soci\u00e9tal et environnemental<\/p>\n<p>La c\u00e9r\u00e9monie a \u00e9t\u00e9 conduite par Guillaume Truilh\u00e9, directeur du Journal Toulousain, et R\u00e9mi Demersseman, pr\u00e9sident de la Fondation O\u00efkos. Chaque porteur de projet disposait de<strong> deux minutes pour \u201cpitcher\u201d leur initiative devant le jury<\/strong>. Les membres du jury ont ensuite pu d\u00e9lib\u00e9rer pour choisir les laur\u00e9ats.<\/p>\n<p>Cinq laur\u00e9ats ont \u00e9t\u00e9 distingu\u00e9s parmi <strong>17 finalistes<\/strong>, issus d\u2019une cinquantaine de candidatures. <strong>Le prix de la Performance globale a \u00e9t\u00e9 attribu\u00e9 \u00e0 Up4Her<\/strong>, une entreprise engag\u00e9e dans l\u2019insertion professionnelle de femmes victimes de violences.<\/p>\n<p><strong>Climat Local <\/strong>a re\u00e7u le prix de la Performance \u00e9conomique, <strong>L\u2019Art De Dire<\/strong> celui de la Performance soci\u00e9tale, <strong>DR Rubber<\/strong> a \u00e9t\u00e9 prim\u00e9 pour sa Performance environnementale, et <strong>Le Potager du CHU<\/strong> pour sa Performance sociale. Une mention sp\u00e9ciale a \u00e9t\u00e9 attribu\u00e9e \u00e0 <strong>Primum Non Nocere <\/strong>pour sa d\u00e9marche de gouvernance partag\u00e9e.<\/p>\n<p>Up4Her, laur\u00e9at du prix global du Troph\u00e9e des solutions responsables<\/p>\n<p><a href=\"https:\/\/up4her.com\/\" target=\"_blank\" rel=\"noreferrer noopener\">L\u2019entreprise Up4Her<\/a> a \u00e9t\u00e9 r\u00e9compens\u00e9e pour <strong>son mod\u00e8le innovant d\u2019\u00e9conomie circulaire et inclusive<\/strong>. Elle emploie des femmes victimes de violences en CDI, les forme selon leurs envies, et les int\u00e8gre \u00e0 des activit\u00e9s logistiques, administratives ou m\u00eame commerciales.<\/p>\n<p><strong>Son activit\u00e9 repose sur un service traiteur local<\/strong>, \u00e9v\u00e9nementiel et engag\u00e9, en lien avec un r\u00e9seau de productrices locales. Elle r\u00e9duit aussi son empreinte carbone via des livraisons optimis\u00e9es et la valorisation de produits issus de circuits courts.<\/p>\n<p>Une vari\u00e9t\u00e9 d\u2019initiatives RSE r\u00e9compens\u00e9es<\/p>\n<p>Les autres laur\u00e9ats t\u00e9moignent \u00e9galement d\u2019<strong>une forte implication locale<\/strong>. Climat Local favorise<strong> le d\u00e9veloppement de projets \u00e0 impact environnemental positif<\/strong>, en misant sur la formation et l\u2019inclusion.<\/p>\n<p>L\u2019Art De Dire <strong>d\u00e9mocratise l\u2019art oratoire <\/strong>\u00e0 travers des ateliers participatifs accessibles \u00e0 tous. DR Rubber<strong> valorise les pneumatiques usag\u00e9s<\/strong> en les reconditionnant, contribuant \u00e0 la r\u00e9duction des d\u00e9chets. \u00c0 l\u2019H\u00f4pital des Enfants du CHU de Toulouse, un potager a \u00e9t\u00e9 am\u00e9nag\u00e9 sur une terrasse inoccup\u00e9e pour <strong>ajouter de la gaiet\u00e9 au quotidien des patients et des soignants<\/strong>.<\/p>\n","protected":false},"excerpt":{"rendered":"La Fondation O\u00efkos et le Journal Toulousain ont remis, mercredi 4 juin \u00e0 Toulouse, les Troph\u00e9es des solutions&hellip;\n","protected":false},"author":2,"featured_media":154988,"comment_status":"","ping_status":"","sticky":false,"template":"","format":"standard","meta":{"footnotes":""},"categories":[2816],"tags":[1111,11,1777,674,1011,27,28501,12,2680,25,1932,2312,28500],"class_list":{"0":"post-154987","1":"post","2":"type-post","3":"status-publish","4":"format-standard","5":"has-post-thumbnail","7":"category-toulouse","8":"tag-actu","9":"tag-actualites","10":"tag-eu","11":"tag-europe","12":"tag-fr","13":"tag-france","14":"tag-inclusion-ces-5-projets-primu00e9s-u00e0-toulouse-font-la-diffu00e9rence","15":"tag-news","16":"tag-occitanie","17":"tag-republique-francaise","18":"tag-solidaritu00e9","19":"tag-toulouse","20":"tag-u00c9cologie"},"share_on_mastodon":{"url":"https:\/\/pubeurope.com\/@fr\/114633033911289469","error":""},"_links":{"self":[{"href":"https:\/\/www.europesays.com\/fr\/wp-json\/wp\/v2\/posts\/154987","targetHints":{"allow":["GET"]}}],"collection":[{"href":"https:\/\/www.europesays.com\/fr\/wp-json\/wp\/v2\/posts"}],"about":[{"href":"https:\/\/www.europesays.com\/fr\/wp-json\/wp\/v2\/types\/post"}],"author":[{"embeddable":true,"href":"https:\/\/www.europesays.com\/fr\/wp-json\/wp\/v2\/users\/2"}],"replies":[{"embeddable":true,"href":"https:\/\/www.europesays.com\/fr\/wp-json\/wp\/v2\/comments?post=154987"}],"version-history":[{"count":0,"href":"https:\/\/www.europesays.com\/fr\/wp-json\/wp\/v2\/posts\/154987\/revisions"}],"wp:featuredmedia":[{"embeddable":true,"href":"https:\/\/www.europesays.com\/fr\/wp-json\/wp\/v2\/media\/154988"}],"wp:attachment":[{"href":"https:\/\/www.europesays.com\/fr\/wp-json\/wp\/v2\/media?parent=154987"}],"wp:term":[{"taxonomy":"category","embeddable":true,"href":"https:\/\/www.europesays.com\/fr\/wp-json\/wp\/v2\/categories?post=154987"},{"taxonomy":"post_tag","embeddable":true,"href":"https:\/\/www.europesays.com\/fr\/wp-json\/wp\/v2\/tags?post=154987"}],"curies":[{"name":"wp","href":"https:\/\/api.w.org\/{rel}","templated":true}]}}