{"id":155007,"date":"2025-06-05T22:17:10","date_gmt":"2025-06-05T22:17:10","guid":{"rendered":"https:\/\/www.europesays.com\/fr\/155007\/"},"modified":"2025-06-05T22:17:10","modified_gmt":"2025-06-05T22:17:10","slug":"wolf-alice-a-paris-retour-fulgurant-en-toute-intimite-news-rockurlife","status":"publish","type":"post","link":"https:\/\/www.europesays.com\/fr\/155007\/","title":{"rendered":"Wolf Alice \u00e0 Paris : retour fulgurant en toute intimit\u00e9 ! &#8211; News &#8211; RockUrLife"},"content":{"rendered":"<p>Il aura suffi d\u2019un post de derni\u00e8re minute pour d\u00e9clencher l\u2019\u00e9meute : <strong>Wolf Alice<\/strong> annon\u00e7ait, \u00e0 la surprise g\u00e9n\u00e9rale, un concert parisien gratuit dans un arrondissement tenu secret jusqu\u2019au bout. En quelques minutes, les places s\u2019\u00e9vaporaient, laissant dans leur sillage un nuage de frustration\u2026 et une poign\u00e9e d\u2019\u00e9lus.<\/p>\n<p>Ce show exclusif s\u2019inscrivait dans une mini-tourn\u00e9e de warm-up amorc\u00e9e en <strong>Irlande<\/strong>, pr\u00e9lude \u00e0 la sortie du tr\u00e8s attendu quatri\u00e8me album, <strong>The Clearing<\/strong>, pr\u00e9vu pour le 29 ao\u00fbt. Et autant le dire : le quatuor londonien n\u2019a pas fait les choses \u00e0 moiti\u00e9.<\/p>\n<p>Dans une ambiance survolt\u00e9e mais toujours bienveillante, <strong>Ellie Rowsell<\/strong> et sa bande ont livr\u00e9 un set aussi intense que g\u00e9n\u00e9reux. Les classiques tels que \u201cDon\u2019t Delete The Kisses\u201d, \u201cBros\u201d ou \u201cSmile\u201d ont c\u00f4toy\u00e9 des morceaux plus rugueux \u00e0 l\u2019image de \u201cYuk Foo\u201d, hurl\u00e9 \u00e0 travers un m\u00e9gaphone, avec une sir\u00e8ne en intro pour faire monter la tension d\u2019un cran. Punk dans l\u2019attitude, furieusement libre dans l\u2019ex\u00e9cution.<\/p>\n<p>Mais le moment fort de la soir\u00e9e, c\u2019\u00e9tait l\u2019in\u00e9dit. Deux nouveaux morceaux ont fait leur apparition : le single incandescent \u201cBloom Baby Bloom\u201d, d\u00e9j\u00e0 clipp\u00e9 par <strong>Colin Solal Cardo<\/strong>, et surtout \u201cThe Sofa\u201d, d\u00e9voil\u00e9 pour la premi\u00e8re fois. Ballade douce-am\u00e8re qui viendra conclure le nouveau disque, ce titre voit <strong>Rowsell<\/strong> explorer les d\u00e9sillusions post-adolescence avec une pudeur d\u00e9sarmante. De quoi se perdre dans ses pens\u00e9es, affal\u00e9 sur un canap\u00e9, les yeux riv\u00e9s vers des lendemains incertains.<\/p>\n<p>Ce concert intimiste sonnait comme une d\u00e9claration d\u2019amour \u00e0 une fanbase de la premi\u00e8re heure, avant un saut dans le grand bain : tourn\u00e9e UK dans les ar\u00e9nas, passage par le <strong>Z\u00e9nith Paris \u2013 La Villette<\/strong> en novembre, et des dates d\u00e9j\u00e0 annonc\u00e9es \u00e0 <strong>Lyon<\/strong> et <strong>Toulouse<\/strong>. La jauge change, l\u2019intensit\u00e9 reste.<\/p>\n<p><img loading=\"lazy\" decoding=\"async\" width=\"1024\" height=\"576\" src=\"https:\/\/www.europesays.com\/fr\/wp-content\/uploads\/2025\/06\/497729484_1096098919216045_3284181645832748776_n-1024x576.jpg\" alt=\"\" class=\"wp-image-222955\"\/><\/p>\n<p>Avec <strong>The Clearing<\/strong>, <strong>Wolf Alice<\/strong> semble pr\u00eat \u00e0 embrasser une nouvelle \u00e8re, plus ambitieuse, plus audacieuse. Et \u00e0 en juger par ce set incandescent, l\u2019attente ne sera pas vaine.<\/p>\n","protected":false},"excerpt":{"rendered":"Il aura suffi d\u2019un post de derni\u00e8re minute pour d\u00e9clencher l\u2019\u00e9meute : Wolf Alice annon\u00e7ait, \u00e0 la surprise&hellip;\n","protected":false},"author":2,"featured_media":155008,"comment_status":"","ping_status":"","sticky":false,"template":"","format":"standard","meta":{"footnotes":""},"categories":[1888],"tags":[1111,1928,11,1927,1777,674,1011,27,12,1926,626,1925,25,7040,28504,28505,28506],"class_list":{"0":"post-155007","1":"post","2":"type-post","3":"status-publish","4":"format-standard","5":"has-post-thumbnail","7":"category-paris","8":"tag-actu","9":"tag-actu-paris","10":"tag-actualites","11":"tag-actualites-paris","12":"tag-eu","13":"tag-europe","14":"tag-fr","15":"tag-france","16":"tag-news","17":"tag-news-paris","18":"tag-paris","19":"tag-paris-news","20":"tag-republique-francaise","21":"tag-rock","22":"tag-rock-alternatif","23":"tag-wolf-alice","24":"tag-zenith-de-paris"},"share_on_mastodon":{"url":"https:\/\/pubeurope.com\/@fr\/114633077129167438","error":""},"_links":{"self":[{"href":"https:\/\/www.europesays.com\/fr\/wp-json\/wp\/v2\/posts\/155007","targetHints":{"allow":["GET"]}}],"collection":[{"href":"https:\/\/www.europesays.com\/fr\/wp-json\/wp\/v2\/posts"}],"about":[{"href":"https:\/\/www.europesays.com\/fr\/wp-json\/wp\/v2\/types\/post"}],"author":[{"embeddable":true,"href":"https:\/\/www.europesays.com\/fr\/wp-json\/wp\/v2\/users\/2"}],"replies":[{"embeddable":true,"href":"https:\/\/www.europesays.com\/fr\/wp-json\/wp\/v2\/comments?post=155007"}],"version-history":[{"count":0,"href":"https:\/\/www.europesays.com\/fr\/wp-json\/wp\/v2\/posts\/155007\/revisions"}],"wp:featuredmedia":[{"embeddable":true,"href":"https:\/\/www.europesays.com\/fr\/wp-json\/wp\/v2\/media\/155008"}],"wp:attachment":[{"href":"https:\/\/www.europesays.com\/fr\/wp-json\/wp\/v2\/media?parent=155007"}],"wp:term":[{"taxonomy":"category","embeddable":true,"href":"https:\/\/www.europesays.com\/fr\/wp-json\/wp\/v2\/categories?post=155007"},{"taxonomy":"post_tag","embeddable":true,"href":"https:\/\/www.europesays.com\/fr\/wp-json\/wp\/v2\/tags?post=155007"}],"curies":[{"name":"wp","href":"https:\/\/api.w.org\/{rel}","templated":true}]}}