{"id":155011,"date":"2025-06-05T22:19:17","date_gmt":"2025-06-05T22:19:17","guid":{"rendered":"https:\/\/www.europesays.com\/fr\/155011\/"},"modified":"2025-06-05T22:19:17","modified_gmt":"2025-06-05T22:19:17","slug":"art-paris-2026-annonce-son-programme","status":"publish","type":"post","link":"https:\/\/www.europesays.com\/fr\/155011\/","title":{"rendered":"Art Paris 2026 annonce son programme"},"content":{"rendered":"<p>Du 9 au 12 avril, <a href=\"https:\/\/www.artparis.com\/en\" target=\"_blank\" rel=\"noopener\">Art Paris<\/a> reviendra pour une 28e\u00a0\u00e9dition au Grand Palais. Deux th\u00e9matiques\u00a0guideront la foire, qui poursuit son ambition de foire locale au regard international. C\u00f4t\u00e9 soutien de la sc\u00e8ne fran\u00e7aise, la proposition curatoriale de\u00a0Lo\u00efc Le Gall (directeur de Passerelle\u00a0Centre d\u2019art contemporain \u00e0 Brest) proposera une observation du syst\u00e8me de l&rsquo;art contemporain en France.\u00a0Intitul\u00e9\u00a0\u00ab Babel \u2013 Art et langage en France \u00bb, le parcours d&rsquo;une vingtaine d\u2019artistes, s\u00e9lectionn\u00e9s par le curateur parmi les 170 galeries participantes,\u00a0placera\u2026<\/p>\n","protected":false},"excerpt":{"rendered":"Du 9 au 12 avril, Art Paris reviendra pour une 28e\u00a0\u00e9dition au Grand Palais. Deux th\u00e9matiques\u00a0guideront la foire,&hellip;\n","protected":false},"author":2,"featured_media":155012,"comment_status":"","ping_status":"","sticky":false,"template":"","format":"standard","meta":{"footnotes":""},"categories":[1888],"tags":[11,28507,1777,674,1011,27,28508,12,626,25],"class_list":{"0":"post-155011","1":"post","2":"type-post","3":"status-publish","4":"format-standard","5":"has-post-thumbnail","7":"category-paris","8":"tag-actualites","9":"tag-art-paris","10":"tag-eu","11":"tag-europe","12":"tag-fr","13":"tag-france","14":"tag-guillaume-piens","15":"tag-news","16":"tag-paris","17":"tag-republique-francaise"},"share_on_mastodon":{"url":"https:\/\/pubeurope.com\/@fr\/114633085000975332","error":""},"_links":{"self":[{"href":"https:\/\/www.europesays.com\/fr\/wp-json\/wp\/v2\/posts\/155011","targetHints":{"allow":["GET"]}}],"collection":[{"href":"https:\/\/www.europesays.com\/fr\/wp-json\/wp\/v2\/posts"}],"about":[{"href":"https:\/\/www.europesays.com\/fr\/wp-json\/wp\/v2\/types\/post"}],"author":[{"embeddable":true,"href":"https:\/\/www.europesays.com\/fr\/wp-json\/wp\/v2\/users\/2"}],"replies":[{"embeddable":true,"href":"https:\/\/www.europesays.com\/fr\/wp-json\/wp\/v2\/comments?post=155011"}],"version-history":[{"count":0,"href":"https:\/\/www.europesays.com\/fr\/wp-json\/wp\/v2\/posts\/155011\/revisions"}],"wp:featuredmedia":[{"embeddable":true,"href":"https:\/\/www.europesays.com\/fr\/wp-json\/wp\/v2\/media\/155012"}],"wp:attachment":[{"href":"https:\/\/www.europesays.com\/fr\/wp-json\/wp\/v2\/media?parent=155011"}],"wp:term":[{"taxonomy":"category","embeddable":true,"href":"https:\/\/www.europesays.com\/fr\/wp-json\/wp\/v2\/categories?post=155011"},{"taxonomy":"post_tag","embeddable":true,"href":"https:\/\/www.europesays.com\/fr\/wp-json\/wp\/v2\/tags?post=155011"}],"curies":[{"name":"wp","href":"https:\/\/api.w.org\/{rel}","templated":true}]}}