{"id":15502,"date":"2025-04-10T17:26:11","date_gmt":"2025-04-10T17:26:11","guid":{"rendered":"https:\/\/www.europesays.com\/fr\/15502\/"},"modified":"2025-04-10T17:26:11","modified_gmt":"2025-04-10T17:26:11","slug":"en-concert-improvise-devant-notre-dame-de-paris-vianney-cree-une-emeute-avant-detre-arrete-pour-trouble-de-lordre-public","status":"publish","type":"post","link":"https:\/\/www.europesays.com\/fr\/15502\/","title":{"rendered":"En concert improvis\u00e9 devant Notre-Dame de Paris, Vianney cr\u00e9e une \u00e9meute\u2026 avant d&rsquo;\u00eatre arr\u00eat\u00e9 pour trouble de l&rsquo;ordre public\u00a0!"},"content":{"rendered":"<p class=\"ap-StoryElement ap-StoryElement--mb ap-StoryText\">Tel un simple artiste de rue, seul avec sa voix et sa guitare, Vianney a donn\u00e9 un live improvis\u00e9 face \u00e0 la cath\u00e9drale Notre-Dame de Paris. Le chanteur avait juste pr\u00e9venu ses abonn\u00e9s sur les r\u00e9seaux sociaux, en d\u00e9voilant quelques indices.<\/p>\n<p class=\"ap-StoryElement ap-StoryElement--mb ap-StoryText\">Sans service de s\u00e9curit\u00e9, Vianney a \u00e9t\u00e9 victime de son succ\u00e8s. Le concert s&rsquo;est transform\u00e9 en bain de foule incontr\u00f4lable. Le chanteur a donc d\u00fb interrompre sa prestation et plier bagage par mesures de s\u00e9curit\u00e9. \u00ab\u00a0Il a d\u00fb arr\u00eater plus vite que pr\u00e9vu car il y avait tellement de monde que \u00e7a a fait un d\u00e9sordre public\u00a0\u00bb, a ainsi comment\u00e9 le c\u00e9l\u00e8bre blogueur Aqababe pr\u00e9sent sur place. \u00ab\u00a0Il ne s&rsquo;attendait pas du tout \u00e0 ce qu&rsquo;on soit autant.\u00a0\u00bb<\/p>\n","protected":false},"excerpt":{"rendered":"Tel un simple artiste de rue, seul avec sa voix et sa guitare, Vianney a donn\u00e9 un live&hellip;\n","protected":false},"author":2,"featured_media":15503,"comment_status":"","ping_status":"","sticky":false,"template":"","format":"standard","meta":{"footnotes":""},"categories":[1359],"tags":[6516,58,59,1011,27,1227,973],"class_list":{"0":"post-15502","1":"post","2":"type-post","3":"status-publish","4":"format-standard","5":"has-post-thumbnail","7":"category-people","8":"tag-award","9":"tag-divertissement","10":"tag-entertainment","11":"tag-fr","12":"tag-france","13":"tag-horizontal","14":"tag-people"},"share_on_mastodon":{"url":"https:\/\/pubeurope.com\/@fr\/114314843481667192","error":""},"_links":{"self":[{"href":"https:\/\/www.europesays.com\/fr\/wp-json\/wp\/v2\/posts\/15502","targetHints":{"allow":["GET"]}}],"collection":[{"href":"https:\/\/www.europesays.com\/fr\/wp-json\/wp\/v2\/posts"}],"about":[{"href":"https:\/\/www.europesays.com\/fr\/wp-json\/wp\/v2\/types\/post"}],"author":[{"embeddable":true,"href":"https:\/\/www.europesays.com\/fr\/wp-json\/wp\/v2\/users\/2"}],"replies":[{"embeddable":true,"href":"https:\/\/www.europesays.com\/fr\/wp-json\/wp\/v2\/comments?post=15502"}],"version-history":[{"count":0,"href":"https:\/\/www.europesays.com\/fr\/wp-json\/wp\/v2\/posts\/15502\/revisions"}],"wp:featuredmedia":[{"embeddable":true,"href":"https:\/\/www.europesays.com\/fr\/wp-json\/wp\/v2\/media\/15503"}],"wp:attachment":[{"href":"https:\/\/www.europesays.com\/fr\/wp-json\/wp\/v2\/media?parent=15502"}],"wp:term":[{"taxonomy":"category","embeddable":true,"href":"https:\/\/www.europesays.com\/fr\/wp-json\/wp\/v2\/categories?post=15502"},{"taxonomy":"post_tag","embeddable":true,"href":"https:\/\/www.europesays.com\/fr\/wp-json\/wp\/v2\/tags?post=15502"}],"curies":[{"name":"wp","href":"https:\/\/api.w.org\/{rel}","templated":true}]}}