{"id":155021,"date":"2025-06-05T22:24:10","date_gmt":"2025-06-05T22:24:10","guid":{"rendered":"https:\/\/www.europesays.com\/fr\/155021\/"},"modified":"2025-06-05T22:24:10","modified_gmt":"2025-06-05T22:24:10","slug":"allemagne-atterrissage-durgence-pour-ryanair","status":"publish","type":"post","link":"https:\/\/www.europesays.com\/fr\/155021\/","title":{"rendered":"Allemagne: atterrissage d\u2019urgence pour Ryanair"},"content":{"rendered":"<p>La temp\u00eate qui a frapp\u00e9 le sud de l\u2019Allemagne a fortement secou\u00e9 un avion de ligne de Ryanair. Apr\u00e8s avoir rencontr\u00e9 des turbulences, l\u2019avion a d\u00fb effectuer un atterrissage d\u2019urgence \u00e0 Memmingen. Neuf personnes \u00e0 bord ont \u00e9t\u00e9 bless\u00e9es.<\/p>\n<p>Conditions m\u00e9t\u00e9orologiques extr\u00eames<\/p>\n<p>L\u2019appareil, un vol commercial de <a href=\"https:\/\/www.ryanair.com\/ma\/fr\" target=\"_blank\" rel=\"noopener nofollow\">Ryanair<\/a> reliant Berlin \u00e0 Milan, transportait 185 personnes au total. Il a \u00e9t\u00e9 forc\u00e9 de se d\u00e9router en raison de fortes turbulences survenues en vol. Ce sont ces conditions m\u00e9t\u00e9orologiques extr\u00eames qui ont conduit le commandant de bord \u00e0 prendre la d\u00e9cision d\u2019atterrir en urgence.<\/p>\n<p>Plusieurs personnes ont \u00e9t\u00e9 bless\u00e9es et des secours ont \u00e9t\u00e9 d\u00e9ploy\u00e9s \u00e0 l\u2019a\u00e9roport de Memmingen, en Bavi\u00e8re<\/p>\n<p>Selon un porte-parole de la police, neuf personnes ont \u00e9t\u00e9 bless\u00e9es, dont deux ont \u00e9t\u00e9 transport\u00e9es \u00e0 l\u2019h\u00f4pital. Une femme a subi une lac\u00e9ration \u00e0 la t\u00eate.\u00a0Le journal \u00ab <a href=\"https:\/\/www.bild.de\/news\/unwetter-ueber-bayern-passagiere-in-ryanair-flieger-gegen-decke-geschleudert-6840a000aa73f9231651482f\" target=\"_blank\" rel=\"noopener nofollow\">Bild<\/a> \u00bb a rapport\u00e9 que certains passagers avaient \u00e9t\u00e9 projet\u00e9s au plafond de la cabine. Le journal a cit\u00e9 l\u2019un d\u2019eux : \u00ab Je n\u2019avais jamais eu peur auparavant, mais \u00e0 ce moment-l\u00e0, j\u2019ai cru que l\u2019avion allait se briser ou se retourner. \u00bb Plusieurs passagers ne portaient pas de ceinture de s\u00e9curit\u00e9 au moment des turbulences.<\/p>\n","protected":false},"excerpt":{"rendered":"La temp\u00eate qui a frapp\u00e9 le sud de l\u2019Allemagne a fortement secou\u00e9 un avion de ligne de Ryanair.&hellip;\n","protected":false},"author":2,"featured_media":155022,"comment_status":"","ping_status":"","sticky":false,"template":"","format":"standard","meta":{"footnotes":""},"categories":[1587],"tags":[11,672,28509,28510,1804,28511,1805,1803,1777,674,1801,28512,12,1802,8683],"class_list":{"0":"post-155021","1":"post","2":"type-post","3":"status-publish","4":"format-standard","5":"has-post-thumbnail","7":"category-allemagne","8":"tag-actualites","9":"tag-allemagne","10":"tag-atterrissage-durgence","11":"tag-baviere","12":"tag-bundesrepublik-deutschland","13":"tag-conditions-meteo-extremes-en-europe","14":"tag-de","15":"tag-deutschland","16":"tag-eu","17":"tag-europe","18":"tag-germany","19":"tag-memmingen","20":"tag-news","21":"tag-republique-federale-dallemagne","22":"tag-ryanair"},"share_on_mastodon":{"url":"https:\/\/pubeurope.com\/@fr\/114633105007468831","error":""},"_links":{"self":[{"href":"https:\/\/www.europesays.com\/fr\/wp-json\/wp\/v2\/posts\/155021","targetHints":{"allow":["GET"]}}],"collection":[{"href":"https:\/\/www.europesays.com\/fr\/wp-json\/wp\/v2\/posts"}],"about":[{"href":"https:\/\/www.europesays.com\/fr\/wp-json\/wp\/v2\/types\/post"}],"author":[{"embeddable":true,"href":"https:\/\/www.europesays.com\/fr\/wp-json\/wp\/v2\/users\/2"}],"replies":[{"embeddable":true,"href":"https:\/\/www.europesays.com\/fr\/wp-json\/wp\/v2\/comments?post=155021"}],"version-history":[{"count":0,"href":"https:\/\/www.europesays.com\/fr\/wp-json\/wp\/v2\/posts\/155021\/revisions"}],"wp:featuredmedia":[{"embeddable":true,"href":"https:\/\/www.europesays.com\/fr\/wp-json\/wp\/v2\/media\/155022"}],"wp:attachment":[{"href":"https:\/\/www.europesays.com\/fr\/wp-json\/wp\/v2\/media?parent=155021"}],"wp:term":[{"taxonomy":"category","embeddable":true,"href":"https:\/\/www.europesays.com\/fr\/wp-json\/wp\/v2\/categories?post=155021"},{"taxonomy":"post_tag","embeddable":true,"href":"https:\/\/www.europesays.com\/fr\/wp-json\/wp\/v2\/tags?post=155021"}],"curies":[{"name":"wp","href":"https:\/\/api.w.org\/{rel}","templated":true}]}}