{"id":155031,"date":"2025-06-05T22:29:27","date_gmt":"2025-06-05T22:29:27","guid":{"rendered":"https:\/\/www.europesays.com\/fr\/155031\/"},"modified":"2025-06-05T22:29:27","modified_gmt":"2025-06-05T22:29:27","slug":"espagne-france-au-terme-dun-match-spectaculaire-les-bleus-prives-de-finale-de-ligue-des-nations","status":"publish","type":"post","link":"https:\/\/www.europesays.com\/fr\/155031\/","title":{"rendered":"Espagne-France : au terme d&rsquo;un match spectaculaire, les Bleus priv\u00e9s de finale de Ligue des nations"},"content":{"rendered":"<ul class=\"jsx-862013697 ArticleChapo__List\">\n<li class=\"jsx-862013697 ArticleChapo__List_Item flex\">L&rsquo;\u00e9quipe de France affrontait ce jeudi l&rsquo;Espagne en demi-finale de Ligue des nations, \u00e0 Stuttgart (Allemagne).<\/li>\n<li class=\"jsx-862013697 ArticleChapo__List_Item flex\">La \u00ab\u00a0Roja\u00a0\u00bb l&rsquo;a emport\u00e9 (5-4) et affrontera le Portugal en finale, dimanche.<\/li>\n<li class=\"jsx-862013697 ArticleChapo__List_Item flex\">Les Bleus, eux, tenteront de se consoler face \u00e0 l&rsquo;Allemagne lors du match pour la troisi\u00e8me place.<\/li>\n<\/ul>\n<p data-module=\"article-paragraph\" class=\"jsx-3046738180 Paragraph Paragraph__End\">La meilleure d\u00e9fense, c&rsquo;est l&rsquo;attaque. Et \u00e0 ce jeu, c&rsquo;est bien l&rsquo;Espagne la plus forte. Au terme d&rsquo;une rencontre spectaculaire, la Roja a d\u00e9croch\u00e9 sa place en finale de Ligue des nations, ce jeudi 5 juin, aux d\u00e9pens d&rsquo;une \u00e9quipe de France aussi s\u00e9duisante offensivement qu&rsquo;inqui\u00e9tante d\u00e9fensivement. Les Bleus, qui ont \u00e9t\u00e9 men\u00e9s de quatre buts, conc\u00e8dent finalement une d\u00e9faite frustrante (5-4). Et largement \u00e9vitable.<\/p>\n<p data-module=\"article-paragraph\" class=\"jsx-3046738180 Paragraph Paragraph__End\">Ils ont pourtant longtemps cru bousculer les Espagnols, <a href=\"https:\/\/www.tf1info.fr\/euro\/football-euro-2024-espagne-france-en-direct-video-streaming-tf1-la-roja-ou-les-bleus-choc-pour-une-place-en-finale-2307599.html\" target=\"_blank\" rel=\"noopener\">un an apr\u00e8s avoir \u00e9t\u00e9 largement domin\u00e9s<\/a> par cette m\u00eame Roja en demi-finale de l&rsquo;Euro. En 90 minutes, les hommes de <a href=\"https:\/\/www.tf1info.fr\/sport\/video-formidable-pour-le-foot-francais-selectionneur-bleus-didier-deschamps-reagit-dans-telefoot-au-sacre-europeen-du-psg-paris-saint-germain-inter-milan-ligue-des-champions-2374278.html\" target=\"_blank\" rel=\"noopener\">Didier Deschamps<\/a> ont frapp\u00e9 26 fois &#8211; presque deux fois plus que l&rsquo;Espagne -, r\u00e9ussi 471 passes &#8211; pr\u00e8s de 150 de plus que l&rsquo;Espagne -, et tenu plus le ballon (53%) que leurs adversaires, habituellement rois de la possession. Mais cela n&rsquo;a pas suffi.<\/p>\n<p>Une d\u00e9fense d\u00e9pass\u00e9e&#8230;<\/p>\n<p data-module=\"article-paragraph\" class=\"jsx-3046738180 Paragraph Paragraph__End\">En cause ? Un secteur d\u00e9fensif d\u00e9pass\u00e9. Certes, la configuration \u00e9tait particuli\u00e8rement in\u00e9dite : Cl\u00e9ment Lenglet jouait son premier match en Bleu depuis pr\u00e8s de quatre ans, Pierre Kalulu son premier tout court, et Th\u00e9o Hernandez sort d&rsquo;une saison compliqu\u00e9e \u00e0 Milan. Face \u00e0 la vitesse et <a href=\"https:\/\/www.tf1info.fr\/sport\/football-jouons-le-ballon-d-or-jeudi-lamine-yamal-met-au-defi-ousmane-dembele-avant-espagne-france-2374625.html\" target=\"_blank\" rel=\"noopener\">au talent de Lamine Yamal<\/a> (54&prime;, 67&prime;) et Nico Williams (22&prime;), la d\u00e9fense a explos\u00e9, y compris face \u00e0 Merino (25&prime;) et Pedri (55&prime;). \u00ab\u00a0On a eu dix minutes de trou d&rsquo;air en premi\u00e8re p\u00e9riode, on a pris deux buts ; dix minutes de trou d&rsquo;air en deuxi\u00e8me p\u00e9riode, on a pris deux buts\u00a0\u00bb, a pest\u00e9 Kylian Mbapp\u00e9 \u00e0 l&rsquo;issue de la rencontre sur TF1. \u00ab\u00a0Il n&rsquo;y a pas que du n\u00e9gatif ce soir, mais on a les boules.\u00a0\u00bb<\/p>\n<p data-module=\"article-paragraph\" class=\"jsx-3046738180 Paragraph Paragraph__End\">Pas que du n\u00e9gatif, car offensivement, la soir\u00e9e a \u00e9t\u00e9 bien plus positive. Plusieurs fois, Th\u00e9o Hernandez, Ousmane Demb\u00e9l\u00e9 et D\u00e9sir\u00e9 Dou\u00e9 ont cru pouvoir d\u00e9bloquer le compteur tricolore, mais le portier espagnol Unai Simon a peut-\u00eatre \u00e9t\u00e9 le meilleur joueur d&rsquo;une \u00e9quipe qui a pourtant mis cinq buts. C&rsquo;est au retour des vestiaires que les filets ont enfin trembl\u00e9. <a href=\"https:\/\/www.tf1info.fr\/actualite\/fiche-joueur-kylian-mbappe-11796\/\" target=\"_blank\" rel=\"noopener\">Kylian Mbapp\u00e9<\/a> a inscrit, sur penalty, son premier but en \u00e9quipe de France depuis pr\u00e8s d&rsquo;un an (59&prime;).<\/p>\n<p>&#8230;et un Cherki \u00e9patant<\/p>\n<p data-module=\"article-paragraph\" class=\"jsx-3046738180 Paragraph\">Puis Rayan Cherki est entr\u00e9 en jeu. Le Lyonnais, <a href=\"https:\/\/www.tf1info.fr\/sport\/football-ligue-des-nations-rayan-cherki-appele-en-equipe-de-france-pourquoi-il-deboule-maintenant-chez-les-bleus-algerie-2372239.html\" target=\"_blank\" rel=\"noopener\">qui f\u00eatait sa premi\u00e8re s\u00e9lection (nouvelle fen\u00eatre)<\/a>, a d&rsquo;abord inscrit un but venu d&rsquo;ailleurs (79&prime;, voir vid\u00e9o ci-dessous), d\u00e9cal\u00e9 Malo Gusto pour un centre fort \u00e0 l&rsquo;origine du contre-son-camp de Vivian (84&prime;), avant de servir Randal Kolo Muani pour le but de l&rsquo;espoir (90&rsquo;+4).<\/p>\n<p data-module=\"article-paragraph\" class=\"jsx-3046738180 Paragraph Paragraph__End\">\u00c0 21 ans, il est devenu le premier joueur \u00e0 marquer et d\u00e9livrer une passe d\u00e9cisive pour sa premi\u00e8re s\u00e9lection depuis Marvin Martin en 2011, rapporte <a href=\"https:\/\/x.com\/OptaJean\/status\/1930737821259846054\" target=\"_blank\">Opta (nouvelle fen\u00eatre)<\/a>. Pas de quoi lui donner le sourire. \u00ab\u00a0Le plan individuel, on s&rsquo;en fout un peu\u00a0\u00bb, a-t-il temp\u00e9r\u00e9 sur TF1. \u00ab\u00a0Nous sommes d\u00e9\u00e7us, j&rsquo;aurais pr\u00e9f\u00e9r\u00e9 qu&rsquo;on marque ce cinqui\u00e8me but.\u00a0\u00bb<\/p>\n<p>Espagne &#8211; France : voir le sublime but Rayan CherkiSource : Football &#8211; Matchs Equipe de France<\/p>\n<p><img decoding=\"async\" src=\"https:\/\/photos.tf1info.fr\/images\/383\/215\/espagne-france-voir-le-sublime-but-rayan-cherki-c55181-9320a0-0@1x.jpeg\" alt=\"Espagne - France : voir le sublime but Rayan Cherki\" loading=\"lazy\" importance=\"low\" fetchpriority=\"low\" class=\"\"\/><img decoding=\"async\" src=\"https:\/\/www.europesays.com\/fr\/wp-content\/uploads\/2025\/04\/player-logo-play.svg.svg+xml\" alt=\"Logo lecture\" class=\"jsx-d0de44c05fe3042c PlayerLazyload__Play\"\/><\/p>\n<p data-module=\"article-paragraph\" class=\"jsx-3046738180 Paragraph\">Car la r\u00e9alit\u00e9 est l\u00e0 : c&rsquo;est bien l&rsquo;Espagne qui se qualifie en finale et va tenter de conserver son troph\u00e9e obtenu en 2023. Ce sera ce dimanche 8 juin, face au Portugal, <a href=\"https:\/\/www.tf1info.fr\/sport\/football-allemagne-portugal-en-direct-video-tf1-qui-va-decrocher-le-premier-ticket-pour-la-finale-ligue-des-nations-avant-espagne-france-2374844.html\" target=\"_blank\" rel=\"noopener\">tombeur la veille de l&rsquo;Allemagne (nouvelle fen\u00eatre)<\/a> (21h en direct sur TF1, <a href=\"https:\/\/www.tf1.fr\/\" target=\"_blank\" rel=\"noopener\">en streaming sur TF1+ (nouvelle fen\u00eatre)<\/a> et en live comment\u00e9 sur TF1info).<\/p>\n<p data-module=\"article-paragraph\" class=\"jsx-3046738180 Paragraph Paragraph__End\">Les Bleus, eux, tenteront de se consoler quelques heures plus t\u00f4t lors du match pour la troisi\u00e8me place face aux Allemands (15h en direct sur TF1, en streaming sur TF1+ et en live comment\u00e9 sur TF1info). \u00ab\u00a0Nous avons un long chemin jusqu&rsquo;\u00e0 la Coupe du monde\u00a0\u00bb, a rappel\u00e9 Kylian Mbapp\u00e9. L&rsquo;Allemagne est le dernier adversaire pour se tester, avant le d\u00e9but des \u00e9liminatoires en septembre.<\/p>\n<p><img decoding=\"async\" src=\"https:\/\/www.europesays.com\/fr\/wp-content\/uploads\/2025\/06\/ligue-des-nations-illustration-7394c1-0@1x.jpeg\" alt=\"Fabrice COFFRINI \/ AFP\" loading=\"lazy\" importance=\"low\" fetchpriority=\"low\" class=\"\"\/>TERMIN\u00c9<\/p>\n<p class=\"jsx-1738046559 ScoreBoard__SubTitle\">Demi-finale &#8211; Ligue des nations<\/p>\n<p class=\"jsx-1738046559 ScoreBoard__SubTitle\">Le 5 juin 2025 , MHPArena, \u00e0 Stuttgart (Allemagne)<\/p>\n<p class=\"jsx-1738046559 ScoreBoard__Teams__NameA\">Espagne<\/p>\n<p class=\"jsx-1738046559 ScoreBoard__Teams__NameB\">France<\/p>\n<p><img decoding=\"async\" src=\"https:\/\/www.europesays.com\/fr\/wp-content\/uploads\/2025\/06\/logo-espagne-ok-e8cb7e-0@1x.png\" alt=\"\" loading=\"eager\" importance=\"low\" fetchpriority=\"low\" class=\"\"\/><\/p>\n<p>5 &#8211; 4<\/p>\n<p><img decoding=\"async\" src=\"https:\/\/www.europesays.com\/fr\/wp-content\/uploads\/2025\/06\/logo-france-2-2024-5d2d69-2@1x.png\" alt=\"\" loading=\"eager\" importance=\"low\" fetchpriority=\"low\" class=\"\"\/><\/p>\n<ul class=\"jsx-1738046559 ScoreBoard__Teams__ScoresA\">\n<li class=\"jsx-1738046559\">N. Williams 22&prime;<\/li>\n<li class=\"jsx-1738046559\">M. Merino 25&prime;<\/li>\n<li class=\"jsx-1738046559\">L. Yamal (pen.) 54&prime;<\/li>\n<li class=\"jsx-1738046559\">Pedri 55&prime;<\/li>\n<li class=\"jsx-1738046559\">L. Yamal 67&prime;<\/li>\n<\/ul>\n<ul class=\"jsx-1738046559 ScoreBoard__Teams__ScoresB\">\n<li class=\"jsx-1738046559\">K. Mbapp\u00e9 (pen.) 59&prime;<\/li>\n<li class=\"jsx-1738046559\">R. Cherki 79&prime;<\/li>\n<li class=\"jsx-1738046559\">Vivian (csc) 84&prime;<\/li>\n<li class=\"jsx-1738046559\">R. Kolo Muani 90+4&prime;<\/li>\n<\/ul>\n<p>Par Actions<\/p>\n<p>Fin du matchCarton jauneButReplayStatistiquesChangementPenaltyRepriseMi-tempsCoup d&rsquo;envoi<\/p>\n<p>Valider les filtresR\u00e9initialiser les filtres<\/p>\n<p>Minute par minuteFiltrer par Sports et ActionsFiltrer23:27<br class=\"jsx-494582681\"\/> 5 juin 2025<\/p>\n<p>Ce live est \u00e0 pr\u00e9sent termin\u00e9.\u00a0<\/p>\n<p>Suivez nos directs du moment :22:56<br class=\"jsx-494582681\"\/> 5 juin 2025<\/p>\n<p><strong>C&rsquo;est termin\u00e9 \u00e0 Stuttgart ! Les Bleus y auront cru, mais s&rsquo;inclinent en demi-finale au terme d&rsquo;un match spectaculaire (5-4). L&rsquo;Espagne affrontera le Portugal en finale, la France rencontrera l&rsquo;Allemagne pour la troisi\u00e8me place. Deux matchs \u00e0 suivre ce dimanche 8 juin sur TF1 et TF1+.<\/strong><\/p>\n<p>22:54<br class=\"jsx-494582681\"\/> 5 juin 202590&rsquo;+6<\/p>\n<p>Unai Simon capte l&rsquo;ultime coup franc fran\u00e7ais&#8230;<\/p>\n<p>22:53<br class=\"jsx-494582681\"\/> 5 juin 202590&rsquo;+5<\/p>\n<p>Il reste 15 secondes \u00e0 jouer : la balle pour les Bleus.<\/p>\n<p>22:52<br class=\"jsx-494582681\"\/> 5 juin 202590&rsquo;+4<\/p>\n<p><strong>BUUUUUUUUT POUR LA FRANCE !!! La passe d\u00e9cisive de Rayan Cherki pour Randal Kolo Muani. Il y aura peut-\u00eatre une \u00ab\u00a0remontada\u00a0\u00bb pour les Bleus ! 5-4, il reste une minute !<\/strong><\/p>\n<p>22:51<br class=\"jsx-494582681\"\/> 5 juin 2025<\/p>\n<p>Son contre-son-camp avait redonn\u00e9 de l&rsquo;espoir aux Bleus : revivez le but du 5-3.<\/p>\n<p>Espagne &#8211; France : voir le but contre son camp de Dani VivianSource : Football &#8211; Matchs Equipe de France<\/p>\n<p><img decoding=\"async\" src=\"https:\/\/photos.tf1info.fr\/images\/383\/215\/espagne-france-voir-le-but-contre-son-camp-de-dani-vivian-67dc2a-c59c43-0@1x.jpeg\" alt=\"Espagne - France : voir le but contre son camp de Dani Vivian\" loading=\"lazy\" importance=\"low\" fetchpriority=\"low\" class=\"\"\/><img decoding=\"async\" src=\"https:\/\/www.europesays.com\/fr\/wp-content\/uploads\/2025\/04\/player-logo-play.svg.svg+xml\" alt=\"Logo lecture\" class=\"jsx-d0de44c05fe3042c PlayerLazyload__Play\"\/>22:51<br class=\"jsx-494582681\"\/> 5 juin 202590&rsquo;+2<\/p>\n<p>La t\u00eate de Barcola passe largement \u00e0 c\u00f4t\u00e9 des cages d&rsquo;Unai Simon. Il n&rsquo;y aura pas de \u00ab\u00a0remontada\u00a0\u00bb pour les Bleus&#8230;<\/p>\n<p>22:49<br class=\"jsx-494582681\"\/> 5 juin 202590&prime;<\/p>\n<p>\u231a Cinq minutes de temps additionnel dans cette seconde p\u00e9riode. Et deux buts \u00e0 inscrire pour les Bleus&#8230; L&rsquo;Espagne l&rsquo;a fait deux fois dans ce match.<\/p>\n<p>22:48<br class=\"jsx-494582681\"\/> 5 juin 202590&prime;<\/p>\n<p>Le coup franc tricolore ne donne rien.<\/p>\n<p>22:47<br class=\"jsx-494582681\"\/> 5 juin 202589&prime;<\/p>\n<p>Faute sur Adrien Rabiot, coup franc pour les Bleus. Et si ?<\/p>\n<p>22:46<br class=\"jsx-494582681\"\/> 5 juin 202588&prime;<\/p>\n<p><strong>Randal Kolo Muani au-dessus ! <\/strong>Quel dommage, Bradley Barcola avait d\u00e9pos\u00e9 la d\u00e9fense espagnole.<\/p>\n<p>22:45<br class=\"jsx-494582681\"\/> 5 juin 2025<\/p>\n<p>Rayan Cherki a f\u00eat\u00e9 sa premi\u00e8re s\u00e9lection avec une sublime reprise de vol\u00e9e. Revivez le but du meneur de l&rsquo;OL en vid\u00e9o.<\/p>\n<p>Espagne &#8211; France : voir le sublime but Rayan CherkiSource : Football &#8211; Matchs Equipe de France<\/p>\n<p><img decoding=\"async\" src=\"https:\/\/photos.tf1info.fr\/images\/383\/215\/espagne-france-voir-le-sublime-but-rayan-cherki-c55181-9320a0-0@1x.jpeg\" alt=\"Espagne - France : voir le sublime but Rayan Cherki\" loading=\"lazy\" importance=\"low\" fetchpriority=\"low\" class=\"\"\/><img decoding=\"async\" src=\"https:\/\/www.europesays.com\/fr\/wp-content\/uploads\/2025\/04\/player-logo-play.svg.svg+xml\" alt=\"Logo lecture\" class=\"jsx-d0de44c05fe3042c PlayerLazyload__Play\"\/>22:44<br class=\"jsx-494582681\"\/> 5 juin 202586&prime;<\/p>\n<p><strong>La parade de Mike Maignan ! <\/strong>Samu n&rsquo;\u00e9tait pas si loin d&rsquo;inscrire le 6e but espagnol&#8230;<\/p>\n<p>22:42<br class=\"jsx-494582681\"\/> 5 juin 202584&prime;<\/p>\n<p><strong>BUUUUUUUUUUT POUR LA FRANCE !!! Rayan Cherki d\u00e9cale Malo Gusto, qui centre plein axe et oblige Vivian \u00e0 marquer contre son camp ! 5-3 pour l&rsquo;Espagne.<\/strong><\/p>\n<p>22:40<br class=\"jsx-494582681\"\/> 5 juin 202582&prime;<\/p>\n<p>Carton jaune pour Th\u00e9o Hernandez apr\u00e8s avoir accroch\u00e9 Lamine Yamal.<\/p>\n<p>22:39<br class=\"jsx-494582681\"\/> 5 juin 202581&prime;<\/p>\n<p>En r\u00e9alisant une passe d\u00e9cisive pour Rayan Cherki, Kylian Mbapp\u00e9 devient le meilleur passeur de l&rsquo;histoire de l&rsquo;\u00e9quipe de France.<\/p>\n<p>22:37<br class=\"jsx-494582681\"\/> 5 juin 202579&prime;<\/p>\n<p><strong>BUUUUUUUUUUUT POUR LA FRANCE !!! Quel contr\u00f4le et quelle reprise de vol\u00e9e de Rayan Cherki, c&rsquo;est sublime ce que vient de faire le Lyonnais ! 5-2 pour l&rsquo;Espagne.<\/strong><\/p>\n<p>22:36<br class=\"jsx-494582681\"\/> 5 juin 2025<\/p>\n<p>Il a redonn\u00e9 (un peu) d&rsquo;espoir aux Bleus : revivez le but de Kylian Mbapp\u00e9.<\/p>\n<p>Espagne &#8211; France : voir le penalty de Kylian Mbapp\u00e9Source : Football &#8211; Matchs Equipe de France<\/p>\n<p><img decoding=\"async\" src=\"https:\/\/photos.tf1info.fr\/images\/383\/215\/espagne-france-voir-le-penalty-de-kylian-mbappe-d51f9b-c2b731-0@1x.jpeg\" alt=\"Espagne - France : voir le penalty de Kylian Mbapp\u00e9\" loading=\"lazy\" importance=\"low\" fetchpriority=\"low\" class=\"\"\/><img decoding=\"async\" src=\"https:\/\/www.europesays.com\/fr\/wp-content\/uploads\/2025\/04\/player-logo-play.svg.svg+xml\" alt=\"Logo lecture\" class=\"jsx-d0de44c05fe3042c PlayerLazyload__Play\"\/>22:35<br class=\"jsx-494582681\"\/> 5 juin 202578&prime;<\/p>\n<p>Oyarzabal et Le Normand sont remplac\u00e9s par Vivian et Samu. Les Espagnols font tourner avant la finale.<\/p>\n<p>22:34<br class=\"jsx-494582681\"\/> 5 juin 202577&prime;<\/p>\n<p>Randal Kolo Muani remplace Ousmane Demb\u00e9l\u00e9.<\/p>\n<p>22:34<br class=\"jsx-494582681\"\/> 5 juin 2025<\/p>\n<p>Pedri a quadrupl\u00e9 la mise en d\u00e9but de deuxi\u00e8me p\u00e9riode. Revivez son but en vid\u00e9o.<\/p>\n<p>Espagne &#8211; France : voir le but de PedriSource : Football &#8211; Matchs Equipe de France<\/p>\n<p><img decoding=\"async\" src=\"https:\/\/photos.tf1info.fr\/images\/383\/215\/espagne-france-voir-le-but-de-pedri-eaefc6-b588d0-0@1x.jpeg\" alt=\"Espagne - France : voir le but de Pedri\" loading=\"lazy\" importance=\"low\" fetchpriority=\"low\" class=\"\"\/><img decoding=\"async\" src=\"https:\/\/www.europesays.com\/fr\/wp-content\/uploads\/2025\/04\/player-logo-play.svg.svg+xml\" alt=\"Logo lecture\" class=\"jsx-d0de44c05fe3042c PlayerLazyload__Play\"\/>22:34<br class=\"jsx-494582681\"\/> 5 juin 202576&prime;<\/p>\n<p>Unai Simon repousse la frappe de Kylian Mbapp\u00e9.<\/p>\n<p>22:33<br class=\"jsx-494582681\"\/> 5 juin 202575&prime;<\/p>\n<p>Des \u00ab\u00a0ole\u00a0\u00bb descendent des tribunes \u00e0 chaque passe espagnole. C&rsquo;est dur pour les Bleus&#8230;<\/p>\n<p>22:32<br class=\"jsx-494582681\"\/> 5 juin 202574&prime;<\/p>\n<p>Ousmane Demb\u00e9l\u00e9 semble diminu\u00e9. Il va c\u00e9der sa place.<\/p>\n<p>22:32<br class=\"jsx-494582681\"\/> 5 juin 2025<\/p>\n<p>Lamine Yamal a tripl\u00e9 la mise en d\u00e9but de deuxi\u00e8me p\u00e9riode. Revivez ce but en vid\u00e9o.<\/p>\n<p>Espagne &#8211; France : voir le penalty de Lamine YamalSource : Football &#8211; Matchs Equipe de France<\/p>\n<p><img decoding=\"async\" src=\"https:\/\/photos.tf1info.fr\/images\/383\/215\/espagne-france-voir-le-penalty-de-lamine-yamal-de83d0-4eb2da-0@1x.jpeg\" alt=\"Espagne - France : voir le penalty de Lamine Yamal\" loading=\"lazy\" importance=\"low\" fetchpriority=\"low\" class=\"\"\/><img decoding=\"async\" src=\"https:\/\/www.europesays.com\/fr\/wp-content\/uploads\/2025\/04\/player-logo-play.svg.svg+xml\" alt=\"Logo lecture\" class=\"jsx-d0de44c05fe3042c PlayerLazyload__Play\"\/>22:31<br class=\"jsx-494582681\"\/> 5 juin 202573&prime;<\/p>\n<p><strong>Quelle passe de Rayan Cherki pour Ousmane Demb\u00e9l\u00e9 ! Le Parisien touche le poteau !<\/strong><\/p>\n<p>22:30<br class=\"jsx-494582681\"\/> 5 juin 202572&prime;<\/p>\n<p>Quatri\u00e8me changement pour les Bleus : Lucas Hernandez remplace Cl\u00e9ment Lenglet.<\/p>\n<p>22:30<br class=\"jsx-494582681\"\/> 5 juin 202571&prime;<\/p>\n<p>&#8230; et pr\u00e8s de 60 qu&rsquo;elle n&rsquo;avait pas encaiss\u00e9 cinq buts.<\/p>\n<blockquote data-testid=\"EmbedTwitter\" id=\"tweet-1930723675453497349-:Rspqj5kp6ij9n79m:\" class=\"jsx-aeff1a1c40f54d7a twitter-tweet flex justify-center items-center\"><p>5 &#8211; La France a encaiss\u00e9 5 buts ou plus pour la premi\u00e8re fois depuis le 12 mars 1969 contre l&rsquo;Angleterre (0-5). D\u00e9sastre.  pic.twitter.com\/6BL2wScwBP \u2014 OptaJean (@OptaJean)  June 5, 2025<\/p><\/blockquote>\n<p>22:28<br class=\"jsx-494582681\"\/> 5 juin 202570&prime;<\/p>\n<p>Voil\u00e0 plus de 40 ans que l&rsquo;\u00e9quipe de France n&rsquo;avait plus \u00e9t\u00e9 men\u00e9e de quatre buts ou plus&#8230;<\/p>\n<blockquote data-testid=\"EmbedTwitter\" id=\"tweet-1930720867547222437-:Rspsj5kp6ij9n79m:\" class=\"jsx-aeff1a1c40f54d7a twitter-tweet flex justify-center items-center\"><p>4 &#8211; L&rsquo;\u00e9quipe de France n&rsquo;avait plus \u00e9t\u00e9 men\u00e9e de 4 buts ou plus depuis le 31 aout 1982 contre la Pologne (0-4). A\u00efe a\u00efe a\u00efe.  https:\/\/t.co\/AjeN7uYOoL \u2014 OptaJean (@OptaJean)  June 5, 2025<\/p><\/blockquote>\n<p>22:25<br class=\"jsx-494582681\"\/> 5 juin 202567&prime;<\/p>\n<p><strong>BUUUUUUUUUUT POUR L&rsquo;ESPAGNE !!! Lamine Yamal prend le dessus sur Cl\u00e9ment Lenglet puis trompe Mike Maignan. 5-1 pour la \u00ab\u00a0Roja\u00a0\u00bb.<\/strong><\/p>\n<p>22:24<br class=\"jsx-494582681\"\/> 5 juin 202566&prime;<\/p>\n<p>Sur un corner de Demb\u00e9l\u00e9, la reprise de Barcola termine sa trajectoire dans le ciel de Stuttgart.<\/p>\n<p>22:23<br class=\"jsx-494582681\"\/> 5 juin 202565&prime;<\/p>\n<p>Rayan Cherki sert Bradley Barcola sur le couloir gauche, mais le Parisien touche le ballon de la main.<\/p>\n<p>22:22<br class=\"jsx-494582681\"\/> 5 juin 202564&prime;<\/p>\n<p>\u00c7a bouge aussi c\u00f4t\u00e9 espagnol. Dani Olmo et Fabian Ruiz remplacent Nico Williams et Pedri.<\/p>\n<p>22:22<br class=\"jsx-494582681\"\/> 5 juin 202564&prime;<\/p>\n<p>Triple changement pour les Bleus. Malo Gusto et Bradley Barcola remplacent Pierre Kalulu et D\u00e9sir\u00e9 Dou\u00e9, tandis que Rayan Cherki f\u00eate sa premi\u00e8re s\u00e9lection \u00e0 la place de Michael Olise.<\/p>\n<p>22:20<br class=\"jsx-494582681\"\/> 5 juin 202562&prime;<\/p>\n<p><strong>La frappe de D\u00e9sir\u00e9 Dou\u00e9 !<\/strong> Elle passe \u00e0 c\u00f4t\u00e9 du poteau d&rsquo;Unai Simon.<\/p>\n<p>22:18<br class=\"jsx-494582681\"\/> 5 juin 202559&prime;<\/p>\n<p><strong>BUUUUUUUT POUR LA FRANCE !!! Kylian Mbapp\u00e9 transforme son penalty et r\u00e9duit l&rsquo;\u00e9cart. 4-1 pour l&rsquo;Espagne.<\/strong><\/p>\n<p>22:16<br class=\"jsx-494582681\"\/> 5 juin 202558&prime;<\/p>\n<p><strong>Penalty pour la France ! Kylian Mbapp\u00e9 s&rsquo;\u00e9croule apr\u00e8s un duel avec Pedro Porro.<\/strong><\/p>\n<p>22:14<br class=\"jsx-494582681\"\/> 5 juin 202555&prime;<\/p>\n<p><strong>BUUUUUUUUUT POUR L&rsquo;ESPAGNE !!! Quatri\u00e8me but pour la \u00ab\u00a0Roja\u00a0\u00bb, sign\u00e9 Pedri. Cette demi-finale vire \u00e0 la d\u00e9monstration, la d\u00e9fense tricolore est d\u00e9pass\u00e9e. 4-0.<\/strong><\/p>\n<p>22:13<br class=\"jsx-494582681\"\/> 5 juin 202555&prime;<\/p>\n<p>Cela faisait 10 ans que l&rsquo;\u00e9quipe de France n&rsquo;avait pas \u00e9t\u00e9 men\u00e9e de trois buts.<\/p>\n<blockquote data-testid=\"EmbedTwitter\" id=\"tweet-1930719533997736204-:Rsqgj5kp6ij9n79m:\" class=\"jsx-aeff1a1c40f54d7a twitter-tweet flex justify-center items-center\"><p>3 &#8211; L&rsquo;\u00e9quipe de France n&rsquo;avait plus \u00e9t\u00e9 men\u00e9e de 3 buts ou plus depuis pr\u00e8s de 10 ans, le 7 juin 2015 contre la Belgique (0-3 puis 1-4, 3-4 au final). A\u00efe.  pic.twitter.com\/xAuqvRJZzR \u2014 OptaJean (@OptaJean)  June 5, 2025<\/p><\/blockquote>\n<p>22:12<br class=\"jsx-494582681\"\/> 5 juin 202554&prime;<\/p>\n<p><strong>BUUUUUUUUUT POUR L&rsquo;ESPAGNE !!! Lamine Yamal prend Mike Maignan \u00e0 contre-pied sur le penalty. 3-0 pour la Roja.<\/strong><\/p>\n<p>22:10<br class=\"jsx-494582681\"\/> 5 juin 202552&prime;<\/p>\n<p>Le penalty est confirm\u00e9.<\/p>\n<p>22:10<br class=\"jsx-494582681\"\/> 5 juin 202552&prime;<\/p>\n<p>La VAR v\u00e9rifie un potentiel hors-jeu de Lamine Yamal sur l&rsquo;action du penalty.<\/p>\n<p>22:09<br class=\"jsx-494582681\"\/> 5 juin 202551&prime;<\/p>\n<p><strong>Penalty pour l&rsquo;Espagne ! Adrien Rabiot tacle Lamine Yamal dans la surface tricolore. Carton jaune \u00e9galement pour le Marseillais.<\/strong><\/p>\n<p>22:07<br class=\"jsx-494582681\"\/> 5 juin 202549&prime;<\/p>\n<p>Faute de Pierre Kalulu sur Nico Williams. Les Espagnols vont pouvoir couper le rythme.<\/p>\n<p>22:07<br class=\"jsx-494582681\"\/> 5 juin 202548&prime;<\/p>\n<p><strong>Ousmane Demb\u00e9l\u00e9 tout proche de reprendre le centre de Th\u00e9o Hernandez !<\/strong> Les Bleus sont bien revenus des vestiaires.<\/p>\n<p>22:06<br class=\"jsx-494582681\"\/> 5 juin 202547&prime;<\/p>\n<p><strong>Le centre de Kalulu !<\/strong> Aucun Fran\u00e7ais ne peut reprendre le cuir dans les six m\u00e8tres espagnols.<\/p>\n<p>22:04<br class=\"jsx-494582681\"\/> 5 juin 202546&prime;<\/p>\n<p>Trou d&rsquo;air dans la d\u00e9fense fran\u00e7aise, Oyarzabal n&rsquo;en profite pas. Il \u00e9tait de toute fa\u00e7on hors-jeu.<\/p>\n<p>22:03<br class=\"jsx-494582681\"\/> 5 juin 2025<\/p>\n<p><strong>C&rsquo;est reparti \u00e0 Stuttgart ! L&rsquo;Espagne donne le coup d&rsquo;envoi de ce deuxi\u00e8me acte.<\/strong><\/p>\n<p>22:01<br class=\"jsx-494582681\"\/> 5 juin 2025MI-TEMPS<\/p>\n<p>\ud83d\udcfa Une \u00ab\u00a0remontada\u00a0\u00bb ou la porte pour les Bleus : suivez la deuxi\u00e8me p\u00e9riode en direct sur TF1 et <a href=\"https:\/\/www.tf1.fr\/\" target=\"_blank\" rel=\"noopener\">TF1+ (nouvelle fen\u00eatre)<\/a>.<\/p>\n<p>Voir plus<\/p>\n<p>21:56<br class=\"jsx-494582681\"\/> 5 juin 2025MI-TEMPS<\/p>\n<p>En 2021, l&rsquo;\u00e9quipe de France perdait 2-0 \u00e0 la mi-temps de sa demi-finale de Ligue des nations, face \u00e0 la Belgique. Les Bleus de Karim Benzema avaient finalement renvers\u00e9 les Diables rouges (3-2), avant de remporter la comp\u00e9tition. Bis repetita ?<\/p>\n<p>21:47<br class=\"jsx-494582681\"\/> 5 juin 2025<\/p>\n<p><strong>C&rsquo;est la pause \u00e0 Stuttgart ! Malgr\u00e9 un bon d\u00e9but de rencontre, l&rsquo;\u00e9quipe de France est men\u00e9e 2-0 par une Espagne beaucoup plus r\u00e9alise dans cette demi-finale. Les attaquants tricolores ont but\u00e9 \u00e0 de nombreuses reprises sur le portier de la \u00ab\u00a0Roja\u00a0\u00bb, Unai Simon.<\/strong><\/p>\n<p>21:45<br class=\"jsx-494582681\"\/> 5 juin 202545&rsquo;+1<\/p>\n<p>\u231a Deux minutes de temps additionnel dans ce premier acte.<\/p>\n<p>21:45<br class=\"jsx-494582681\"\/> 5 juin 202545&prime;<\/p>\n<p><strong>La frappe d&rsquo;Ousmane Demb\u00e9l\u00e9 !<\/strong> Unai Simon, comme \u00e0 son habitude, met fin aux espoirs fran\u00e7ais.<\/p>\n<p>21:44<br class=\"jsx-494582681\"\/> 5 juin 202544&prime;<\/p>\n<p><strong>\u274c But refus\u00e9 pour l&rsquo;Espagne ! <\/strong>Quelle action collective magnifique de la \u00ab\u00a0Roja\u00a0\u00bb sur coup franc, ponctu\u00e9e par le but de Huijsen. L&rsquo;arbitre l\u00e8ve finalement son drapeau.<\/p>\n<p>21:42<br class=\"jsx-494582681\"\/> 5 juin 202542&prime;<\/p>\n<p>Ousmane Demb\u00e9l\u00e9 tente un ballon piqu\u00e9 devant Unai Simon&#8230; L&rsquo;Espagnol \u00e9tait sur la trajectoire et l&rsquo;arbitre signale une position de hors-jeu.<\/p>\n<p>21:41<br class=\"jsx-494582681\"\/> 5 juin 202540&prime;<\/p>\n<p>Kylian Mbapp\u00e9 s&rsquo;\u00e9croule dans la surface apr\u00e8s un contact avec son futur co\u00e9quipier au Real Madrid, Dean Huijsen. L&rsquo;Espagnol r\u00e9clame la faute, pas de coup de sifflet.<\/p>\n<p>21:39<br class=\"jsx-494582681\"\/> 5 juin 202539&prime;<\/p>\n<p><strong>Le centre de Lamine Yamal !<\/strong> Mike Maignan est le premier sur le ballon.<\/p>\n<p>21:37<br class=\"jsx-494582681\"\/> 5 juin 202537&prime;<\/p>\n<p><strong>La frappe d&rsquo;Ousmane Demb\u00e9l\u00e9 ! <\/strong>Unai Simon, encore et toujours, \u00e9carte le danger.<\/p>\n<p>21:35<br class=\"jsx-494582681\"\/> 5 juin 202535&prime;<\/p>\n<p>C&rsquo;est la deuxi\u00e8me fois sous Didier Deschamps que les Bleus encaissent deux buts dans les 30 premi\u00e8res minutes, rapporte Opta. La premi\u00e8re ? La demi-finale de l&rsquo;Euro 2024&#8230; face \u00e0 l&rsquo;Espagne.<\/p>\n<blockquote data-testid=\"EmbedTwitter\" id=\"tweet-1930708846005059726-:Rsokj9kp6ij9n79m:\" class=\"jsx-aeff1a1c40f54d7a twitter-tweet flex justify-center items-center\"><p>2 &#8211; La France n&rsquo;a conc\u00e9d\u00e9 deux buts dans la premi\u00e8re demi-heure que deux fois sous Didier Deschamps : contre l&rsquo;Espagne \u00e0 l&rsquo;EURO 2024 et contre l&rsquo;Espagne aujourd&rsquo;hui. Ol\u00e9.  pic.twitter.com\/tHDdBhtBCe \u2014 OptaJean (@OptaJean)  June 5, 2025<\/p><\/blockquote>\n<p>21:34<br class=\"jsx-494582681\"\/> 5 juin 202534&prime;<\/p>\n<p>Le coup franc tricolore, sign\u00e9 Olise, ne donne rien.<\/p>\n<p>21:33<br class=\"jsx-494582681\"\/> 5 juin 202533&prime;<\/p>\n<p>Lamine Yamal est averti apr\u00e8s une faute sur D\u00e9sir\u00e9 Dou\u00e9. Coup franc \u00e0 venir pour les Bleus.<\/p>\n<p>21:32<br class=\"jsx-494582681\"\/> 5 juin 2025<\/p>\n<p>Il y a quelques instants, Mikel Merino a doubl\u00e9 la mise pour les champions d&rsquo;Europe en titre. Revivez le but du 2-0 en vid\u00e9o.<\/p>\n<p>Espagne &#8211; France : voir le but de Mikel MerinoSource : Football &#8211; Matchs Equipe de France<\/p>\n<p><img decoding=\"async\" src=\"https:\/\/photos.tf1info.fr\/images\/383\/215\/espagne-france-voir-le-but-de-mikel-merino-4ad887-42b69f-0@1x.jpeg\" alt=\"Espagne - France : voir le but de Mikel Merino\" loading=\"lazy\" importance=\"low\" fetchpriority=\"low\" class=\"\"\/><img decoding=\"async\" src=\"https:\/\/www.europesays.com\/fr\/wp-content\/uploads\/2025\/04\/player-logo-play.svg.svg+xml\" alt=\"Logo lecture\" class=\"jsx-d0de44c05fe3042c PlayerLazyload__Play\"\/>21:31<br class=\"jsx-494582681\"\/> 5 juin 202531&prime;<\/p>\n<p><strong>La reprise contr\u00e9e de Kylian Mbapp\u00e9 !<\/strong> Unai Simon est toujours pr\u00e9sent.<\/p>\n<p>21:30<br class=\"jsx-494582681\"\/> 5 juin 202530&prime;<\/p>\n<p><strong>La frappe de D\u00e9sir\u00e9 Dou\u00e9 !<\/strong> Elle est repouss\u00e9e par Unai Simon.<\/p>\n<p>21:30<br class=\"jsx-494582681\"\/> 5 juin 2025<\/p>\n<p>Nico Williams a frapp\u00e9 le premier. Revivez l&rsquo;ouverture du score espagnole en vid\u00e9o.<\/p>\n<p>Espagne &#8211; France : voir l&rsquo;ouverture du score par Nico WilliamsSource : Football &#8211; Matchs Equipe de France<\/p>\n<p><img decoding=\"async\" src=\"https:\/\/photos.tf1info.fr\/images\/383\/215\/espagne-france-voir-louverture-du-score-par-nico-williams-2e2224-dd4c10-0@1x.jpeg\" alt=\"Espagne - France : voir l'ouverture du score par Nico Williams\" loading=\"lazy\" importance=\"low\" fetchpriority=\"low\" class=\"\"\/><img decoding=\"async\" src=\"https:\/\/www.europesays.com\/fr\/wp-content\/uploads\/2025\/04\/player-logo-play.svg.svg+xml\" alt=\"Logo lecture\" class=\"jsx-d0de44c05fe3042c PlayerLazyload__Play\"\/>21:26<br class=\"jsx-494582681\"\/> 5 juin 202525&prime;<\/p>\n<p><strong>BUUUUUUUUT POUR L&rsquo;ESPAGNE !!! Mikel Merino fait le break pour la \u00ab\u00a0Roja\u00a0\u00bb, apr\u00e8s un une-deux parfait avec Oyarzabal. 2-0.<\/strong><\/p>\n<p>21:25<br class=\"jsx-494582681\"\/> 5 juin 202524&prime;<\/p>\n<p>L&rsquo;ouverture du score espagnole est dure pour les Bleus, qui produisaient du beau football depuis le coup d&rsquo;envoi. Le talent de Yamal, Oyarzabal et Williams a parl\u00e9.<\/p>\n<p>21:23<br class=\"jsx-494582681\"\/> 5 juin 202522&prime;<\/p>\n<p><strong>BUUUUUUUUT POUR L&rsquo;ESPAGNE !!! Nico Williams ouvre le score apr\u00e8s un bel encha\u00eenement espagnol, Mike Maignan ne peut rien faire. 1-0 pour la \u00ab\u00a0Roja\u00a0\u00bb.<\/strong><\/p>\n<p>21:21<br class=\"jsx-494582681\"\/> 5 juin 202520&prime;<\/p>\n<p>Sur une attaque rapide, Adrien Rabiot choisit de frapper plut\u00f4t que de d\u00e9caler Ousmane Demb\u00e9l\u00e9 sur sa droite, ou Kylian Mbapp\u00e9 sur sa gauche. \u00c7a passe au-dessus.<\/p>\n<p>21:19<br class=\"jsx-494582681\"\/> 5 juin 202518&prime;<\/p>\n<p><strong>La frappe de Nico Williams !<\/strong> Mike Maignan repousse en corner.<\/p>\n<p>21:19<br class=\"jsx-494582681\"\/> 5 juin 2025<\/p>\n<p>Th\u00e9o Hernandez \u00e9tait tout proche d&rsquo;ouvrir le score il y a quelques minutes, mais un montant a sauv\u00e9 l&rsquo;Espagne. Revivez la plus belle occasion du match en vid\u00e9o.<\/p>\n<p>Espagne &#8211; France : voir l&rsquo;occasion de Th\u00e9o HernandezSource : Football &#8211; Matchs Equipe de France<\/p>\n<p><img decoding=\"async\" src=\"https:\/\/photos.tf1info.fr\/images\/383\/215\/espagne-france-voir-loccasion-de-theo-hernandez-9891df-5150f1-0@1x.jpeg\" alt=\"Espagne - France : voir l'occasion de Th\u00e9o Hernandez\" loading=\"lazy\" importance=\"low\" fetchpriority=\"low\" class=\"\"\/><img decoding=\"async\" src=\"https:\/\/www.europesays.com\/fr\/wp-content\/uploads\/2025\/04\/player-logo-play.svg.svg+xml\" alt=\"Logo lecture\" class=\"jsx-d0de44c05fe3042c PlayerLazyload__Play\"\/>21:17<br class=\"jsx-494582681\"\/> 5 juin 202517&prime;<\/p>\n<p>Au tour de D\u00e9sir\u00e9 Dou\u00e9 de frapper au but. Unai Simon se couche sur le ballon.<\/p>\n<p>21:17<br class=\"jsx-494582681\"\/> 5 juin 202517&prime;<\/p>\n<p>Kylian Mbapp\u00e9 tente sa chance plein axe. C&rsquo;est contr\u00e9 par Pedri.<\/p>\n<p>21:15<br class=\"jsx-494582681\"\/> 5 juin 202515&prime;<\/p>\n<p>D\u00e9j\u00e0 7 tirs depuis le d\u00e9but de cette rencontre. Cette demi-finale d\u00e9marre sur de bonnes bases.<\/p>\n<p>21:12<br class=\"jsx-494582681\"\/> 5 juin 202511&prime;<\/p>\n<p><strong>La barre transversale pour les Bleus !<\/strong> Th\u00e9o Hernandez est tout proche d&rsquo;ouvrir le score sur une frappe \u00e0 l&rsquo;entr\u00e9e de la surface espagnole.<\/p>\n<p>21:09<br class=\"jsx-494582681\"\/> 5 juin 20259&prime;<\/p>\n<p>Oh le tacle de D\u00e9sir\u00e9 Dou\u00e9 sur Lamine Yamal. Superbe intervention d\u00e9fensive du Fran\u00e7ais.<\/p>\n<p>21:08<br class=\"jsx-494582681\"\/> 5 juin 20258&prime;<\/p>\n<p>Nouvelle frappe de Th\u00e9o Hernandez&#8230; Elle est contr\u00e9e. \u00c7a va d&rsquo;un but \u00e0 l&rsquo;autre dans ce d\u00e9but de match !<\/p>\n<p>21:07<br class=\"jsx-494582681\"\/> 5 juin 20257&prime;<\/p>\n<p>La tentative de Nico Williams termine dans les gants de Mike Maignan.<\/p>\n<p>21:07<br class=\"jsx-494582681\"\/> 5 juin 20257&prime;<\/p>\n<p><strong>Kylian Mbapp\u00e9 manque son face \u00e0 face !<\/strong> Sur une contre-attaque, le capitaine des Bleus tente sa chance, le portier espagnol remporte son duel.<\/p>\n<p>21:06<br class=\"jsx-494582681\"\/> 5 juin 20256&prime;<\/p>\n<p>Pas de penalty pour l&rsquo;Espagne, fait signe Michael Oliver.<\/p>\n<p>21:06<br class=\"jsx-494582681\"\/> 5 juin 20256&prime;<\/p>\n<p>Y a-t-il une main fran\u00e7aise dans la surface au moment du corner espagnol ? C&rsquo;est ce que r\u00e9clament les hommes de Luis de la Fuente. L&rsquo;arbitre fait signe qu&rsquo;il communique avec la VAR&#8230;<\/p>\n<p>21:05<br class=\"jsx-494582681\"\/> 5 juin 20255&prime;<\/p>\n<p><strong>La frappe de Lamine Yamal !<\/strong> \u00c0 la suite d&rsquo;un cafouillage dans la surface tricolore, l&rsquo;ailer barcelonais tente sa chance&#8230; Corner pour la Roja.<\/p>\n<p>21:04<br class=\"jsx-494582681\"\/> 5 juin 20254&prime;<\/p>\n<p><strong>La frappe de Th\u00e9o Hernandez !<\/strong> Elle passe au-dessus de la barre d&rsquo;Unai Simon.<\/p>\n<p>21:03<br class=\"jsx-494582681\"\/> 5 juin 20253&prime;<\/p>\n<p>Cl\u00e9ment Lenglet repousse le centre de Pedro Porro, puis Mike Maignan intervient.<\/p>\n<p>21:02<br class=\"jsx-494582681\"\/> 5 juin 20252&prime;<\/p>\n<p>Lamine Yamal touche pour la premi\u00e8re fois le cuir&#8230; et est pris par trois joueurs fran\u00e7ais. L&rsquo;Espagnol est oblig\u00e9 de revenir sur ses pas.<\/p>\n<p>21:01<br class=\"jsx-494582681\"\/> 5 juin 20251&prime;<\/p>\n<p>Premier ballon et premi\u00e8re faute fran\u00e7aise. Manu Kon\u00e9 marche sur le pied de Merino.<\/p>\n<p>21:00<br class=\"jsx-494582681\"\/> 5 juin 2025<\/p>\n<p><strong>C&rsquo;est parti \u00e0 Stuttgart !!! Kylian Mbapp\u00e9 donne le coup d&rsquo;envoi de cette demi-finale de Ligue des nations !<\/strong><\/p>\n<p>20:55<br class=\"jsx-494582681\"\/> 5 juin 2025AVANT-MATCH<\/p>\n<p>Les deux s\u00e9lections entrent sur la pelouse de la MHPArena de Stuttgart. Place aux hymnes nationaux.<\/p>\n<p>20:53<br class=\"jsx-494582681\"\/> 5 juin 2025AVANT-MATCH<\/p>\n<p>Pierre Kalulu f\u00eate sa premi\u00e8re s\u00e9lection avec les Bleus, le jour de ses 25 ans. \u00ab\u00a0C&rsquo;est un joli cadeau, on esp\u00e8re qu&rsquo;il sera encore plus beau avec la victoire\u00a0\u00bb, a r\u00e9agi le d\u00e9fenseur de la Juventus au micro de TF1. \u00ab\u00a0Le staff m&rsquo;a dit de jouer comme je sais le faire, avec confiance.\u00a0\u00bb<\/p>\n<p>20:30<br class=\"jsx-494582681\"\/> 5 juin 2025AVANT-MATCH<\/p>\n<p>Les Bleus sont \u00e0 l&rsquo;\u00e9chauffement sur la pelouse de Stuttgart.<\/p>\n<blockquote data-testid=\"EmbedTwitter\" id=\"tweet-1930693597428396188-:Rsqkj9kp6ij9n79m:\" class=\"jsx-aeff1a1c40f54d7a twitter-tweet flex justify-center items-center\"><p>Dembele et Mbapp\u00e9 \u00e0 l\u2019\u00e9chauffement avant  #ESPFRA @telefoot_TF1 pic.twitter.com\/TFzcA5w2zy \u2014 Saber Desfarges (@SaberDesfa)  June 5, 2025<\/p><\/blockquote>\n<p>20:25<br class=\"jsx-494582681\"\/> 5 juin 2025AVANT-MATCH<\/p>\n<p>Double buteur en finale de Ligue des champions, <a href=\"https:\/\/www.tf1info.fr\/sport\/football-desire-doue-le-nouveau-joyau-francais-qui-a-guide-le-psg-contre-l-inter-milan-vers-sa-premiere-ligue-des-champions-2374232.html\" target=\"_blank\" rel=\"noopener\">D\u00e9sir\u00e9 Dou\u00e9<\/a> va conna\u00eetre sa premi\u00e8re titularisation en \u00e9quipe de France. Il ne compte \u00e0 cette heure qu&rsquo;une seule s\u00e9lection, en mars dernier.<\/p>\n<p>20:15<br class=\"jsx-494582681\"\/> 5 juin 2025AVANT-MATCH<\/p>\n<p>Le Ballon d&rsquo;Or se joue-t-il ce soir ? Selon le prodige du Bar\u00e7a Lamine Yamal, son duel \u00e0 distance avec Ousmane Demb\u00e9l\u00e9, pourtant vainqueur de la Ligue des champions avec le PSG, pourrait \u00eatre d\u00e9cisif dans la course pour la distinction individuelle supr\u00eame.<\/p>\n<p>Sports<img decoding=\"async\" src=\"https:\/\/www.europesays.com\/fr\/wp-content\/uploads\/2025\/06\/lamine-yamal-barcelone-football-mai-2025-4ae945-1@1x.jpeg\" alt=\"Lamine Yamal c\u00e9l\u00e8bre sous les couleurs du Bar\u00e7a, le 18 mai 2025.\" loading=\"lazy\" importance=\"low\" fetchpriority=\"low\" class=\"\" aria-hidden=\"true\"\/>Publi\u00e9 le 3 juin 2025 \u00e0 10h5820:08<br class=\"jsx-494582681\"\/> 5 juin 2025AVANT-MATCH<\/p>\n<p>Plus de 17.000 supporters de l&rsquo;\u00e9quipe de France ont fait le d\u00e9placement jusqu&rsquo;en Allemagne pour soutenir les Bleus. Un record.<\/p>\n<p>Espagne-France : 17.000 supporters fran\u00e7ais pr\u00e9sents pour cette demi-finale de Ligue des nationsSource : TF1 Info<\/p>\n<p><img decoding=\"async\" src=\"https:\/\/www.europesays.com\/fr\/wp-content\/uploads\/2025\/06\/espagne-france-17-000-supporters-francais-presents-pour-cette-demi-finale-de-ligue-des-nations-053f6.jpeg\" alt=\"Espagne-France : 17.000 supporters fran\u00e7ais pr\u00e9sents pour cette demi-finale de Ligue des nations\" loading=\"lazy\" importance=\"low\" fetchpriority=\"low\" class=\"\"\/><img decoding=\"async\" src=\"https:\/\/www.europesays.com\/fr\/wp-content\/uploads\/2025\/04\/player-logo-play.svg.svg+xml\" alt=\"Logo lecture\" class=\"jsx-d0de44c05fe3042c PlayerLazyload__Play\"\/>19:53<br class=\"jsx-494582681\"\/> 5 juin 2025COMPOSITION<\/p>\n<p>Du c\u00f4t\u00e9 de la s\u00e9lection espagnole, Luis de la Fuente titularise bien Lamine Yamal. \u00c0 noter la pr\u00e9sence de Robin Le Normand en d\u00e9fense centrale, <a href=\"https:\/\/www.tf1info.fr\/sport\/ligue-des-champions-match-real-sociedad-psg-joueur-robin-le-normand-le-verrou-francais-des-espagnols-2287833.html\" target=\"_blank\" rel=\"noopener\">qui lui r\u00eavait des Bleus durant sa jeunesse<\/a>, et celle du Parisien Fabian Ruiz sur le banc.<\/p>\n<p><strong>Le onze de d\u00e9part de l&rsquo;\u00e9quipe d&rsquo;Espagne : Unai Simon (capitaine) &#8211; Porro, Le Normand, Huijsen, Cucurella &#8211; Zubimendi, Merino, Pedri &#8211; Yamal, Williams, Oyarzabal.<\/strong><\/p>\n<p>19:49<br class=\"jsx-494582681\"\/> 5 juin 2025COMPOSITION<\/p>\n<p>Didier Deschamps a choisi d&rsquo;offrir \u00e0 Pierre Kalulu sa premi\u00e8re s\u00e9lection, titularis\u00e9 sur le couloir droit de la d\u00e9fense fran\u00e7aise. Cl\u00e9ment Lenglet revient en d\u00e9fense centrale apr\u00e8s pr\u00e8s de quatre ans d&rsquo;absence, tandis que Dou\u00e9 et Olise accompagnent Demb\u00e9l\u00e9 et Mbapp\u00e9 en attaque dans un 4-2-3-1.<\/p>\n<p><strong>Le onze de d\u00e9part de l&rsquo;\u00e9quipe de France : Maignan &#8211; Kalulu, Konat\u00e9, Lenglet, T.Hernandez &#8211; Kon\u00e9, Rabiot &#8211; Demb\u00e9l\u00e9, Olise, Dou\u00e9 &#8211; Mbapp\u00e9 (capitaine).<\/strong><\/p>\n<blockquote data-testid=\"EmbedTwitter\" id=\"tweet-1930685053018812893-:Rsquj9kp6ij9n79m:\" class=\"jsx-aeff1a1c40f54d7a twitter-tweet flex justify-center items-center\"><p>\ud83d\udce3 Mesdames, messieurs, la composition de l\u2019Equipe de France. \ud83d\udd1c \ud83c\uddea\ud83c\uddf8\ud83c\uddeb\ud83c\uddf7 \u00e0 21h sur  @TF1 \ud83d\udcfa #FiersdetreBleus l  #ESPFRA pic.twitter.com\/wP0QLMbAnr \u2014 Equipe de France \u2b50\u2b50 (@equipedefrance)  June 5, 2025<\/p><\/blockquote>\n<p>19:30<br class=\"jsx-494582681\"\/> 5 juin 2025AVANT-MATCH<\/p>\n<p>Les deux s\u00e9lections ne se sont plus crois\u00e9es depuis l&rsquo;\u00e9t\u00e9 dernier et la demi-finale de l&rsquo;Euro 2024. La Roja avait logiquement pris le dessus avant de remporter la comp\u00e9tition quelques jours plus tard.<\/p>\n<p>Euro 2024<\/p>\n<p>EN DIRECT<\/p>\n<p><img decoding=\"async\" src=\"https:\/\/www.europesays.com\/fr\/wp-content\/uploads\/2025\/06\/espagne-france-euro-2024-football-1-da39fe-1@1x.jpeg\" alt=\"Espagne-France (2-1) : les Bleus renvers\u00e9s par plus forts qu'eux et \u00e9limin\u00e9s aux portes de la finale\" loading=\"lazy\" importance=\"low\" fetchpriority=\"low\" class=\"\" aria-hidden=\"true\"\/>Publi\u00e9 le 9 juillet 2024 \u00e0 22h5419:20<br class=\"jsx-494582681\"\/> 5 juin 2025AVANT-MATCH<\/p>\n<p>Avant d&rsquo;arriver dans le dernier carr\u00e9, l&rsquo;Espagne a termin\u00e9 premi\u00e8re de son groupe avec 16 points sur 18 possibles, puis \u00e9limin\u00e9 les Pays-Bas en quarts de finale (2-2, 4-3).<\/p>\n<p>Voir plus<\/p>\n<p>19:10<br class=\"jsx-494582681\"\/> 5 juin 2025AVANT-MATCH<\/p>\n<p>Les Bleus \u00e9volueront avec leur tunique blanche ce soir.<\/p>\n<blockquote data-testid=\"EmbedTwitter\" id=\"tweet-1930661498910560417-:R3j2jdkp6ij9n79m:\" class=\"jsx-aeff1a1c40f54d7a twitter-tweet flex justify-center items-center\"><p>\u23f3 \u00c7a approche\u2026  pic.twitter.com\/6scxQ6J0nn \u2014 Equipe de France \u2b50\u2b50 (@equipedefrance)  June 5, 2025<\/p><\/blockquote>\n<p>19:00<br class=\"jsx-494582681\"\/> 5 juin 2025AVANT-MATCH<\/p>\n<p>Y aura-t-il des Parisiens sur la pelouse au coup d&rsquo;envoi ? Victorieux de la finale de la Ligue des champions samedi, les cinq internationaux fran\u00e7ais du PSG ont rejoint Clairefontaine lundi soir, apr\u00e8s 48h de festivit\u00e9s. Ce qui ne signifie pas pour autant que Didier Deschamps les laissera tous sur le banc ce soir&#8230;<\/p>\n<p>Sports<img decoding=\"async\" src=\"https:\/\/www.europesays.com\/fr\/wp-content\/uploads\/2025\/06\/ousmane-dembele-ligue-des-champions-roland-garros-37974f-0@1x.jpeg\" alt=\"Espagne-France sur TF1 : \u00e0 peine champions d'Europe, les Parisiens pr\u00eats \u00e0 rejouer d\u00e8s jeudi ?\" loading=\"lazy\" importance=\"low\" fetchpriority=\"low\" class=\"\" aria-hidden=\"true\"\/>Publi\u00e9 le 3 juin 2025 \u00e0 18h2418:55<br class=\"jsx-494582681\"\/> 5 juin 2025AVANT-MATCH<\/p>\n<p>Qui rejoindra le Portugal ? Mercredi soir, \u00e0 Munich, Cristiano Ronaldo et ses co\u00e9quipiers ont renvers\u00e9 les h\u00f4tes allemands (2-1). Revivez la premi\u00e8re demi-finale.<\/p>\n<p>Sports<img decoding=\"async\" src=\"https:\/\/www.europesays.com\/fr\/wp-content\/uploads\/2025\/06\/cristiano-ronald-allemagne-portugal-4-juin-2025-fbf829-1@1x.jpeg\" alt=\"Ligue des nations : le Portugal renverse l'Allemagne et se qualifie pour la finale\" loading=\"lazy\" importance=\"low\" fetchpriority=\"low\" class=\"\" aria-hidden=\"true\"\/>18:45<br class=\"jsx-494582681\"\/> 5 juin 2025BIENVENUE<\/p>\n<p>Bonjour et bienvenue sur TF1info pour suivre la demi-finale de Ligue des nations entre l&rsquo;Espagne et la France. Le coup d&rsquo;envoi sera donn\u00e9 \u00e0 21h depuis la MHPArena, \u00e0 Stuttgart (Allemagne), par l&rsquo;arbitre anglais Michael Oliver.<\/p>\n<p data-module=\"article-paragraph\" class=\"jsx-3046738180 Paragraph Paragraph__End\"><strong>Revivez la demi-finale de Ligue des nations entre l&rsquo;Espagne et la France avec vid\u00e9os des meilleurs moments de la rencontre dans notre live ci-dessus.<\/strong><\/p>\n<p>Id\u00e8r NABILI<\/p>\n<p><script async src=\"https:\/\/platform.twitter.com\/widgets.js\" charset=\"utf-8\"><\/script><\/p>\n","protected":false},"excerpt":{"rendered":"L&rsquo;\u00e9quipe de France affrontait ce jeudi l&rsquo;Espagne en demi-finale de Ligue des nations, \u00e0 Stuttgart (Allemagne). La \u00ab\u00a0Roja\u00a0\u00bb&hellip;\n","protected":false},"author":2,"featured_media":155032,"comment_status":"","ping_status":"","sticky":false,"template":"","format":"standard","meta":{"footnotes":""},"categories":[4],"tags":[1111,11,672,1921,20532,123,63,1011,27,1922,16748,23733,12,2782,25,199,133,4712],"class_list":{"0":"post-155031","1":"post","2":"type-post","3":"status-publish","4":"format-standard","5":"has-post-thumbnail","7":"category-france","8":"tag-actu","9":"tag-actualites","10":"tag-allemagne","11":"tag-article-video","12":"tag-didier-deschamps","13":"tag-espagne","14":"tag-football","15":"tag-fr","16":"tag-france","17":"tag-info","18":"tag-lamine-yamal","19":"tag-ligue-des-nations","20":"tag-news","21":"tag-ousmane-dembele","22":"tag-republique-francaise","23":"tag-tf1","24":"tag-video","25":"tag-video-sports"},"share_on_mastodon":{"url":"https:\/\/pubeurope.com\/@fr\/114633125162145902","error":""},"_links":{"self":[{"href":"https:\/\/www.europesays.com\/fr\/wp-json\/wp\/v2\/posts\/155031","targetHints":{"allow":["GET"]}}],"collection":[{"href":"https:\/\/www.europesays.com\/fr\/wp-json\/wp\/v2\/posts"}],"about":[{"href":"https:\/\/www.europesays.com\/fr\/wp-json\/wp\/v2\/types\/post"}],"author":[{"embeddable":true,"href":"https:\/\/www.europesays.com\/fr\/wp-json\/wp\/v2\/users\/2"}],"replies":[{"embeddable":true,"href":"https:\/\/www.europesays.com\/fr\/wp-json\/wp\/v2\/comments?post=155031"}],"version-history":[{"count":0,"href":"https:\/\/www.europesays.com\/fr\/wp-json\/wp\/v2\/posts\/155031\/revisions"}],"wp:featuredmedia":[{"embeddable":true,"href":"https:\/\/www.europesays.com\/fr\/wp-json\/wp\/v2\/media\/155032"}],"wp:attachment":[{"href":"https:\/\/www.europesays.com\/fr\/wp-json\/wp\/v2\/media?parent=155031"}],"wp:term":[{"taxonomy":"category","embeddable":true,"href":"https:\/\/www.europesays.com\/fr\/wp-json\/wp\/v2\/categories?post=155031"},{"taxonomy":"post_tag","embeddable":true,"href":"https:\/\/www.europesays.com\/fr\/wp-json\/wp\/v2\/tags?post=155031"}],"curies":[{"name":"wp","href":"https:\/\/api.w.org\/{rel}","templated":true}]}}