{"id":155035,"date":"2025-06-05T22:31:09","date_gmt":"2025-06-05T22:31:09","guid":{"rendered":"https:\/\/www.europesays.com\/fr\/155035\/"},"modified":"2025-06-05T22:31:09","modified_gmt":"2025-06-05T22:31:09","slug":"volley-ball-vice-champion-de-france-larago-de-sete-confirme-lexcellence-de-sa-formation","status":"publish","type":"post","link":"https:\/\/www.europesays.com\/fr\/155035\/","title":{"rendered":"Volley-ball\u00a0: vice-champion de France, l\u2019Arago de S\u00e8te confirme l\u2019excellence de sa formation"},"content":{"rendered":"<p>\n                                                                Le club a termin\u00e9 deuxi\u00e8me des phases finales \u00c9lite Avenir, r\u00e9unissant les seize meilleures \u00e9quipes.\n                            <\/p>\n<p>Le Centre de formation de l\u2019Arago a ajout\u00e9 une nouvelle ligne prestigieuse \u00e0 son palmar\u00e8s. D\u00e9j\u00e0 vainqueur de la premi\u00e8re \u00e9dition en 2022, il confirme son statut de r\u00e9f\u00e9rence fran\u00e7aise dans la formation.<\/p>\n<p>La phase de poule a d\u00e9but\u00e9 par un faux pas contre Ajaccio (0-3) qui a finalement servi de d\u00e9clic comme le souligne le capitaine Wayan Barbier\u00a0: \u00ab\u00a0Cela a \u00e9t\u00e9 un \u00e9l\u00e9ment d\u00e9clencheur. \u00c7a nous a permis d\u2019installer pleinement notre jeu. La force de notre \u00e9quipe r\u00e9side dans notre collectif et notre capacit\u00e9 \u00e0 prendre du plaisir sur le terrain.\u00a0\u00bb. Et du plaisir, ils en ont pris sur les matchs suivants, encha\u00eenant deux victoires ma\u00eetris\u00e9es contre Rennes (3-0) et Toulouse (3-0).<\/p>\n<p>\u00ab\u00a0\u00c0 la guerre\u00a0\u00bb<\/p>\n<p>En quart de finale, les joueurs de Fr\u00e9d\u00e9ric Gibert \u00e9taient oppos\u00e9s \u00e0 l\u2019\u00e9quipe du Centre National du Volley, qui \u00e9volue habituellement en Ligue B. \u00ab\u00a0Apr\u00e8s avoir perdu l\u2019ann\u00e9e derni\u00e8re ce quart de finale, avec Romain Capet, Wayan Barbier et P\u00e9pin Rajoharivelo, nous avions une \u00e9norme envie de gagner. On est vraiment partis \u00e0 la guerre\u00a0\u00bb, l\u00e2che Matt\u00e9o Martino-Gauchi, qui a jou\u00e9 cette saison avec le groupe professionnel. \u00c0 l\u2019issue d\u2019un combat de tr\u00e8s haut niveau, les S\u00e9tois franchissaient l\u2019obstacle en quatre sets (25-18, 26-24, 16-25, 25-19).<\/p>\n<p>Une prestation de haut vol suivie d\u2019une demi-finale \u00e9lectrique contre Nice remport\u00e9e avec sang-froid \u00e0 l\u2019issue d\u2019une quatri\u00e8me manche \u00e0 suspens (25-18, 26-28, 25-23, 28-26).<\/p>\n<p>En finale, les S\u00e9tois s\u2019inclinaient alors face \u00e0 la redoutable \u00e9quipe de Tours (20-25, 18-25, 25-18, 24-26). La frustration \u00e9tait l\u00e0, mais vite relativis\u00e9e par l\u2019entra\u00eeneur s\u00e9tois Fr\u00e9d\u00e9ric Gibert\u00a0: \u00ab\u00a0On est all\u00e9s au maximum de ce qu\u2019on pouvait. Face \u00e0 Tours, \u00e9quipe en pleine dynamique avec des joueurs champions de France en MSL, notre deuxi\u00e8me place est une vraie performance. Je suis fier de mes mecs, tout simplement.\u00a0\u00bb<\/p>\n<p>De belles promesses<\/p>\n<p>Avec 23 matchs pour 17 victoires cette saison, le bilan du Centre de formation est largement positif. Un titre de vice-champion de France accueilli avec satisfaction par le pr\u00e9sident Alain Bilicki\u00a0: \u00ab\u00a0Au-del\u00e0 du terrain, le r\u00e9sultat obtenu est l\u2019aboutissement de tout un \u00e9cosyst\u00e8me qui contribue \u00e0 la r\u00e9ussite de ces jeunes. Avec la maison Paillole, inaugur\u00e9e en 2024, les joueurs b\u00e9n\u00e9ficient d\u2019un cadre de vie stable et adapt\u00e9 \u00e0 leur d\u00e9veloppement. Ils poursuivent \u00e9galement leur scolarit\u00e9 dans le cadre du Campus Connect\u00e9 de S\u00e8te Agglop\u00f4le M\u00e9diterran\u00e9e, garantissant un double projet scolaire et sportif, pilier des valeurs du club.\u00a0\u00bb<\/p>\n<p>Un vivier qui b\u00e9n\u00e9ficiera \u00e0 l\u2019\u00e9quipe premi\u00e8re puisque \u00ab\u00a0plusieurs joueurs du centre de formation feront la saison avec le groupe professionnel l\u2019an prochain, signe de la confiance du club en ces derniers et plus largement dans sa formation\u00a0\u00bb.<\/p>\n","protected":false},"excerpt":{"rendered":"Le club a termin\u00e9 deuxi\u00e8me des phases finales \u00c9lite Avenir, r\u00e9unissant les seize meilleures \u00e9quipes. Le Centre de&hellip;\n","protected":false},"author":2,"featured_media":155036,"comment_status":"","ping_status":"","sticky":false,"template":"","format":"standard","meta":{"footnotes":""},"categories":[1417],"tags":[1011,27,60,1470,1469],"class_list":{"0":"post-155035","1":"post","2":"type-post","3":"status-publish","4":"format-standard","5":"has-post-thumbnail","7":"category-volley","8":"tag-fr","9":"tag-france","10":"tag-sports","11":"tag-volley","12":"tag-volleyball"},"share_on_mastodon":{"url":"https:\/\/pubeurope.com\/@fr\/114633132399358254","error":""},"_links":{"self":[{"href":"https:\/\/www.europesays.com\/fr\/wp-json\/wp\/v2\/posts\/155035","targetHints":{"allow":["GET"]}}],"collection":[{"href":"https:\/\/www.europesays.com\/fr\/wp-json\/wp\/v2\/posts"}],"about":[{"href":"https:\/\/www.europesays.com\/fr\/wp-json\/wp\/v2\/types\/post"}],"author":[{"embeddable":true,"href":"https:\/\/www.europesays.com\/fr\/wp-json\/wp\/v2\/users\/2"}],"replies":[{"embeddable":true,"href":"https:\/\/www.europesays.com\/fr\/wp-json\/wp\/v2\/comments?post=155035"}],"version-history":[{"count":0,"href":"https:\/\/www.europesays.com\/fr\/wp-json\/wp\/v2\/posts\/155035\/revisions"}],"wp:featuredmedia":[{"embeddable":true,"href":"https:\/\/www.europesays.com\/fr\/wp-json\/wp\/v2\/media\/155036"}],"wp:attachment":[{"href":"https:\/\/www.europesays.com\/fr\/wp-json\/wp\/v2\/media?parent=155035"}],"wp:term":[{"taxonomy":"category","embeddable":true,"href":"https:\/\/www.europesays.com\/fr\/wp-json\/wp\/v2\/categories?post=155035"},{"taxonomy":"post_tag","embeddable":true,"href":"https:\/\/www.europesays.com\/fr\/wp-json\/wp\/v2\/tags?post=155035"}],"curies":[{"name":"wp","href":"https:\/\/api.w.org\/{rel}","templated":true}]}}