{"id":155041,"date":"2025-06-05T22:35:14","date_gmt":"2025-06-05T22:35:14","guid":{"rendered":"https:\/\/www.europesays.com\/fr\/155041\/"},"modified":"2025-06-05T22:35:14","modified_gmt":"2025-06-05T22:35:14","slug":"le-gp-daragon-sera-un-moment-important-pour-yamaha","status":"publish","type":"post","link":"https:\/\/www.europesays.com\/fr\/155041\/","title":{"rendered":"le GP d&rsquo;Arag\u00f3n sera un \u00ab\u00a0moment important\u00a0\u00bb pour Yamaha"},"content":{"rendered":"<p><a href=\"https:\/\/fr.motorsport.com\/driver\/fabio-quartararo\/109400\/\" target=\"_blank\" rel=\"noopener\">Fabio Quartararo<\/a> voit le GP d&rsquo;Arag\u00f3n comme une occasion de r\u00e9ellement mesurer les progr\u00e8s de Yamaha. Le Fran\u00e7ais reste sur trois courses tr\u00e8s encourageantes, avec trois poles cons\u00e9cutives, un podium \u00e0 Jerez, des promesses avant de chuter au Mans et une domination jusqu&rsquo;\u00e0 \u00eatre stopp\u00e9 par un souci technique \u00e0 Silverstone. La M1 a ainsi brill\u00e9 sur trois terrains de jeu tr\u00e8s diff\u00e9rents mais le MotorLand Arag\u00f3n s&rsquo;annonce plus difficile.<\/p>\n<p>Depuis son arriv\u00e9e en MotoGP, Quartararo n&rsquo;a jamais pu se battre pour les toutes premi\u00e8res places sur cette piste. Il y a connu de s\u00e9rieuses d\u00e9convenues, notamment une grosse d\u00e9gringolade dans la hi\u00e9rarchie lors de l&rsquo;une des deux \u00e9ditions disput\u00e9es en 2020 et un week-end catastrophique l&rsquo;an pass\u00e9, avec la 17e place sur la grille et une chute en d\u00e9but d&rsquo;\u00e9preuve. \u00catre performant ce week-end serait donc un signe que Yamaha a m\u00eame corrig\u00e9 des failles historiques.<\/p>\n<p>\u00ab\u00a0Je n&rsquo;aime pas vraiment la piste, le trac\u00e9, je n&rsquo;y ai jamais \u00e9t\u00e9 super, super rapide, mais je pense que ce sera un moment important pour nous\u00a0\u00bb, a expliqu\u00e9 Quartararo en conf\u00e9rence de presse. \u00ab\u00a0On sort de trois pistes qui \u00e9taient diff\u00e9rentes et on a \u00e9t\u00e9 rapides. Ici, c&rsquo;est une piste o\u00f9, l&rsquo;an dernier en particulier, on \u00e9tait compl\u00e8tement en fond de grille.\u00a0\u00bb<\/p>\n<p>\u00ab\u00a0On avait du mal parce qu&rsquo;il y avait peu de grip, qu&rsquo;il faisait chaud et qu&rsquo;il y a de longues lignes droites. Si on est rapides sur cette piste et qu&rsquo;on peut \u00eatre constants, je pense qu&rsquo;il n&rsquo;y aura plus de questions pour les prochaines pistes, je pense qu&rsquo;on pourra se battre pour de bonnes positions.\u00a0\u00bb<\/p>\n<p>   <img decoding=\"async\" draggable=\"false\" src=\"https:\/\/www.europesays.com\/fr\/wp-content\/uploads\/2025\/06\/1749162913_462_fabio-quartararo-yamaha-factor.jpg\" alt=\"Fabio Quartararo, Yamaha Factory Racing\" width=\"1200\" height=\"800\" loading=\"lazy\"\/> <\/p>\n<p class=\"title\">Fabio Quartararo<\/p>\n<p class=\"photographer\">Photo de: Yamaha MotoGP<\/p>\n<p>Quartararo a reconnu n&rsquo;avoir \u00ab\u00a0aucune id\u00e9e\u00a0\u00bb des raisons derri\u00e8re ses difficult\u00e9s r\u00e9currentes sur ce circuit\u00a0: \u00ab\u00a0Je ne l&rsquo;ai jamais aim\u00e9, depuis mon enfance. Je ne sais pas, peut-\u00eatre parce que les r\u00e9sultats ne sont jamais venus facilement. C&rsquo;est le genre de trac\u00e9 dont je ne suis pas un grand fan. Mais ma derni\u00e8re victoire \u00e9tait il y a longtemps, au Sachsenring, je n&rsquo;aime pas la piste mais j&rsquo;\u00e9tais rapide. Peu importe si on aime la piste ou pas, il faut \u00eatre rapide.\u00a0\u00bb<\/p>\n<p>Des signaux positifs mais des faiblesses persistantes<\/p>\n<p>Quartararo arrive en tout cas plus encourag\u00e9 par la performance de Silverstone, o\u00f9 il a pass\u00e9 de nombreux tours en t\u00eate avant de rencontrer un souci de holeshot device, que d\u00e9\u00e7u d&rsquo;avoir vu une potentielle victoire lui \u00e9chapper.<\/p>\n<p>\u00ab\u00a0Deux ou trois heures apr\u00e8s, je retenais d\u00e9j\u00e0 beaucoup plus le positif du week-end que ce qu&rsquo;il s&rsquo;\u00e9tait pass\u00e9. Cela faisait tr\u00e8s longtemps que je n&rsquo;avais pas \u00e9t\u00e9 aussi bien sur la moto, si rapide, et il faut retenir le positif de ce week-end. On \u00e9tait aussi rapides dans les relais longs. En qualifications, on \u00e9tait tr\u00e8s rapides sur un tour, mais on souffrait en sprint et en course. On a fait de bons progr\u00e8s et on verra ce qu&rsquo;on pourra faire \u00e0 l&rsquo;avenir.\u00a0\u00bb<\/p>\n<p>Lire aussi :<\/p>\n<p>Ces progr\u00e8s en rythme de course s&rsquo;accompagnent aussi de meilleures performances en qualifications, mais Quartararo sait que les domaines \u00e0 am\u00e9liorer restent nombreux\u00a0: \u00ab\u00a0On progresse sur un tour. C&rsquo;est super important parce qu&rsquo;il nous manque de la vitesse en ligne droite et c&rsquo;est bien d&rsquo;\u00eatre devant.\u00a0\u00bb<\/p>\n<p>\u00ab\u00a0Actuellement, on a un peu de mal avec l&rsquo;\u00e9lectronique et la temp\u00e9rature du pneu arri\u00e8re. Pour maintenir le rythme, il faut maintenir le pneu en bon \u00e9tat et au sprint du Mans, j&rsquo;\u00e9tais rapide mais on surchauffait beaucoup le pneu pour attaquer un peu plus et on a eu beaucoup de mal. On travaille beaucoup sur \u00e7a pour \u00eatre plus constants dans la course longue mais c&rsquo;est une chose qui n&rsquo;est pas arriv\u00e9e en deux courses. On a progress\u00e9 sur un tour et maintenant on progresse en course.\u00a0\u00bb<\/p>\n<p>Un nouveau moteur test\u00e9 lundi<br \/>\n   <img decoding=\"async\" draggable=\"false\" src=\"https:\/\/www.europesays.com\/fr\/wp-content\/uploads\/2025\/06\/1749162914_275_fabio-quartararo-yamaha-factor.jpg\" alt=\"Fabio Quartararo, Yamaha Factory Racing\" width=\"1200\" height=\"800\" loading=\"lazy\"\/> <\/p>\n<p class=\"title\">Fabio Quartararo<\/p>\n<p class=\"photographer\">Photo de: Gold and Goose Photography \/ LAT Images \/ via Getty Images<\/p>\n<p>Pour continuer sa marche en avant, Yamaha a pr\u00e9vu un <a href=\"https:\/\/fr.motorsport.com\/motogp\/news\/yamaha-grand-prix-essais-developpement\/10729572\/\" target=\"_blank\" rel=\"noopener\">programme d&rsquo;essais intensif apr\u00e8s le GP d&rsquo;Arag\u00f3n<\/a>, entre le test collectif de lundi puis deux journ\u00e9es \u00e0 Barcelone. Quartararo a donn\u00e9 quelques indications sur le programme.<\/p>\n<p>\u00ab\u00a0On va essayer un nouveau moteur lundi. Ensuite, je ne connais pas les autres pi\u00e8ces mais je pense que tout le monde sait qu&rsquo;il nous manque du grip et qu&rsquo;on va essayer de trouver une configuration pour am\u00e9liorer \u00e7a. La seule chose dont j&rsquo;ai connaissance pour le moment est le moteur.\u00a0\u00bb<\/p>\n<p>Ce moteur sera-t-il une \u00e9ni\u00e8me version du quatre cylindres en ligne, qui a <a href=\"https:\/\/fr.motorsport.com\/motogp\/news\/pilotes-yamaha-evolution-moteur-mans\/10720746\/\" target=\"_blank\" rel=\"noopener\">d\u00e9j\u00e0 \u00e9volu\u00e9 au Mans<\/a>, ou le <a href=\"https:\/\/fr.motorsport.com\/motogp\/news\/quartararo-pense-yamaha-optera-v4-2026\/10725831\/\" target=\"_blank\" rel=\"noopener\">fameux V4 que l&rsquo;on attend en comp\u00e9tition en 2026<\/a>\u00a0? Apr\u00e8s une longue moue et un sourire, Quartararo n&rsquo;a pas voulu donner la r\u00e9ponse\u00a0: \u00ab\u00a0On ne sait pas&#8230; ce sera une surprise !\u00a0\u00bb<\/p>\n<p>Lire aussi :<\/p>\n<p>Dans cet article<\/p>\n<p>    Vincent Lalanne-Sicaud\n<\/p>\n<p>    MotoGP\n<\/p>\n<p>    Fabio Quartararo\n<\/p>\n<p>    Yamaha Factory Racing\n<\/p>\n<p>Soyez le premier inform\u00e9 et souscrivez aux alertes mails pour recevoir les infos en temps r\u00e9el<\/p>\n<p>    S&rsquo;abonner aux alertes de news<\/p>\n","protected":false},"excerpt":{"rendered":"Fabio Quartararo voit le GP d&rsquo;Arag\u00f3n comme une occasion de r\u00e9ellement mesurer les progr\u00e8s de Yamaha. Le Fran\u00e7ais&hellip;\n","protected":false},"author":2,"featured_media":155042,"comment_status":"","ping_status":"","sticky":false,"template":"","format":"standard","meta":{"footnotes":""},"categories":[1413],"tags":[1680,1011,27,26452,1457,1456,1458,26453,60,3796],"class_list":{"0":"post-155041","1":"post","2":"type-post","3":"status-publish","4":"format-standard","5":"has-post-thumbnail","7":"category-moto","8":"tag-fabio-quartararo","9":"tag-fr","10":"tag-france","11":"tag-gp-daragu00f3n","12":"tag-moto","13":"tag-motocycle","14":"tag-motogp","15":"tag-motorland-aragu00f3n","16":"tag-sports","17":"tag-yamaha-factory-racing"},"share_on_mastodon":{"url":"https:\/\/pubeurope.com\/@fr\/114633147912786367","error":""},"_links":{"self":[{"href":"https:\/\/www.europesays.com\/fr\/wp-json\/wp\/v2\/posts\/155041","targetHints":{"allow":["GET"]}}],"collection":[{"href":"https:\/\/www.europesays.com\/fr\/wp-json\/wp\/v2\/posts"}],"about":[{"href":"https:\/\/www.europesays.com\/fr\/wp-json\/wp\/v2\/types\/post"}],"author":[{"embeddable":true,"href":"https:\/\/www.europesays.com\/fr\/wp-json\/wp\/v2\/users\/2"}],"replies":[{"embeddable":true,"href":"https:\/\/www.europesays.com\/fr\/wp-json\/wp\/v2\/comments?post=155041"}],"version-history":[{"count":0,"href":"https:\/\/www.europesays.com\/fr\/wp-json\/wp\/v2\/posts\/155041\/revisions"}],"wp:featuredmedia":[{"embeddable":true,"href":"https:\/\/www.europesays.com\/fr\/wp-json\/wp\/v2\/media\/155042"}],"wp:attachment":[{"href":"https:\/\/www.europesays.com\/fr\/wp-json\/wp\/v2\/media?parent=155041"}],"wp:term":[{"taxonomy":"category","embeddable":true,"href":"https:\/\/www.europesays.com\/fr\/wp-json\/wp\/v2\/categories?post=155041"},{"taxonomy":"post_tag","embeddable":true,"href":"https:\/\/www.europesays.com\/fr\/wp-json\/wp\/v2\/tags?post=155041"}],"curies":[{"name":"wp","href":"https:\/\/api.w.org\/{rel}","templated":true}]}}