{"id":155076,"date":"2025-06-05T22:54:10","date_gmt":"2025-06-05T22:54:10","guid":{"rendered":"https:\/\/www.europesays.com\/fr\/155076\/"},"modified":"2025-06-05T22:54:10","modified_gmt":"2025-06-05T22:54:10","slug":"football-on-vous-explique-pourquoi-lasse-est-le-seul-club-a-porter-letoile-tricolore-sur-son-maillot","status":"publish","type":"post","link":"https:\/\/www.europesays.com\/fr\/155076\/","title":{"rendered":"Football. On vous explique pourquoi l\u2019ASSE est le seul club \u00e0 porter l\u2019\u00e9toile tricolore sur son maillot"},"content":{"rendered":"<p>Depuis samedi soir \u00e0 23 heures, la question se pose de savoir si le PSG va enfin rajouter une \u00e9toile sur son maillot apr\u00e8s <a href=\"https:\/\/www.leprogres.fr\/sport\/2025\/05\/31\/la-consecration-du-psg-qui-remporte-la-premiere-ligue-des-champions-de-son-histoire\" target=\"_blank\" rel=\"noopener\">son succ\u00e8s sur l\u2019Inter en finale de Ligue des Champions (5-0)<\/a>, alors qu\u2019aucune r\u00e8gle fixe ne r\u00e9git le championnat fran\u00e7ais.<\/p>\n<p>Diff\u00e9rences d\u2019influences, trop-plein de modestie ou coutumes trop rares pour en faire une v\u00e9ritable tradition, seules deux liquettes fran\u00e7aises portent une \u00e9toile au-dessus de leur \u00e9cusson. Celles de l\u2019ASSE et de l\u2019OM. Symboles de deux courants distincts\u00a0: l\u2019italien et l\u2019anglo-saxon.<\/p>\n<p>Contrairement \u00e0 ses voisins europ\u00e9ens, la France a d\u00fb attendre tr\u00e8s longtemps pour avoir des candidats \u00e9ligibles \u00e0 la piste aux \u00e9toiles. Reims en\u00a01956 et\u00a01959, comme l\u2019ASSE en 1976, ont tous deux tr\u00e9buch\u00e9 sur la derni\u00e8re marche permettant de repartir avec la Coupe des clubs champions. Et, \u00e0 l\u2019inverse de l\u2019Espagne, de&#8230;<\/p>\n","protected":false},"excerpt":{"rendered":"Depuis samedi soir \u00e0 23 heures, la question se pose de savoir si le PSG va enfin rajouter&hellip;\n","protected":false},"author":2,"featured_media":155077,"comment_status":"","ping_status":"","sticky":false,"template":"","format":"standard","meta":{"footnotes":""},"categories":[9653],"tags":[1111,11,4000,2430,7539,1777,674,107,63,1011,27,4002,3367,12,25,4001,7538,517],"class_list":{"0":"post-155076","1":"post","2":"type-post","3":"status-publish","4":"format-standard","5":"has-post-thumbnail","7":"category-saint-etienne","8":"tag-actu","9":"tag-actualites","10":"tag-asse-as-saint-etienne-football","11":"tag-auvergne-rhone-alpes","12":"tag-edition-loire-sud","13":"tag-eu","14":"tag-europe","15":"tag-fil-info","16":"tag-football","17":"tag-fr","18":"tag-france","19":"tag-haute-loire","20":"tag-loire","21":"tag-news","22":"tag-republique-francaise","23":"tag-saint-etienne","24":"tag-saint-etienne-ville","25":"tag-sport"},"share_on_mastodon":{"url":"https:\/\/pubeurope.com\/@fr\/114633222701024408","error":""},"_links":{"self":[{"href":"https:\/\/www.europesays.com\/fr\/wp-json\/wp\/v2\/posts\/155076","targetHints":{"allow":["GET"]}}],"collection":[{"href":"https:\/\/www.europesays.com\/fr\/wp-json\/wp\/v2\/posts"}],"about":[{"href":"https:\/\/www.europesays.com\/fr\/wp-json\/wp\/v2\/types\/post"}],"author":[{"embeddable":true,"href":"https:\/\/www.europesays.com\/fr\/wp-json\/wp\/v2\/users\/2"}],"replies":[{"embeddable":true,"href":"https:\/\/www.europesays.com\/fr\/wp-json\/wp\/v2\/comments?post=155076"}],"version-history":[{"count":0,"href":"https:\/\/www.europesays.com\/fr\/wp-json\/wp\/v2\/posts\/155076\/revisions"}],"wp:featuredmedia":[{"embeddable":true,"href":"https:\/\/www.europesays.com\/fr\/wp-json\/wp\/v2\/media\/155077"}],"wp:attachment":[{"href":"https:\/\/www.europesays.com\/fr\/wp-json\/wp\/v2\/media?parent=155076"}],"wp:term":[{"taxonomy":"category","embeddable":true,"href":"https:\/\/www.europesays.com\/fr\/wp-json\/wp\/v2\/categories?post=155076"},{"taxonomy":"post_tag","embeddable":true,"href":"https:\/\/www.europesays.com\/fr\/wp-json\/wp\/v2\/tags?post=155076"}],"curies":[{"name":"wp","href":"https:\/\/api.w.org\/{rel}","templated":true}]}}