{"id":155086,"date":"2025-06-05T23:00:09","date_gmt":"2025-06-05T23:00:09","guid":{"rendered":"https:\/\/www.europesays.com\/fr\/155086\/"},"modified":"2025-06-05T23:00:09","modified_gmt":"2025-06-05T23:00:09","slug":"un-parvis-a-hauteur-denfants","status":"publish","type":"post","link":"https:\/\/www.europesays.com\/fr\/155086\/","title":{"rendered":"un parvis \u00e0 hauteur d&rsquo;enfants"},"content":{"rendered":"<p>\nL&rsquo;engagement de Montpellier (H\u00e9rault) \u00e0 am\u00e9nager une \u00ab ville \u00e0 hauteur d&rsquo;enfants \u00bb, formalis\u00e9 par son adh\u00e9sion au r\u00e9seau international fond\u00e9 par le chercheur Francesco Tonucci, trouve aujourd&rsquo;hui sa traduction dans l&rsquo;am\u00e9nagement du parvis de l&rsquo;\u00e9cole Joan-Mir\u00f3, au sein de la ZAC R\u00e9publique du quartier Port-Marianne. Les jeux, les arbres et autres plantations, la pergola, ainsi que la liaison \u00e0 une \u00ab Rue des \u00e9coliers \u00bb enti\u00e8rement pi\u00e9tonne, rendent le lieu agr\u00e9able et s\u00fbr.<\/p>\n<p>Changement climatique<\/p>\n<p>\nL&rsquo;op\u00e9ration est la premi\u00e8re brique d&rsquo;un ensemble d&rsquo;espaces publics prenant en compte le changement climatique, con\u00e7us par l&rsquo;urbaniste Pierre Tourre, associ\u00e9 au bureau d&rsquo;\u00e9tudes Tecta et \u00e0 Richier Paysage. R\u00e9alis\u00e9e sous ma\u00eetrise d&rsquo;ouvrage de la SA3M par un groupement conduit par Eurovia, elle a mobilis\u00e9 un investissement de 320 000 euros HT. Le quartier de la Mosson est l&rsquo;autre secteur retenu pour d\u00e9ployer les principes d\u00e9velopp\u00e9s par Francesco Tonucci, notamment l&rsquo;implication des enfants dans la conception des espaces publics.<\/p>\n<p class=\"editoTitleType1 editoTitleType1--lagoon is-uppercase\">S\u00e9lectionn\u00e9 <b>pour vous<\/b><\/p>\n<p><a class=\"editoCardType21__link editoCardType21__containerImage\" href=\"https:\/\/www.lemoniteur.fr\/article\/espaces-publics-la-place-max-rouquette-a-montpellier-se-metamorphose-en-jardin-urbain.2345739\" data-xiti-name=\"2345739\" target=\"_blank\" rel=\"noopener\"><br \/>\n<img decoding=\"async\" src=\"data:image\/gif;base64,R0lGODdhAQABAPAAAMPDwwAAACwAAAAAAQABAAACAkQBADs=\" data-original=\"\/mediatheque\/1\/3\/0\/002435031_256x170_c.jpg\" alt=\"Espaces publics : la place Max-Rouquette \u00e0 Montpellier se m\u00e9tamorphose en jardin urbain \"\/><br \/>\n<\/a><\/p>\n","protected":false},"excerpt":{"rendered":"L&rsquo;engagement de Montpellier (H\u00e9rault) \u00e0 am\u00e9nager une \u00ab ville \u00e0 hauteur d&rsquo;enfants \u00bb, formalis\u00e9 par son adh\u00e9sion au&hellip;\n","protected":false},"author":2,"featured_media":155087,"comment_status":"","ping_status":"","sticky":false,"template":"","format":"standard","meta":{"footnotes":""},"categories":[9599],"tags":[1111,11,28515,1350,4734,28516,1777,674,1011,27,7089,1252,2208,12,2680,25,1352],"class_list":{"0":"post-155086","1":"post","2":"type-post","3":"status-publish","4":"format-standard","5":"has-post-thumbnail","7":"category-montpellier","8":"tag-actu","9":"tag-actualites","10":"tag-adaptation-au-changeme","11":"tag-architecture","12":"tag-changement-climatique","13":"tag-espaces-publics","14":"tag-eu","15":"tag-europe","16":"tag-fr","17":"tag-france","18":"tag-herault","19":"tag-mediterranee","20":"tag-montpellier","21":"tag-news","22":"tag-occitanie","23":"tag-republique-francaise","24":"tag-urbanisme"},"share_on_mastodon":{"url":"https:\/\/pubeurope.com\/@fr\/114633246242410574","error":""},"_links":{"self":[{"href":"https:\/\/www.europesays.com\/fr\/wp-json\/wp\/v2\/posts\/155086","targetHints":{"allow":["GET"]}}],"collection":[{"href":"https:\/\/www.europesays.com\/fr\/wp-json\/wp\/v2\/posts"}],"about":[{"href":"https:\/\/www.europesays.com\/fr\/wp-json\/wp\/v2\/types\/post"}],"author":[{"embeddable":true,"href":"https:\/\/www.europesays.com\/fr\/wp-json\/wp\/v2\/users\/2"}],"replies":[{"embeddable":true,"href":"https:\/\/www.europesays.com\/fr\/wp-json\/wp\/v2\/comments?post=155086"}],"version-history":[{"count":0,"href":"https:\/\/www.europesays.com\/fr\/wp-json\/wp\/v2\/posts\/155086\/revisions"}],"wp:featuredmedia":[{"embeddable":true,"href":"https:\/\/www.europesays.com\/fr\/wp-json\/wp\/v2\/media\/155087"}],"wp:attachment":[{"href":"https:\/\/www.europesays.com\/fr\/wp-json\/wp\/v2\/media?parent=155086"}],"wp:term":[{"taxonomy":"category","embeddable":true,"href":"https:\/\/www.europesays.com\/fr\/wp-json\/wp\/v2\/categories?post=155086"},{"taxonomy":"post_tag","embeddable":true,"href":"https:\/\/www.europesays.com\/fr\/wp-json\/wp\/v2\/tags?post=155086"}],"curies":[{"name":"wp","href":"https:\/\/api.w.org\/{rel}","templated":true}]}}