{"id":155088,"date":"2025-06-05T23:01:32","date_gmt":"2025-06-05T23:01:32","guid":{"rendered":"https:\/\/www.europesays.com\/fr\/155088\/"},"modified":"2025-06-05T23:01:32","modified_gmt":"2025-06-05T23:01:32","slug":"a-grand-quevilly-un-metier-a-tisser-pour-retisser-du-lien-social","status":"publish","type":"post","link":"https:\/\/www.europesays.com\/fr\/155088\/","title":{"rendered":"\u00c0 Grand-Quevilly, un m\u00e9tier \u00e0 tisser pour retisser du lien social"},"content":{"rendered":"<p>\t\t\t\t\t \u00c0 Grand-Quevilly, sur la place Kennedy, une sc\u00e8ne peu commune s\u2019offre chaque semaine aux riverains : un m\u00e9tier \u00e0 tisser, install\u00e9 en plein air, tenu par une artiste, Anne-Sarah Faget. Elle y est pr\u00e9sente pendant deux heures, une fois par semaine, \u00e0 des dates choisies au fil des \u00e9changes avec les habitants. <\/p>\n<p>Pas d\u2019affiche tapageuse ni d\u2019horaires fixes : ce rendez-vous s\u2019improvise, se co-construit. Il s\u2019adresse avant tout aux habitants du quartier Kennedy, mais reste ouvert \u00e0 tous les curieux qui croiseraient l\u2019artiste.\n\t\t\t\t <\/p>\n","protected":false},"excerpt":{"rendered":"\u00c0 Grand-Quevilly, sur la place Kennedy, une sc\u00e8ne peu commune s\u2019offre chaque semaine aux riverains : un m\u00e9tier&hellip;\n","protected":false},"author":2,"featured_media":155089,"comment_status":"","ping_status":"","sticky":false,"template":"","format":"standard","meta":{"footnotes":""},"categories":[9587],"tags":[1111,11,1777,674,1011,27,1934,12,5161,25,9590,5163],"class_list":{"0":"post-155088","1":"post","2":"type-post","3":"status-publish","4":"format-standard","5":"has-post-thumbnail","7":"category-rouen","8":"tag-actu","9":"tag-actualites","10":"tag-eu","11":"tag-europe","12":"tag-fr","13":"tag-france","14":"tag-infos-locales","15":"tag-news","16":"tag-normandie","17":"tag-republique-francaise","18":"tag-rouen","19":"tag-seine-maritime"},"share_on_mastodon":{"url":"https:\/\/pubeurope.com\/@fr\/114633250116574903","error":""},"_links":{"self":[{"href":"https:\/\/www.europesays.com\/fr\/wp-json\/wp\/v2\/posts\/155088","targetHints":{"allow":["GET"]}}],"collection":[{"href":"https:\/\/www.europesays.com\/fr\/wp-json\/wp\/v2\/posts"}],"about":[{"href":"https:\/\/www.europesays.com\/fr\/wp-json\/wp\/v2\/types\/post"}],"author":[{"embeddable":true,"href":"https:\/\/www.europesays.com\/fr\/wp-json\/wp\/v2\/users\/2"}],"replies":[{"embeddable":true,"href":"https:\/\/www.europesays.com\/fr\/wp-json\/wp\/v2\/comments?post=155088"}],"version-history":[{"count":0,"href":"https:\/\/www.europesays.com\/fr\/wp-json\/wp\/v2\/posts\/155088\/revisions"}],"wp:featuredmedia":[{"embeddable":true,"href":"https:\/\/www.europesays.com\/fr\/wp-json\/wp\/v2\/media\/155089"}],"wp:attachment":[{"href":"https:\/\/www.europesays.com\/fr\/wp-json\/wp\/v2\/media?parent=155088"}],"wp:term":[{"taxonomy":"category","embeddable":true,"href":"https:\/\/www.europesays.com\/fr\/wp-json\/wp\/v2\/categories?post=155088"},{"taxonomy":"post_tag","embeddable":true,"href":"https:\/\/www.europesays.com\/fr\/wp-json\/wp\/v2\/tags?post=155088"}],"curies":[{"name":"wp","href":"https:\/\/api.w.org\/{rel}","templated":true}]}}