{"id":155090,"date":"2025-06-05T23:04:26","date_gmt":"2025-06-05T23:04:26","guid":{"rendered":"https:\/\/www.europesays.com\/fr\/155090\/"},"modified":"2025-06-05T23:04:26","modified_gmt":"2025-06-05T23:04:26","slug":"des-milliers-de-musulmans-attendus-au-palais-des-sports","status":"publish","type":"post","link":"https:\/\/www.europesays.com\/fr\/155090\/","title":{"rendered":"des milliers de musulmans attendus au Palais des Sports"},"content":{"rendered":"<p>            Par<br \/>\n        <strong><br \/>\n            <a href=\"https:\/\/actu.fr\/auteur\/lisa-rodrigues\" title=\"Consulter tous les articles de Lisa Rodrigues\" rel=\"nofollow noopener\" target=\"_blank\">Lisa Rodrigues<\/a><br \/>\n        <\/strong><\/p>\n<p>        Publi\u00e9 le<\/p>\n<p>            5 juin 2025 \u00e0 10h38        <\/p>\n<p>Vendredi 6 juin 2025 est un jour important pour les musulmans : c\u2019est \u00e0 cette date que va se d\u00e9rouler <strong>l\u2019A\u00efd el-Kebir<\/strong>, ou A\u00efd al-Adha, l\u2019une des principales f\u00eates de la religion musulmane.\u00a0<\/p>\n<p class=\" wall-content\">Les musulmans souhaitant partager ce moment sont ainsi invit\u00e9s \u00e0 <strong>se retrouver au Palais des Sports<\/strong> de <a href=\"https:\/\/actu.fr\/auvergne-rhone-alpes\/grenoble_38185\" rel=\"nofollow noopener\" target=\"_blank\">Grenoble<\/a>, pour plusieurs temps de pri\u00e8re le vendredi.<\/p>\n<p>    <a href=\"https:\/\/www.google.com\/maps\/embed?pb=!1m18!1m12!1m3!1d2812.073554634598!2d5.738169676135384!3d45.18560727107084!2m3!1f0!2f0!3f0!3m2!1i1024!2i768!4f13.1!3m3!1m2!1s0x478af4f06eea8715%3A0x814d9b8e20120d75!2sPalais%20des%20Sports%20Pierre%20Mend%C3%A8s%20France!5e0!3m2!1sfr!2sfr!4v1749109610525!5m2!1sfr!2sfr\" title=\"Ouvrie le lien\" rel=\"nofollow noopener\" target=\"_blank\">Cliquez ici pour visualiser le contenu<\/a><\/p>\n<p>Premier rassemblement depuis la fin du ramadan<\/p>\n<p class=\" wall-content\">Les horaires exacts des temps de pri\u00e8re \u2013 en matin\u00e9e \u2013 sont indiqu\u00e9s sur les r\u00e9seaux sociaux des organisateurs, qui recommandent \u00e9galement aux croyants d\u2019apporter son tapis de pri\u00e8re et un sac pour ses chaussures.\u00a0<\/p>\n<p>    <a href=\"https:\/\/www.facebook.com\/plugins\/post.php?href=https%3A%2F%2Fwww.facebook.com%2Famsoe.asso.3%2Fposts%2Fpfbid0249BxUhEuqjBJGGeid4GDPuWhScuQcxpTTGrZmW4XpX9M3M4RAEjPtPp7N7mZiDRQl&amp;show_text=true&amp;width=350\" title=\"Ouvrie le lien\" rel=\"nofollow noopener\" target=\"_blank\">Cliquez ici pour visualiser le contenu<\/a><\/p>\n<p>Vid\u00e9os : en ce moment sur Actu<\/p>\n<p class=\" wall-content\">Ceux qui ne pourraient pas s\u2019y rendre, mais souhaiteraient se rassembler, ont \u00e0 disposition d\u2019autres lieux de pri\u00e8re sur la M\u00e9tropole de Grenoble.<\/p>\n<p class=\" wall-content\">Ce n\u2019est pas la premi\u00e8re fois que les musulmans grenoblois se rassemblent pour les grands \u00e9v\u00e9nements de leur calendrier religieux. Ainsi, <strong>plusieurs milliers d\u2019entre eux se sont rassembl\u00e9s en mars dernier<\/strong> \u00e0 <a href=\"https:\/\/actu.fr\/tag\/alpexpo\" rel=\"nofollow noopener\" target=\"_blank\">Alpexpo<\/a> pour c\u00e9l\u00e9brer la fin du ramadan.<\/p>\n<p>Des sites d\u00e9di\u00e9s pour l\u2019abattage rituel<\/p>\n<p class=\" wall-content\">La pr\u00e9fecture de l\u2019<a href=\"https:\/\/actu.fr\/auvergne-rhone-alpes\/isere_38\" rel=\"nofollow noopener\" target=\"_blank\">Is\u00e8re<\/a> a aussi profit\u00e9 de ce moment pour rappeler les <strong>r\u00e8gles de \u00ab\u00a0bonnes pratiques sanitaires\u00a0\u00bb<\/strong> pour les musulmans souhaitant c\u00e9l\u00e9brer l\u2019A\u00efd el-K\u00e9bir (\u00ab\u00a0f\u00eate du sacrifice\u00a0\u00bb) par un abattage rituel d\u2019un animal.<\/p>\n<p class=\" wall-content\"><strong>Trois sites<\/strong> sont autoris\u00e9s \u00e0 proc\u00e9der \u00e0 l\u2019abattage : l\u2019abattoir de Grenoble-Fontanil-Cornillon pour fournir les bouchers, et deux professionnels \u00e0 Roissard et Savas-M\u00e9pin pour fournir les particuliers.<\/p>\n<p class=\" wall-content\">Les services de l\u2019\u00c9tat indiquent \u00e9galement qu\u2019il est interdit \u00ab\u00a0d\u2019acheter, d\u00e9tenir et de transporter des ovins, caprins ou des bovins\u00a0\u00bb depuis le 15 mai, et ce, jusqu\u2019au 22 juin. Ceci dans le but d\u2019\u00e9viter l\u2019apparition d\u2019abattoirs clandestins.<\/p>\n<p class=\" wall-content\">Suivez toute l\u2019actualit\u00e9 de vos villes et m\u00e9dias favoris en vous inscrivant \u00e0 <a href=\"https:\/\/moncompte.actu.fr\" title=\"D\u00e9couvez Mon Actu\" rel=\"nofollow noopener\" data-trk=\"{&quot;cta&quot;:{&quot;action&quot;:&quot;https:\\\/\\\/moncompte.actu.fr&quot;,&quot;category&quot;:&quot;mon compte&quot;,&quot;from&quot;:&quot;article footer&quot;,&quot;name&quot;:&quot;Mon actu&quot;,&quot;type&quot;:&quot;cta&quot;}}\" target=\"_blank\">Mon Actu<\/a>.<\/p>\n","protected":false},"excerpt":{"rendered":"Par Lisa Rodrigues Publi\u00e9 le 5 juin 2025 \u00e0 10h38 Vendredi 6 juin 2025 est un jour important&hellip;\n","protected":false},"author":2,"featured_media":155091,"comment_status":"","ping_status":"","sticky":false,"template":"","format":"standard","meta":{"footnotes":""},"categories":[9566],"tags":[1111,11,2430,1777,674,1011,27,2731,5318,12,4020,25,104],"class_list":{"0":"post-155090","1":"post","2":"type-post","3":"status-publish","4":"format-standard","5":"has-post-thumbnail","7":"category-grenoble","8":"tag-actu","9":"tag-actualites","10":"tag-auvergne-rhone-alpes","11":"tag-eu","12":"tag-europe","13":"tag-fr","14":"tag-france","15":"tag-grenoble","16":"tag-islam","17":"tag-news","18":"tag-religion","19":"tag-republique-francaise","20":"tag-societe"},"share_on_mastodon":{"url":"https:\/\/pubeurope.com\/@fr\/114633262262482887","error":""},"_links":{"self":[{"href":"https:\/\/www.europesays.com\/fr\/wp-json\/wp\/v2\/posts\/155090","targetHints":{"allow":["GET"]}}],"collection":[{"href":"https:\/\/www.europesays.com\/fr\/wp-json\/wp\/v2\/posts"}],"about":[{"href":"https:\/\/www.europesays.com\/fr\/wp-json\/wp\/v2\/types\/post"}],"author":[{"embeddable":true,"href":"https:\/\/www.europesays.com\/fr\/wp-json\/wp\/v2\/users\/2"}],"replies":[{"embeddable":true,"href":"https:\/\/www.europesays.com\/fr\/wp-json\/wp\/v2\/comments?post=155090"}],"version-history":[{"count":0,"href":"https:\/\/www.europesays.com\/fr\/wp-json\/wp\/v2\/posts\/155090\/revisions"}],"wp:featuredmedia":[{"embeddable":true,"href":"https:\/\/www.europesays.com\/fr\/wp-json\/wp\/v2\/media\/155091"}],"wp:attachment":[{"href":"https:\/\/www.europesays.com\/fr\/wp-json\/wp\/v2\/media?parent=155090"}],"wp:term":[{"taxonomy":"category","embeddable":true,"href":"https:\/\/www.europesays.com\/fr\/wp-json\/wp\/v2\/categories?post=155090"},{"taxonomy":"post_tag","embeddable":true,"href":"https:\/\/www.europesays.com\/fr\/wp-json\/wp\/v2\/tags?post=155090"}],"curies":[{"name":"wp","href":"https:\/\/api.w.org\/{rel}","templated":true}]}}