{"id":155096,"date":"2025-06-05T23:08:09","date_gmt":"2025-06-05T23:08:09","guid":{"rendered":"https:\/\/www.europesays.com\/fr\/155096\/"},"modified":"2025-06-05T23:08:09","modified_gmt":"2025-06-05T23:08:09","slug":"previsions-du-vendredi-6-juin-2025","status":"publish","type":"post","link":"https:\/\/www.europesays.com\/fr\/155096\/","title":{"rendered":"pr\u00e9visions du vendredi 6 juin 2025"},"content":{"rendered":"<p>Aujourd&rsquo;hui, \u00e0 Strasbourg, des nuages ne voudront pas c\u00e9der leur place au soleil. Les valeurs s&rsquo;\u00e9chelonneront entre 15 et 22\u00b0C. Une petite brise de sud-ouest sera ressentie par les habitants. La grisaille ne se dissipe toujours pas, il va y avoir encore des nuages le matin. Du mauvais temps est \u00e0 pr\u00e9voir. Des pluies \u00e9parses vont tomber. Le mercure affichera 19\u00b0C en moyenne. L&rsquo;apr\u00e8s-midi se passera sous un ciel mitig\u00e9, rythm\u00e9 par de petites averses. Les temp\u00e9ratures afficheront entre 17\u00b0C et 22\u00b0C. Le soir, le vent va progressivement chasser la grisaille. Il fera 17\u00b0C en moyenne. Durant votre sommeil, dans la nuit de vendredi \u00e0 samedi, le ciel sera clair.<\/p>\n<p>Encore de la grisaille demain. Les nuages vont s&rsquo;attarder sur Strasbourg. Il va pleuvoir. Une chute des temp\u00e9ratures est pr\u00e9vue. Il va faire en moyenne 18\u00b0C. Un vent de sud-ouest rafra\u00eechira l\u00e9g\u00e8rement l&rsquo;atmosph\u00e8re. On observera la pr\u00e9sence persistante de nuages le matin. Les temp\u00e9ratures avoisineront les 17\u00b0C. Demain apr\u00e8s-midi, le soleil sera cach\u00e9 derri\u00e8re des nuages. D&rsquo;un autre c\u00f4t\u00e9, une m\u00e9t\u00e9o plus chaude est \u00e0 pr\u00e9voir puisque les temp\u00e9ratures vont conna\u00eetre une l\u00e9g\u00e8re hausse. Les valeurs s&rsquo;\u00e9chelonneront de 21 \u00e0 22\u00b0C. Demain soir, toujours des nuages dans le ciel qui emp\u00eachent le soleil d&rsquo;appara\u00eetre. Des pluies \u00e9parses tomberont.<\/p>\n<p>La m\u00e9t\u00e9o des jours suivants va s&rsquo;am\u00e9liorer. Il fera 15\u00b0C en moyenne pour des journ\u00e9es avec un temps ensoleill\u00e9.<\/p>\n<p>Les mamans seront \u00e0 l&rsquo;honneur demain pour la f\u00eate des m\u00e8res : agr\u00e9able f\u00eate \u00e0 elles !<\/p>\n","protected":false},"excerpt":{"rendered":"Aujourd&rsquo;hui, \u00e0 Strasbourg, des nuages ne voudront pas c\u00e9der leur place au soleil. Les valeurs s&rsquo;\u00e9chelonneront entre 15&hellip;\n","protected":false},"author":2,"featured_media":155097,"comment_status":"","ping_status":"","sticky":false,"template":"","format":"standard","meta":{"footnotes":""},"categories":[2820],"tags":[1111,11,2389,2649,1777,674,1011,27,775,12,2119,25,640],"class_list":{"0":"post-155096","1":"post","2":"type-post","3":"status-publish","4":"format-standard","5":"has-post-thumbnail","7":"category-strasbourg","8":"tag-actu","9":"tag-actualites","10":"tag-alsace","11":"tag-bas-rhin","12":"tag-eu","13":"tag-europe","14":"tag-fr","15":"tag-france","16":"tag-grand-est","17":"tag-news","18":"tag-previsions-meteo","19":"tag-republique-francaise","20":"tag-strasbourg"},"share_on_mastodon":{"url":"https:\/\/pubeurope.com\/@fr\/114633277784847623","error":""},"_links":{"self":[{"href":"https:\/\/www.europesays.com\/fr\/wp-json\/wp\/v2\/posts\/155096","targetHints":{"allow":["GET"]}}],"collection":[{"href":"https:\/\/www.europesays.com\/fr\/wp-json\/wp\/v2\/posts"}],"about":[{"href":"https:\/\/www.europesays.com\/fr\/wp-json\/wp\/v2\/types\/post"}],"author":[{"embeddable":true,"href":"https:\/\/www.europesays.com\/fr\/wp-json\/wp\/v2\/users\/2"}],"replies":[{"embeddable":true,"href":"https:\/\/www.europesays.com\/fr\/wp-json\/wp\/v2\/comments?post=155096"}],"version-history":[{"count":0,"href":"https:\/\/www.europesays.com\/fr\/wp-json\/wp\/v2\/posts\/155096\/revisions"}],"wp:featuredmedia":[{"embeddable":true,"href":"https:\/\/www.europesays.com\/fr\/wp-json\/wp\/v2\/media\/155097"}],"wp:attachment":[{"href":"https:\/\/www.europesays.com\/fr\/wp-json\/wp\/v2\/media?parent=155096"}],"wp:term":[{"taxonomy":"category","embeddable":true,"href":"https:\/\/www.europesays.com\/fr\/wp-json\/wp\/v2\/categories?post=155096"},{"taxonomy":"post_tag","embeddable":true,"href":"https:\/\/www.europesays.com\/fr\/wp-json\/wp\/v2\/tags?post=155096"}],"curies":[{"name":"wp","href":"https:\/\/api.w.org\/{rel}","templated":true}]}}