{"id":15510,"date":"2025-04-10T17:31:29","date_gmt":"2025-04-10T17:31:29","guid":{"rendered":"https:\/\/www.europesays.com\/fr\/15510\/"},"modified":"2025-04-10T17:31:29","modified_gmt":"2025-04-10T17:31:29","slug":"en-images-revisez-les-repliques-cultes-de-brice-de-nice","status":"publish","type":"post","link":"https:\/\/www.europesays.com\/fr\/15510\/","title":{"rendered":"En images. R\u00e9visez les r\u00e9pliques cultes de \u00ab\u00a0Brice de Nice\u00a0\u00bb"},"content":{"rendered":"<p><a href=\"https:\/\/www.20minutes.fr\/journaliste\/jeremy-vial\" target=\"_blank\" rel=\"noopener\"><img decoding=\"async\" class=\"c-avatar c-avatar--media\" src=\"data:image\/svg+xml,%3Csvg%20xmlns='http:\/\/www.w3.org\/2000\/svg'%20width='40'%20height='40'%3E%3C\/svg%3E\" alt=\"J\u00e9r\u00e9my Vial\"\/><\/p>\n<p class=\"font-weight-bold@xs text-s@xs\">J\u00e9r\u00e9my Vial<\/p>\n<p class=\"mt-xxs-2@xs color-grey-400 text-xxs@xs\">Publi\u00e9 le 09\/04\/2025 \u00e0 11h43 \u2022 Mis \u00e0 jour le 09\/04\/2025 \u00e0 11h45<\/p>\n<p><\/a><\/p>\n<p>Voici une <a href=\"https:\/\/www.20minutes.fr\/dossier\/comedie\" class=\"color-ultramarine c-link\" target=\"_blank\" rel=\"noopener\">com\u00e9die<\/a> culte que les moins de 20 ans vont pouvoir red\u00e9couvrir. Il y a deux d\u00e9cennies donc, <a href=\"https:\/\/www.youtube.com\/watch?v=uRYtvSMfMR0&amp;pp=0gcJCfcAhR29_xXO\" rel=\"nofollow noopener\" target=\"_blank\" class=\"color-ultramarine c-link\">Brice de Nice<\/a> sortait dans les salles de <a href=\"https:\/\/www.20minutes.fr\/arts-stars\/cinema\/\" class=\"color-ultramarine c-link\" target=\"_blank\" rel=\"noopener\">cin\u00e9ma<\/a>. Pour  c\u00e9l\u00e9brer cette anniversaire, le film port\u00e9 par Jean Dujardin ressort en salle ce mercredi. Et, avec lui, des r\u00e9pliques cultes, reprises par les 4,3\u00a0millions de t\u00e9l\u00e9spectateurs et m\u00eame par celles et ceux qui n\u2019ont pas vu le <a href=\"https:\/\/www.20minutes.fr\/dossier\/film\" class=\"color-ultramarine c-link\" target=\"_blank\" rel=\"noopener\">film<\/a>, multidiffus\u00e9 par la suite \u00e0 la <a href=\"https:\/\/www.20minutes.fr\/arts-stars\/television\/\" class=\"color-ultramarine c-link\" target=\"_blank\" rel=\"noopener\">t\u00e9l\u00e9vision<\/a>.<\/p>\n<p>Brice, incarn\u00e9 par <a href=\"https:\/\/www.20minutes.fr\/arts-stars\/cinema\/jean-dujardin\/\" class=\"color-ultramarine c-link\" target=\"_blank\" rel=\"noopener\">Jean Dujardin<\/a>, est un \u00e9ternel ado de presque trente ans, compl\u00e8tement d\u00e9laiss\u00e9 par ses parents. Le jeune homme s\u2019est alors forg\u00e9 un personnage \u00e0 la chevelure longue et blonde, et avec un style bien \u00e0 lui. Pour faire simple, Brice est devenu un surfeur, winner, ascendant snowboarder\u2026 qui attend d\u00e9sesp\u00e9r\u00e9ment la vague, sur la plage de\u2026 <a href=\"https:\/\/www.20minutes.fr\/nice\/\" class=\"color-ultramarine c-link\" target=\"_blank\" rel=\"noopener\">Nice<\/a>.<\/p>\n<p>Au-del\u00e0 de son look, le jeune homme excellent dans l\u2019art de \u00ab\u00a0casser\u00a0\u00bb tout le monde, avec des r\u00e9pliques savoureuses, dont certaines sont rest\u00e9es cultes. Pr\u00eat pour une vague de punchlines bien cassantes\u00a0? Ce diapo 100\u00a0% Brice est pour vous.<\/p>\n<p><img fetchpriority=\"high\" decoding=\"async\" alt=\"Jean Dujardin dans le r\u00f4le de Brice de Nice.\" class=\"mb-s@xs radius-0@xs radius-xxs@md c-img\" loading=\"eager\" width=\"640\" height=\"408\" src=\"https:\/\/www.europesays.com\/fr\/wp-content\/uploads\/2025\/04\/640x408_jean-dujardin-dans-le-role-de-brice-de-nice.jpeg; charset=utf-8\" \/>Jean Dujardin dans le r\u00f4le de Brice de Nice.\u2002-\u00a0Thibault Grabherr\u2002\/\u00a0Thibault Grabherr<\/p>\n<p> \u00abT\u2019es comme le \u00ab\u00a0c c\u00e9dille\u00a0\u00bb de surf\u2026 T\u2019existes pas\u00a0!\u00a0\u00bb<\/p>\n<p><img decoding=\"async\" alt=\"\u00ab\u00a0Brice de Nice\u00a0\u00bb est sorti en salles, le 6\u00a0avril 2005.\" class=\"mb-s@xs mx-auto@xs radius-0@xs radius-xxs@md c-img c-img--is-portrait\" loading=\"eager\" width=\"310\" src=\"https:\/\/www.europesays.com\/fr\/wp-content\/uploads\/2025\/04\/310x0_brice-de-nice-est-sorti-en-salles-le-6-avril-2005.jpeg; charset=utf-8\" \/>\u00ab\u00a0Brice de Nice\u00a0\u00bb est sorti en salles, le 6\u00a0avril 2005.\u2002-\u00a0TFM Distribution\u2002\/\u00a0TFM Distribution<\/p>\n<p> \u00abMais t\u2019es invalide des deux mains, ou c\u2019est ton kiff de te prendre des murs\u00a0?\u00a0\u00bb<\/p>\n<p><img decoding=\"async\" alt=\"\u00ab\u00a0Brice de Nice\u00a0\u00bb est sorti en salles, le 6\u00a0avril 2005.\" class=\"mb-s@xs mx-auto@xs radius-0@xs radius-xxs@md c-img c-img--is-portrait\" loading=\"eager\" width=\"310\" src=\"https:\/\/www.europesays.com\/fr\/wp-content\/uploads\/2025\/04\/1744306287_898_310x0_brice-de-nice-est-sorti-en-salles-le-6-avril-2005.jpeg; charset=utf-8\" \/>\u00ab\u00a0Brice de Nice\u00a0\u00bb est sorti en salles, le 6\u00a0avril 2005.\u2002-\u00a0TFM Distribution\u2002\/\u00a0TFM Distribution<\/p>\n<p> \u00abJ\u2019te fascine hein\u2026\u00a0? Allez viens on parle de moi\u00a0!\u00a0\u00bb<\/p>\n<p><img decoding=\"async\" alt=\"Clovis Cornillac, dans le r\u00f4le de Marius, donne la r\u00e9plique \u00e0 Jean Dujardin dans \u00ab\u00a0Brice de Nice\u00a0\u00bb.\" class=\"mb-s@xs radius-0@xs radius-xxs@md c-img\" loading=\"eager\" width=\"640\" height=\"408\" src=\"https:\/\/www.europesays.com\/fr\/wp-content\/uploads\/2025\/04\/640x408_clovis-cornillac-donne-la-replique-a-jean-dujardin-dans-brice-de-nice.jpeg; charset=utf-8\" \/>Clovis Cornillac, dans le r\u00f4le de Marius, donne la r\u00e9plique \u00e0 Jean Dujardin dans \u00ab\u00a0Brice de Nice\u00a0\u00bb.\u2002-\u00a0Thibault Grabherr\u2002\/\u00a0Thibault Grabherr<\/p>\n<p> \u00abTu sais comme ta t\u00eate va pas du tout avec ton corps. J\u2019tai cass\u00e9\u00a0!\u00a0\u00bb<\/p>\n<p><img decoding=\"async\" alt=\"\u00ab\u00a0Brice de Nice\u00a0\u00bb est sorti en salles, le 6\u00a0avril 2005.\" class=\"mb-s@xs mx-auto@xs radius-0@xs radius-xxs@md c-img c-img--is-portrait\" loading=\"eager\" width=\"310\" src=\"https:\/\/www.europesays.com\/fr\/wp-content\/uploads\/2025\/04\/1744306288_761_310x0_brice-de-nice-est-sorti-en-salles-le-6-avril-2005.jpeg; charset=utf-8\" \/>\u00ab\u00a0Brice de Nice\u00a0\u00bb est sorti en salles, le 6\u00a0avril 2005.\u2002-\u00a0TFM Distribution\u2002\/\u00a0TFM Distribution<\/p>\n<p>&#8211; \u00ab\u00a0Tu sais pas \u00e0 qui t\u2019as \u00e0 faire, moi j\u2019ai bouff\u00e9 des m\u00e9duses.-\u2026 C\u2019est pour \u00e7a que t\u2019es transparent alors\u00a0!\u00a0\u00bb<\/p>\n<p><img decoding=\"async\" alt=\"\u00ab\u00a0Brice de Nice\u00a0\u00bb est sorti en salles, le 6\u00a0avril 2005.\" class=\"mb-s@xs mx-auto@xs radius-0@xs radius-xxs@md c-img c-img--is-portrait\" loading=\"eager\" width=\"310\" src=\"https:\/\/www.europesays.com\/fr\/wp-content\/uploads\/2025\/04\/1744306288_761_310x0_brice-de-nice-est-sorti-en-salles-le-6-avril-2005.jpeg; charset=utf-8\" \/>\u00ab\u00a0Brice de Nice\u00a0\u00bb est sorti en salles, le 6\u00a0avril 2005.\u2002-\u00a0TFM Distribution\u2002\/\u00a0TFM Distribution<\/p>\n<p> \u00abTu sais que t\u2019es physiquement intelligente toi.\u00a0\u00bb<\/p>\n<p><img decoding=\"async\" alt=\"Clovis Cornillac, dans le r\u00f4le de Marius, donne la r\u00e9plique \u00e0 Jean Dujardin dans \u00ab\u00a0Brice de Nice\u00a0\u00bb.\" class=\"mb-s@xs radius-0@xs radius-xxs@md c-img\" loading=\"eager\" width=\"640\" height=\"408\" src=\"https:\/\/www.europesays.com\/fr\/wp-content\/uploads\/2025\/04\/640x408_clovis-cornillac-dans-le-role-de-marius-donne-la-replique-a-jean-dujardin-dans-brice-de-nice.jpeg; charset=utf-8\" \/>Clovis Cornillac, dans le r\u00f4le de Marius, donne la r\u00e9plique \u00e0 Jean Dujardin dans \u00ab\u00a0Brice de Nice\u00a0\u00bb.\u2002-\u00a0Thibault Grabherr\u2002\/\u00a0Thibault Grabherr<\/p>\n<p> \u00abPas de violence, c\u2019est les vacances\u00a0!\u00a0\u00bb<\/p>\n<p><img decoding=\"async\" alt=\"\u00ab\u00a0Brice de Nice\u00a0\u00bb est sorti en salles, le 6\u00a0avril 2005.\" class=\"mb-s@xs mx-auto@xs radius-0@xs radius-xxs@md c-img c-img--is-portrait\" loading=\"eager\" width=\"310\" src=\"https:\/\/www.europesays.com\/fr\/wp-content\/uploads\/2025\/04\/1744306287_898_310x0_brice-de-nice-est-sorti-en-salles-le-6-avril-2005.jpeg; charset=utf-8\" \/>\u00ab\u00a0Brice de Nice\u00a0\u00bb est sorti en salles, le 6\u00a0avril 2005.\u2002-\u00a0TFM Distribution\u2002\/\u00a0TFM Distribution<\/p>\n<p> \u00abFaux\u00a0! Faux\u00a0! Compl\u00e8tement faux\u00a0! J\u2019ai envie de te dire menteur\u00a0!\u00a0\u00bb<\/p>\n<p><img decoding=\"async\" alt=\"\u00ab\u00a0Brice de Nice\u00a0\u00bb est sorti en salles, le 6\u00a0avril 2005.\" class=\"mb-s@xs mx-auto@xs radius-0@xs radius-xxs@md c-img c-img--is-portrait\" loading=\"eager\" width=\"310\" src=\"https:\/\/www.europesays.com\/fr\/wp-content\/uploads\/2025\/04\/1744306289_846_310x0_brice-de-nice-est-sorti-en-salles-le-6-avril-2005.jpeg; charset=utf-8\" \/>\u00ab\u00a0Brice de Nice\u00a0\u00bb est sorti en salles, le 6\u00a0avril 2005.\u2002-\u00a0TFM Distribution\u2002\/\u00a0TFM Distribution<\/p>\n<p> \u00abJ\u2019suis le roi d\u2019la glisse, pas besoin d\u2019notice, sur les autres surfaces, j\u2019suis le roi d\u2019la casse\u00a0!\u00a0\u00bb<\/p>\n<p><img decoding=\"async\" alt=\"Clovis Cornillac, dans le r\u00f4le de Marius, donne la r\u00e9plique \u00e0 Jean Dujardin dans \u00ab\u00a0Brice de Nice\u00a0\u00bb.\" class=\"mb-s@xs radius-0@xs radius-xxs@md c-img\" loading=\"eager\" width=\"640\" height=\"408\" src=\"https:\/\/www.europesays.com\/fr\/wp-content\/uploads\/2025\/04\/1744306289_646_640x408_clovis-cornillac-dans-le-role-de-marius-donne-la-replique-a-jean-dujardin-dans-brice-de-nice.jpeg; charset=utf-8\" \/>Clovis Cornillac, dans le r\u00f4le de Marius, donne la r\u00e9plique \u00e0 Jean Dujardin dans \u00ab\u00a0Brice de Nice\u00a0\u00bb.\u2002-\u00a0Thibault Grabherr\u2002\/\u00a0Thibault Grabherr<\/p>\n<p>&#8211; \u00ab\u00a0Un quart cassis, un quart citron, et un carambar\u2026 Et tu shakes, et tu shakes, et tu shakes.- Et c\u2019est tout\u00a0?- Nan, tu re shakes.- Mais \u00e7a fait pas quatre quarts\u00a0!- Et alors t\u2019es barman, pas p\u00e2tissier\u00a0!\u00a0\u00bb<\/p>\n<p><img decoding=\"async\" alt=\"\u00ab\u00a0Brice de Nice\u00a0\u00bb est sorti en salles, le 6\u00a0avril 2005.\" class=\"mb-s@xs mx-auto@xs radius-0@xs radius-xxs@md c-img c-img--is-portrait\" loading=\"eager\" width=\"310\" src=\"https:\/\/www.europesays.com\/fr\/wp-content\/uploads\/2025\/04\/310x0_brice-de-nice-est-sorti-en-salles-le-6-avril-2005.jpeg; charset=utf-8\" \/>\u00ab\u00a0Brice de Nice\u00a0\u00bb est sorti en salles, le 6\u00a0avril 2005.\u2002-\u00a0TFM Distribution\u2002\/\u00a0TFM Distribution<\/p>\n<p> \u00abJe respecte ton avis tu vois, mais en m\u00eame temps c\u2019est pas le mien donc c\u2019est pas le bon.\u00a0\u00bb<\/p>\n","protected":false},"excerpt":{"rendered":"J\u00e9r\u00e9my Vial Publi\u00e9 le 09\/04\/2025 \u00e0 11h43 \u2022 Mis \u00e0 jour le 09\/04\/2025 \u00e0 11h45 Voici une com\u00e9die&hellip;\n","protected":false},"author":2,"featured_media":15511,"comment_status":"","ping_status":"","sticky":false,"template":"","format":"standard","meta":{"footnotes":""},"categories":[1354],"tags":[2898,650,4228,6196,58,59,1346,1011,27,218,1360,2401,883,882,6517,252],"class_list":{"0":"post-15510","1":"post","2":"type-post","3":"status-publish","4":"format-standard","5":"has-post-thumbnail","7":"category-films","8":"tag-alpes-maritimes","9":"tag-cinema","10":"tag-comedie","11":"tag-diaporamas","12":"tag-divertissement","13":"tag-entertainment","14":"tag-films","15":"tag-fr","16":"tag-france","17":"tag-jean-dujardin","18":"tag-movies","19":"tag-nice","20":"tag-paca","21":"tag-provence-alpes-cote-dazur","22":"tag-sorties-cinema","23":"tag-television"},"share_on_mastodon":{"url":"https:\/\/pubeurope.com\/@fr\/114314863737086467","error":""},"_links":{"self":[{"href":"https:\/\/www.europesays.com\/fr\/wp-json\/wp\/v2\/posts\/15510","targetHints":{"allow":["GET"]}}],"collection":[{"href":"https:\/\/www.europesays.com\/fr\/wp-json\/wp\/v2\/posts"}],"about":[{"href":"https:\/\/www.europesays.com\/fr\/wp-json\/wp\/v2\/types\/post"}],"author":[{"embeddable":true,"href":"https:\/\/www.europesays.com\/fr\/wp-json\/wp\/v2\/users\/2"}],"replies":[{"embeddable":true,"href":"https:\/\/www.europesays.com\/fr\/wp-json\/wp\/v2\/comments?post=15510"}],"version-history":[{"count":0,"href":"https:\/\/www.europesays.com\/fr\/wp-json\/wp\/v2\/posts\/15510\/revisions"}],"wp:featuredmedia":[{"embeddable":true,"href":"https:\/\/www.europesays.com\/fr\/wp-json\/wp\/v2\/media\/15511"}],"wp:attachment":[{"href":"https:\/\/www.europesays.com\/fr\/wp-json\/wp\/v2\/media?parent=15510"}],"wp:term":[{"taxonomy":"category","embeddable":true,"href":"https:\/\/www.europesays.com\/fr\/wp-json\/wp\/v2\/categories?post=15510"},{"taxonomy":"post_tag","embeddable":true,"href":"https:\/\/www.europesays.com\/fr\/wp-json\/wp\/v2\/tags?post=15510"}],"curies":[{"name":"wp","href":"https:\/\/api.w.org\/{rel}","templated":true}]}}