{"id":155106,"date":"2025-06-05T23:13:20","date_gmt":"2025-06-05T23:13:20","guid":{"rendered":"https:\/\/www.europesays.com\/fr\/155106\/"},"modified":"2025-06-05T23:13:20","modified_gmt":"2025-06-05T23:13:20","slug":"manifestation-contre-un-gala-organise-par-un-fonds-cree-par-le-milliardaire-sterin-2","status":"publish","type":"post","link":"https:\/\/www.europesays.com\/fr\/155106\/","title":{"rendered":"manifestation contre un gala organis\u00e9 par un fonds cr\u00e9\u00e9 par le milliardaire St\u00e9rin"},"content":{"rendered":"<p>Un rassemblement, \u00e0 l&rsquo;appel de diverses associations et syndicats, \u00e9tait organis\u00e9 \u00e0 17h00 \u00e0 quelques centaines de m\u00e8tres de la cit\u00e9 des congr\u00e8s, o\u00f9 le gala est organis\u00e9, et un autre se tenait devant le centre hospitalier.<\/p>\n<p>Selon la pr\u00e9fecture de Loire-Atlantique, 1.100 personnes \u00e9taient rassembl\u00e9es, 900 \u00e0 la manifestation \u00e0 l&rsquo;appel de l&rsquo;ultra gauche et 200 \u00e0 la manifestation syndicale.<\/p>\n<p>\u00ab\u00a0Cette Nuit porte mal son nom. \u00c7a n&rsquo;a rien du bien commun. Le bien commun, c&rsquo;est l&rsquo;argent des contribuables qu&rsquo;on redistribue pour plus de services publics, pour plus de solidarit\u00e9, etc. Et l\u00e0, ils sont en train d&rsquo;accaparer cette id\u00e9e de bien commun par des milliardaires, par des fortunes qui choisissent lors de galas, \u00e0 qui ils donnent, \u00e0 quelles associations&#8230;\u00a0\u00bb, a d\u00e9clar\u00e9 Pierre Bedouet, 36 ans, de la CGT spectacle. <\/p>\n<p>Parmi les banderoles figuraient notamment \u00ab\u00a0St\u00e9rin nuit au bien commun\u00a0\u00bb, \u00ab\u00a0Ne financez pas la peur mais plut\u00f4t les Restos du c\u0153ur\u00a0\u00bb ou encore \u00ab\u00a0St\u00e9rin glissant\u00a0\u00bb.<\/p>\n<p>Pierre-Edouard St\u00e9rin \u00ab\u00a0s&rsquo;est retir\u00e9 il y a quelques jours de la Nuit du bien commun avec trois cofondateurs apparemment. Mais bon, \u00e7a ne change rien. Il a lanc\u00e9 quelque chose avec un \u00e9tat d&rsquo;esprit et on continue \u00e0 lutter contre cet \u00e9tat d&rsquo;esprit\u00a0\u00bb, a d\u00e9clar\u00e9 C\u00e9line Pella, co-secr\u00e9taire FSU de Loire-Atlantique. <\/p>\n<p>Dans un communiqu\u00e9 de la CGT, la LDH ou encore de la FSU, les opposants estiment que \u00ab\u00a0le fonds du bien commun est en fait une fa\u00e7ade du v\u00e9ritable projet de Pierre-Edouard St\u00e9rin qui s&rsquo;appelle Pericles (&#8230;), ce plan vise \u00e0 faire gagner les id\u00e9es de l&rsquo;extr\u00eame droite et des droites extr\u00eames dans les t\u00eates et dans les urnes (&#8230;)\u00a0\u00bb.<\/p>\n<p><img alt=\"Manifestation \u00e0 Nantes le 5 juin 2025 contre l'organisation d'un gala &quot;La nuit du Bien commun&quot;, mouvement fond\u00e9 notamment par le milliardaire conservateur Pierre-\u00c9douard St\u00e9rin\" loading=\"lazy\" decoding=\"async\" data-nimg=\"fill\" class=\" TwicCore_img__i9TC1 undefined  undefined\" style=\"position:absolute;height:100%;width:100%;left:0;top:0;right:0;bottom:0;color:transparent;background-size:cover;background-position:50% 50%;background-repeat:no-repeat;background-image:url(&quot;data:image\/svg+xml;charset=utf-8,%3Csvg xmlns='http:\/\/www.w3.org\/2000\/svg' %3E%3Cfilter id='b' color-interpolation-filters='sRGB'%3E%3CfeGaussianBlur stdDeviation='20'\/%3E%3CfeColorMatrix values='1 0 0 0 0 0 1 0 0 0 0 0 1 0 0 0 0 0 100 -1' result='s'\/%3E%3CfeFlood x='0' y='0' width='100%25' height='100%25'\/%3E%3CfeComposite operator='out' in='s'\/%3E%3CfeComposite in2='SourceGraphic'\/%3E%3CfeGaussianBlur stdDeviation='20'\/%3E%3C\/filter%3E%3Cimage width='100%25' height='100%25' x='0' y='0' preserveAspectRatio='none' style='filter: url(%23b);' href='https:\/\/pictures.laprovence.com\/cdn-cgi\/image\/blur=250\/media\/afp\/8311fccb9db5e96307ba90fdbc0b1cef46cd60e6.jpg'\/%3E%3C\/svg%3E&quot;)\"   src=\"https:\/\/www.europesays.com\/fr\/wp-content\/uploads\/2025\/06\/8311fccb9db5e96307ba90fdbc0b1cef46cd60e6.jpg\"\/>Manifestation \u00e0 Nantes le 5 juin 2025 contre l&rsquo;organisation d&rsquo;un gala \u00ab\u00a0La nuit du Bien commun\u00a0\u00bb, mouvement fond\u00e9 notamment par le milliardaire conservateur Pierre-\u00c9douard St\u00e9rin PHOTO AFP \/ Fred TANNEAU<\/p>\n<p>Un important dispositif policier \u00e9tait en place et les manifestations \u00e9taient interdites par arr\u00eat\u00e9 pr\u00e9fectoral aux abords de la cit\u00e9 des congr\u00e8s.<\/p>\n<p>Vers 20h00, des heurts ont \u00e9clat\u00e9 et en fin de soir\u00e9e la pr\u00e9fecture a indiqu\u00e9 \u00e0 l&rsquo;AFP qu&rsquo;il y avait eu sept interpellations.<\/p>\n<p>Pierre-Edouard St\u00e9rin, homme d&rsquo;affaires conservateur devenu milliardaire avec son entreprise de coffrets cadeaux Smartbox, est initiateur d&rsquo;un projet politique baptis\u00e9 \u00ab\u00a0P\u00e9ricl\u00e8s\u00a0\u00bb.<\/p>\n<p>La Nuit du Bien Commun, qui comprend notamment un fonds de dotation destin\u00e9 \u00e0 financer des projets associatifs, est n\u00e9e en 2017, au th\u00e9\u00e2tre Mogador, \u00e0 Paris, sur une id\u00e9e de Thibault Farrenq, Pierre-Edouard St\u00e9rin et Stanislas Billot de Lochner.<\/p>\n<p>Les galas de lev\u00e9e de dons sont organis\u00e9s dans diff\u00e9rentes villes de France, ainsi qu&rsquo;\u00e0 Bruxelles et Gen\u00e8ve.<\/p>\n<p>\u00ab\u00a0Thibault Farrenq et Pierre-Edouard St\u00e9rin n\u2019exercent d\u00e9sormais plus aucune responsabilit\u00e9 ex\u00e9cutive dans l\u2019organisation de ces soir\u00e9es. En d\u00e9cembre 2024, Stanislas Billot de Lochner a m\u00eame estim\u00e9 que le +temps des fondateurs \u00e9tait termin\u00e9+ officialisant ainsi la transmission de ce concept innovant \u00e0 une nouvelle g\u00e9n\u00e9ration d&rsquo;\u00e9quipes engag\u00e9es dans ce projet\u00a0\u00bb, selon le site internet du Bien commun. <\/p>\n","protected":false},"excerpt":{"rendered":"Un rassemblement, \u00e0 l&rsquo;appel de diverses associations et syndicats, \u00e9tait organis\u00e9 \u00e0 17h00 \u00e0 quelques centaines de m\u00e8tres&hellip;\n","protected":false},"author":2,"featured_media":155107,"comment_status":"","ping_status":"","sticky":false,"template":"","format":"standard","meta":{"footnotes":""},"categories":[2818],"tags":[17,1111,11,1444,1777,674,16103,1011,27,329,6145,2088,766,12,9271,5912,2636,25],"class_list":{"0":"post-155106","1":"post","2":"type-post","3":"status-publish","4":"format-standard","5":"has-post-thumbnail","7":"category-nantes","8":"tag-17","9":"tag-actu","10":"tag-actualites","11":"tag-contre","12":"tag-eu","13":"tag-europe","14":"tag-fonds","15":"tag-fr","16":"tag-france","17":"tag-france-monde","18":"tag-gala","19":"tag-manifestation","20":"tag-nantes","21":"tag-news","22":"tag-organise","23":"tag-par","24":"tag-pays-de-la-loire","25":"tag-republique-francaise"},"share_on_mastodon":{"url":"https:\/\/pubeurope.com\/@fr\/114633297366780879","error":""},"_links":{"self":[{"href":"https:\/\/www.europesays.com\/fr\/wp-json\/wp\/v2\/posts\/155106","targetHints":{"allow":["GET"]}}],"collection":[{"href":"https:\/\/www.europesays.com\/fr\/wp-json\/wp\/v2\/posts"}],"about":[{"href":"https:\/\/www.europesays.com\/fr\/wp-json\/wp\/v2\/types\/post"}],"author":[{"embeddable":true,"href":"https:\/\/www.europesays.com\/fr\/wp-json\/wp\/v2\/users\/2"}],"replies":[{"embeddable":true,"href":"https:\/\/www.europesays.com\/fr\/wp-json\/wp\/v2\/comments?post=155106"}],"version-history":[{"count":0,"href":"https:\/\/www.europesays.com\/fr\/wp-json\/wp\/v2\/posts\/155106\/revisions"}],"wp:featuredmedia":[{"embeddable":true,"href":"https:\/\/www.europesays.com\/fr\/wp-json\/wp\/v2\/media\/155107"}],"wp:attachment":[{"href":"https:\/\/www.europesays.com\/fr\/wp-json\/wp\/v2\/media?parent=155106"}],"wp:term":[{"taxonomy":"category","embeddable":true,"href":"https:\/\/www.europesays.com\/fr\/wp-json\/wp\/v2\/categories?post=155106"},{"taxonomy":"post_tag","embeddable":true,"href":"https:\/\/www.europesays.com\/fr\/wp-json\/wp\/v2\/tags?post=155106"}],"curies":[{"name":"wp","href":"https:\/\/api.w.org\/{rel}","templated":true}]}}