{"id":155108,"date":"2025-06-05T23:14:08","date_gmt":"2025-06-05T23:14:08","guid":{"rendered":"https:\/\/www.europesays.com\/fr\/155108\/"},"modified":"2025-06-05T23:14:08","modified_gmt":"2025-06-05T23:14:08","slug":"previsions-du-vendredi-6-juin-2025-2","status":"publish","type":"post","link":"https:\/\/www.europesays.com\/fr\/155108\/","title":{"rendered":"pr\u00e9visions du vendredi 6 juin 2025"},"content":{"rendered":"<p>\u00c0 Bordeaux, on pr\u00e9voit des \u00e9claircies pour cette journ\u00e9e. Il fera 20\u00b0C en moyenne. Le matin, un vent de sud-ouest rafra\u00eechira un peu l&rsquo;atmosph\u00e8re. L&rsquo;apr\u00e8s-midi, les valeurs seront comprises entre 22 et 24\u00b0C. Un ciel l\u00e9g\u00e8rement voil\u00e9 est \u00e0 pr\u00e9voir dans la nuit entre vendredi et samedi.<\/p>\n<p>Demain, \u00e0 Bordeaux, des nuages ne voudront pas c\u00e9der leur place au soleil. Le mercure va chuter de quelques degr\u00e9s. Les temp\u00e9ratures s&rsquo;\u00e9chelonneront entre 14 et 23\u00b0C. Une l\u00e9g\u00e8re brise d&rsquo;ouest sera ressentie par les habitants. On notera la pr\u00e9sence persistante de nuages le matin. Des \u00e9claircies sont pr\u00e9vues : on passera un apr\u00e8s-midi agr\u00e9able. Les valeurs s&rsquo;\u00e9chelonneront de 20 \u00e0 23\u00b0C. Les nuages seront pr\u00e9sents demain soir. Des pluies \u00e9parses vont tomber sur la ville. On anticipe des temp\u00e9ratures d&rsquo;environ 18\u00b0C.<\/p>\n<p>La m\u00e9t\u00e9o des journ\u00e9es suivantes va s&rsquo;am\u00e9liorer. Il fera 19\u00b0C en moyenne pour des journ\u00e9es avec une m\u00e9t\u00e9o ensoleill\u00e9e.<\/p>\n<p>Les mamans seront \u00e0 l&rsquo;honneur demain pour la f\u00eate des m\u00e8res : bonne f\u00eate \u00e0 elles !<\/p>\n","protected":false},"excerpt":{"rendered":"\u00c0 Bordeaux, on pr\u00e9voit des \u00e9claircies pour cette journ\u00e9e. Il fera 20\u00b0C en moyenne. Le matin, un vent&hellip;\n","protected":false},"author":2,"featured_media":155109,"comment_status":"","ping_status":"","sticky":false,"template":"","format":"standard","meta":{"footnotes":""},"categories":[2817],"tags":[1111,11,3177,1997,1777,674,1011,27,2905,12,2219,2119,25],"class_list":{"0":"post-155108","1":"post","2":"type-post","3":"status-publish","4":"format-standard","5":"has-post-thumbnail","7":"category-bordeaux","8":"tag-actu","9":"tag-actualites","10":"tag-aquitaine","11":"tag-bordeaux","12":"tag-eu","13":"tag-europe","14":"tag-fr","15":"tag-france","16":"tag-gironde","17":"tag-news","18":"tag-nouvelle-aquitaine","19":"tag-previsions-meteo","20":"tag-republique-francaise"},"share_on_mastodon":{"url":"https:\/\/pubeurope.com\/@fr\/114633301235447132","error":""},"_links":{"self":[{"href":"https:\/\/www.europesays.com\/fr\/wp-json\/wp\/v2\/posts\/155108","targetHints":{"allow":["GET"]}}],"collection":[{"href":"https:\/\/www.europesays.com\/fr\/wp-json\/wp\/v2\/posts"}],"about":[{"href":"https:\/\/www.europesays.com\/fr\/wp-json\/wp\/v2\/types\/post"}],"author":[{"embeddable":true,"href":"https:\/\/www.europesays.com\/fr\/wp-json\/wp\/v2\/users\/2"}],"replies":[{"embeddable":true,"href":"https:\/\/www.europesays.com\/fr\/wp-json\/wp\/v2\/comments?post=155108"}],"version-history":[{"count":0,"href":"https:\/\/www.europesays.com\/fr\/wp-json\/wp\/v2\/posts\/155108\/revisions"}],"wp:featuredmedia":[{"embeddable":true,"href":"https:\/\/www.europesays.com\/fr\/wp-json\/wp\/v2\/media\/155109"}],"wp:attachment":[{"href":"https:\/\/www.europesays.com\/fr\/wp-json\/wp\/v2\/media?parent=155108"}],"wp:term":[{"taxonomy":"category","embeddable":true,"href":"https:\/\/www.europesays.com\/fr\/wp-json\/wp\/v2\/categories?post=155108"},{"taxonomy":"post_tag","embeddable":true,"href":"https:\/\/www.europesays.com\/fr\/wp-json\/wp\/v2\/tags?post=155108"}],"curies":[{"name":"wp","href":"https:\/\/api.w.org\/{rel}","templated":true}]}}