{"id":155116,"date":"2025-06-05T23:18:09","date_gmt":"2025-06-05T23:18:09","guid":{"rendered":"https:\/\/www.europesays.com\/fr\/155116\/"},"modified":"2025-06-05T23:18:09","modified_gmt":"2025-06-05T23:18:09","slug":"previsions-du-vendredi-6-juin-2025-3","status":"publish","type":"post","link":"https:\/\/www.europesays.com\/fr\/155116\/","title":{"rendered":"pr\u00e9visions du vendredi 6 juin 2025"},"content":{"rendered":"<p>\u00c0 Lille, le temps devrait s&rsquo;am\u00e9liorer durant la journ\u00e9e. Les temp\u00e9ratures seront de 16\u00b0C. Un vent de sud-ouest est pr\u00e9vu : il soufflera \u00e0 23 km\/h. D&rsquo;un autre c\u00f4t\u00e9, le ciel va peu \u00e0 peu s&rsquo;obscurcir durant la matin\u00e9e avec l&rsquo;apparition de nuages. La m\u00e9t\u00e9o sera marqu\u00e9e par des pluies \u00e9parses. Pour l&rsquo;apr\u00e8s-midi, des pluies \u00e9parses vont tomber sur la ville. Les valeurs s&rsquo;\u00e9chelonneront entre 18\u00b0C et 19\u00b0C. Un ciel l\u00e9g\u00e8rement voil\u00e9 est pr\u00e9vu dans la nuit reliant vendredi et samedi.<\/p>\n<p>On observera la pr\u00e9sence persistante de nuages demain \u00e0 Lille. Il faudra s&rsquo;attendre \u00e0 des perturbations, les Lillois se retrouveront sous des pluies \u00e9parses. Une chute des temp\u00e9ratures est \u00e0 pr\u00e9voir. Les valeurs afficheront entre 12 et 18\u00b0C. La ville sera touch\u00e9e par un vent de sud-ouest de 24 km\/h. Le matin, toujours des nuages dans le ciel qui emp\u00eachent le soleil d&rsquo;appara\u00eetre. On pr\u00e9voit des valeurs avoisinant 13\u00b0C. L&rsquo;apr\u00e8s-midi va rester couvert \u00e0 cause de nuages qui persistent dans le ciel. En revanche, l&rsquo;air ambiant va se r\u00e9chauffer avec une hausse de plusieurs degr\u00e9s. Les temp\u00e9ratures seront de 17\u00b0C au plus bas et de 18\u00b0C au plus haut. Encore de la grisaille demain soir. Les nuages vont s&rsquo;attarder. Du mauvais temps est \u00e0 pr\u00e9voir. Des pluies \u00e9parses vont tomber. Il fera en moyenne 15\u00b0C.<\/p>\n<p>La m\u00e9t\u00e9o va s&rsquo;am\u00e9liorer dans les jours qui suivent. Un ciel ensoleill\u00e9, avec des temp\u00e9ratures de 14\u00b0C environ, est attendu.<\/p>\n<p>Demain, nous c\u00e9l\u00e9brons la f\u00eate des m\u00e8res : bonne f\u00eate \u00e0 toutes mamans !<\/p>\n","protected":false},"excerpt":{"rendered":"\u00c0 Lille, le temps devrait s&rsquo;am\u00e9liorer durant la journ\u00e9e. Les temp\u00e9ratures seront de 16\u00b0C. Un vent de sud-ouest&hellip;\n","protected":false},"author":2,"featured_media":155117,"comment_status":"","ping_status":"","sticky":false,"template":"","format":"standard","meta":{"footnotes":""},"categories":[2815],"tags":[1111,11,1777,674,1011,27,811,1307,12,2119,25],"class_list":{"0":"post-155116","1":"post","2":"type-post","3":"status-publish","4":"format-standard","5":"has-post-thumbnail","7":"category-lille","8":"tag-actu","9":"tag-actualites","10":"tag-eu","11":"tag-europe","12":"tag-fr","13":"tag-france","14":"tag-hauts-de-france","15":"tag-lille","16":"tag-news","17":"tag-previsions-meteo","18":"tag-republique-francaise"},"share_on_mastodon":{"url":"https:\/\/pubeurope.com\/@fr\/114633317127530743","error":""},"_links":{"self":[{"href":"https:\/\/www.europesays.com\/fr\/wp-json\/wp\/v2\/posts\/155116","targetHints":{"allow":["GET"]}}],"collection":[{"href":"https:\/\/www.europesays.com\/fr\/wp-json\/wp\/v2\/posts"}],"about":[{"href":"https:\/\/www.europesays.com\/fr\/wp-json\/wp\/v2\/types\/post"}],"author":[{"embeddable":true,"href":"https:\/\/www.europesays.com\/fr\/wp-json\/wp\/v2\/users\/2"}],"replies":[{"embeddable":true,"href":"https:\/\/www.europesays.com\/fr\/wp-json\/wp\/v2\/comments?post=155116"}],"version-history":[{"count":0,"href":"https:\/\/www.europesays.com\/fr\/wp-json\/wp\/v2\/posts\/155116\/revisions"}],"wp:featuredmedia":[{"embeddable":true,"href":"https:\/\/www.europesays.com\/fr\/wp-json\/wp\/v2\/media\/155117"}],"wp:attachment":[{"href":"https:\/\/www.europesays.com\/fr\/wp-json\/wp\/v2\/media?parent=155116"}],"wp:term":[{"taxonomy":"category","embeddable":true,"href":"https:\/\/www.europesays.com\/fr\/wp-json\/wp\/v2\/categories?post=155116"},{"taxonomy":"post_tag","embeddable":true,"href":"https:\/\/www.europesays.com\/fr\/wp-json\/wp\/v2\/tags?post=155116"}],"curies":[{"name":"wp","href":"https:\/\/api.w.org\/{rel}","templated":true}]}}