{"id":155118,"date":"2025-06-05T23:19:10","date_gmt":"2025-06-05T23:19:10","guid":{"rendered":"https:\/\/www.europesays.com\/fr\/155118\/"},"modified":"2025-06-05T23:19:10","modified_gmt":"2025-06-05T23:19:10","slug":"atelier-creation-dombrelles-carnavalesques-avec-lou-lombardo-evenements","status":"publish","type":"post","link":"https:\/\/www.europesays.com\/fr\/155118\/","title":{"rendered":"Atelier cr\u00e9ation d\u2019ombrelles carnavalesques avec Lou Lombardo \/ \u00c9v\u00e9nements"},"content":{"rendered":"<p>\n                                                                                                                            Du 15 juin<br \/>au 12 juillet 2025\n                                                                                    <\/p>\n<p class=\"subtitle\">\u00e0 <strong><br \/>\nGare Saint Sauveur<\/strong><\/p>\n<p>\u00c0 l\u2019occasion de M\u00f4m\u2019Art Fiesta, profitez d\u2019un atelier artistique et festif autour des embl\u00e8mes du carnaval de Dunkerque avec Lou Lombardo.<\/p>\n<p>            <img loading=\"lazy\" decoding=\"async\" src=\"\/var\/www\/storage\/images\/mediatheque\/mairie-de-lille\/images-openagenda\/atelier-creation-d-ombrelles-carnavalesques-avec-lou-lombardo\/3782092-1-fre-FR\/Atelier-creation-d-ombrelles-carnavalesques-avec-Lou-Lombardo_news_image_top.jpg\" width=\"779\" height=\"517\" alt=\"Atelier cr\u00e9ation d\u2019ombrelles carnavalesques avec Lou Lombardo\"\/><\/p>\n<p>\nLou Lombardo, originaire de Wallonie picarde, est un artiste plasticien et graphiste tr\u00e8s motiv\u00e9 par un investissement social et cr\u00e9atif. Lou propose un atelier cr\u00e9atif et color\u00e9 inspir\u00e9 par le folklore du carnaval de Dunkerque.<br \/>Tu es invit\u00e9 \u00e0 cr\u00e9er ton propre \u00ab\u00a0p\u00e9pin\u00a0\u00bb, ces ombrelles iconiques du carnaval de Dunkerque. \u00c0 partir de mat\u00e9riaux de r\u00e9cup\u00e9ration : parapluies, plumes, boas, tubes en pvc, boules de no\u00ebl&#8230; Tu auras un parapluie et pourra le d\u00e9corer, le customiser comme bon te semble !<br \/>____<br \/><strong>Gratuit, entr\u00e9e libre<\/strong><br \/><strong>De 8 \u00e0 12 ans.<\/strong><br \/><strong>Inscriptions directement sur place 30 minutes avant l&rsquo;atelier<\/strong>. Dans la limite des places disponibles.<br \/><strong>Dimanche 15 juin<\/strong>, 15 h \u00e0 16 h 30<br \/><strong>Samedi 12 juillet<\/strong>, 15 h \u00e0 16 h 30<br \/>&#8212;&#8212;&#8212;&#8212;&#8212;<br \/>Venez d\u00e9couvrir M\u00f4m\u2019Art Fiesta du 26 avril au 7 septembre \u00e0 la Gare Saint Sauveur.<br \/>Ouverture de l\u2019exposition aux publics<br \/>Du mercredi au dimanche<br \/>De 12 h \u00e0 19 h<\/p>\n<p>Exposition produite par la Ville de Lille en partenariat avec lille3000 et en lien \u00e9troit avec les services de l\u2019Acad\u00e9mie de Lille.<\/p>\n<p>        \t\t                                                            Infos pratiques<\/p>\n<p>                    Adresse<\/p>\n<p>\n17 Boulevard Jean-Baptiste Lebas<br \/>59000 Lille<\/p>\n<p>                                                            Voir le plan<\/p>\n<p>                        Contact<\/p>\n<p>\n<strong>La Gare Saint Sauveur<\/strong><br \/>03.20.52.10.39<br \/><a href=\"https:\/\/www.lille.fr\/Evenements\/mailto:garesaintsauveur@mairie-lille.fr\" title=\"Cliquez pour ouvrir votre messagerie\" target=\"_self\" class=\"lien_interne\" rel=\"nofollow noopener\">garesaintsauveur@mairie-lille.fr<\/a><\/p>\n<p>\n<strong>Le Bistrot de St So &#8211; Bar Restaurant<\/strong><br \/>R\u00e9servations : 03.20.32.05.42<br \/><a href=\"https:\/\/www.lille.fr\/Evenements\/mailto:contact.lestso@gmail.com\" title=\"Cliquez pour ouvrir votre messagerie\" target=\"_self\" class=\"lien_interne\" rel=\"nofollow noopener\">contact.lestso@gmail.com<\/a><\/p>\n<p>Pour organiser un \u00e9v\u00e9nement \u00e0 la Gare Saint Sauveur, rendez-vous\u00a0\u00e0 la rubrique <a href=\"https:\/\/www.lille.fr\/Annuaire-des-demarches\/Reservation-de-salle\" target=\"_blank\" class=\"lien_interne\" rel=\"nofollow noopener\">R\u00e9servation de salle\u00a0<\/a>!<\/p>\n<p>            Acc\u00e8s<\/p>\n<p>M\u00e9tro : ligne 2 &#8211; Arr\u00eat Lille Grand Palais &#8211; Mairie de Lille<\/p>\n<p>\n                    PublicsDe  \u00e0  ans<\/p>\n","protected":false},"excerpt":{"rendered":"Du 15 juinau 12 juillet 2025 \u00e0 Gare Saint Sauveur \u00c0 l\u2019occasion de M\u00f4m\u2019Art Fiesta, profitez d\u2019un atelier&hellip;\n","protected":false},"author":2,"featured_media":155119,"comment_status":"","ping_status":"","sticky":false,"template":"","format":"standard","meta":{"footnotes":""},"categories":[2815],"tags":[1111,11,4763,1777,674,1011,27,811,1307,5415,12,25],"class_list":{"0":"post-155118","1":"post","2":"type-post","3":"status-publish","4":"format-standard","5":"has-post-thumbnail","7":"category-lille","8":"tag-actu","9":"tag-actualites","10":"tag-agenda","11":"tag-eu","12":"tag-europe","13":"tag-fr","14":"tag-france","15":"tag-hauts-de-france","16":"tag-lille","17":"tag-mairie","18":"tag-news","19":"tag-republique-francaise"},"share_on_mastodon":{"url":"https:\/\/pubeurope.com\/@fr\/114633321116933885","error":""},"_links":{"self":[{"href":"https:\/\/www.europesays.com\/fr\/wp-json\/wp\/v2\/posts\/155118","targetHints":{"allow":["GET"]}}],"collection":[{"href":"https:\/\/www.europesays.com\/fr\/wp-json\/wp\/v2\/posts"}],"about":[{"href":"https:\/\/www.europesays.com\/fr\/wp-json\/wp\/v2\/types\/post"}],"author":[{"embeddable":true,"href":"https:\/\/www.europesays.com\/fr\/wp-json\/wp\/v2\/users\/2"}],"replies":[{"embeddable":true,"href":"https:\/\/www.europesays.com\/fr\/wp-json\/wp\/v2\/comments?post=155118"}],"version-history":[{"count":0,"href":"https:\/\/www.europesays.com\/fr\/wp-json\/wp\/v2\/posts\/155118\/revisions"}],"wp:featuredmedia":[{"embeddable":true,"href":"https:\/\/www.europesays.com\/fr\/wp-json\/wp\/v2\/media\/155119"}],"wp:attachment":[{"href":"https:\/\/www.europesays.com\/fr\/wp-json\/wp\/v2\/media?parent=155118"}],"wp:term":[{"taxonomy":"category","embeddable":true,"href":"https:\/\/www.europesays.com\/fr\/wp-json\/wp\/v2\/categories?post=155118"},{"taxonomy":"post_tag","embeddable":true,"href":"https:\/\/www.europesays.com\/fr\/wp-json\/wp\/v2\/tags?post=155118"}],"curies":[{"name":"wp","href":"https:\/\/api.w.org\/{rel}","templated":true}]}}