{"id":155120,"date":"2025-06-05T23:20:15","date_gmt":"2025-06-05T23:20:15","guid":{"rendered":"https:\/\/www.europesays.com\/fr\/155120\/"},"modified":"2025-06-05T23:20:15","modified_gmt":"2025-06-05T23:20:15","slug":"le-courrier-des-ecologistes-marseillais-qui-a-mis-le-feu-a-la-majorite-municipale","status":"publish","type":"post","link":"https:\/\/www.europesays.com\/fr\/155120\/","title":{"rendered":"le courrier des \u00e9cologistes marseillais qui a mis le feu \u00e0 la majorit\u00e9 municipale"},"content":{"rendered":"<p>Le courrier devait rester au sein du parti EELV. Mais son contenu, <a href=\"https:\/\/www.lefigaro.fr\/marseille\/une-victoire-volee-des-adjoints-au-maire-de-marseille-reprouvent-le-desistement-de-michele-rubirola-au-profit-de-benoit-payan-en-2020-20250604\" target=\"_blank\" rel=\"noopener\">r\u00e9v\u00e9l\u00e9 par Le Figaro<\/a> et dont La Provence avait \u00e9galement pris connaissance, a mis en \u00e9bullition la majorit\u00e9 municipale de gauche \u00e0 <a href=\"https:\/\/www.laprovence.com\/bouches-du-rhone\/marseille-13055\" target=\"_blank\" rel=\"noopener\">Marseille<\/a>. Sign\u00e9 par 13 \u00e9lus et militants \u00e9cologistes, dont l\u2019ancienne maire Mich\u00e8le Rubirola, il alerte <a href=\"https:\/\/www.laprovence.com\/article\/france-monde\/2513580007840314\/presidentielle-tondelier-se-battra-jusqua-son-dernier-souffle-pour-une-candidature-unique-a-gauche\" target=\"_blank\" rel=\"noopener\">Marine Tondelier<\/a> et la direction nationale du parti sur des \u00ab\u00a0strat\u00e9gies d\u2019entrisme\u00a0\u00bb au sein d\u2019EELV Marseille en vue d\u2019influencer la strat\u00e9gie des <a href=\"https:\/\/www.laprovence.com\/elections\/municipales\" target=\"_blank\" rel=\"noopener\">municipales<\/a>.<\/p>\n","protected":false},"excerpt":{"rendered":"Le courrier devait rester au sein du parti EELV. Mais son contenu, r\u00e9v\u00e9l\u00e9 par Le Figaro et dont&hellip;\n","protected":false},"author":2,"featured_media":155121,"comment_status":"","ping_status":"","sticky":false,"template":"","format":"standard","meta":{"footnotes":""},"categories":[2814],"tags":[17,1111,11,28518,154,2339,28517,1777,674,1011,27,761,884,12,316,882,25,1264,9819],"class_list":{"0":"post-155120","1":"post","2":"type-post","3":"status-publish","4":"format-standard","5":"has-post-thumbnail","7":"category-marseille","8":"tag-17","9":"tag-actu","10":"tag-actualites","11":"tag-courrier","12":"tag-des","13":"tag-ecologistes","14":"tag-entrisme","15":"tag-eu","16":"tag-europe","17":"tag-fr","18":"tag-france","19":"tag-marseillais","20":"tag-marseille","21":"tag-news","22":"tag-politique","23":"tag-provence-alpes-cote-dazur","24":"tag-republique-francaise","25":"tag-victoire","26":"tag-volee"},"share_on_mastodon":{"url":"https:\/\/pubeurope.com\/@fr\/114633324866415320","error":""},"_links":{"self":[{"href":"https:\/\/www.europesays.com\/fr\/wp-json\/wp\/v2\/posts\/155120","targetHints":{"allow":["GET"]}}],"collection":[{"href":"https:\/\/www.europesays.com\/fr\/wp-json\/wp\/v2\/posts"}],"about":[{"href":"https:\/\/www.europesays.com\/fr\/wp-json\/wp\/v2\/types\/post"}],"author":[{"embeddable":true,"href":"https:\/\/www.europesays.com\/fr\/wp-json\/wp\/v2\/users\/2"}],"replies":[{"embeddable":true,"href":"https:\/\/www.europesays.com\/fr\/wp-json\/wp\/v2\/comments?post=155120"}],"version-history":[{"count":0,"href":"https:\/\/www.europesays.com\/fr\/wp-json\/wp\/v2\/posts\/155120\/revisions"}],"wp:featuredmedia":[{"embeddable":true,"href":"https:\/\/www.europesays.com\/fr\/wp-json\/wp\/v2\/media\/155121"}],"wp:attachment":[{"href":"https:\/\/www.europesays.com\/fr\/wp-json\/wp\/v2\/media?parent=155120"}],"wp:term":[{"taxonomy":"category","embeddable":true,"href":"https:\/\/www.europesays.com\/fr\/wp-json\/wp\/v2\/categories?post=155120"},{"taxonomy":"post_tag","embeddable":true,"href":"https:\/\/www.europesays.com\/fr\/wp-json\/wp\/v2\/tags?post=155120"}],"curies":[{"name":"wp","href":"https:\/\/api.w.org\/{rel}","templated":true}]}}