{"id":155122,"date":"2025-06-05T23:21:16","date_gmt":"2025-06-05T23:21:16","guid":{"rendered":"https:\/\/www.europesays.com\/fr\/155122\/"},"modified":"2025-06-05T23:21:16","modified_gmt":"2025-06-05T23:21:16","slug":"avec-lexposition-sculpter-le-vide-alberto-giacometti-a-lhonneur-au-musee-cantini-de-marseille","status":"publish","type":"post","link":"https:\/\/www.europesays.com\/fr\/155122\/","title":{"rendered":"Avec l&rsquo;exposition \u00ab\u00a0Sculpter le vide\u00a0\u00bb, Alberto Giacometti \u00e0 l&rsquo;honneur au mus\u00e9e Cantini de Marseille"},"content":{"rendered":"<p><a href=\"https:\/\/www.laprovence.com\/article\/culture-loisirs\/4356776766092214\/dans-les-coulisses-de-l-expo-giacometti-au-musee-cantini-de-marseille\" target=\"_blank\" rel=\"noopener\">Alberto Giacometti, sculpter le vide<\/a> propose un parcours chronologique des \u0153uvres du sculpteur suisse, n\u00e9 en\u00a01901 pr\u00e8s de la fronti\u00e8re italienne. R\u00e9alis\u00e9 en partenariat avec la Fondation Giacometti \u00e0 Paris, il permet au visiteur du mus\u00e9e Cantini, \u00e0 <a href=\"https:\/\/www.laprovence.com\/bouches-du-rhone\/marseille-13055\" target=\"_blank\" rel=\"noopener\">Marseille<\/a>, de d\u00e9couvrir l\u2019artiste \u00e0 travers des in\u00e9dits et des pi\u00e8ces tr\u00e8s attendues.<\/p>\n<p>Les silhouettes en bronze sur grand podium<\/p>\n<p>Parmi elles, bien s\u00fbr, les sculptures en bronze longilignes plac\u00e9es sur un grand podium, domin\u00e9 par la Grande Femme I, de plus de 2,70 m\u00e8tres de haut, r\u00e9alis\u00e9e en\u00a01960. L\u2019artiste cherchait \u00e0 repr\u00e9senter, pendant toute sa carri\u00e8re, la figure humaine et la r\u00e9alit\u00e9 du corps dans l\u2019espace avec des perspectives diff\u00e9rentes au fil des ann\u00e9es. C\u2019est cette po\u00e9tique de l\u2019espace que l\u2019expo a voulu mettre en avant, avec la place que le vide tient dans le travail de Giacometti.<\/p>\n","protected":false},"excerpt":{"rendered":"Alberto Giacometti, sculpter le vide propose un parcours chronologique des \u0153uvres du sculpteur suisse, n\u00e9 en\u00a01901 pr\u00e8s de&hellip;\n","protected":false},"author":2,"featured_media":155123,"comment_status":"","ping_status":"","sticky":false,"template":"","format":"standard","meta":{"footnotes":""},"categories":[2814],"tags":[17,1111,11,28521,3396,251,1777,674,1011,27,28522,28519,3871,884,12,882,25,28520,21632],"class_list":{"0":"post-155122","1":"post","2":"type-post","3":"status-publish","4":"format-standard","5":"has-post-thumbnail","7":"category-marseille","8":"tag-17","9":"tag-actu","10":"tag-actualites","11":"tag-alberto","12":"tag-avec","13":"tag-culture","14":"tag-eu","15":"tag-europe","16":"tag-fr","17":"tag-france","18":"tag-giacometti","19":"tag-lexposition","20":"tag-lhonneur","21":"tag-marseille","22":"tag-news","23":"tag-provence-alpes-cote-dazur","24":"tag-republique-francaise","25":"tag-sculpter","26":"tag-vide"},"share_on_mastodon":{"url":"https:\/\/pubeurope.com\/@fr\/114633328769054861","error":""},"_links":{"self":[{"href":"https:\/\/www.europesays.com\/fr\/wp-json\/wp\/v2\/posts\/155122","targetHints":{"allow":["GET"]}}],"collection":[{"href":"https:\/\/www.europesays.com\/fr\/wp-json\/wp\/v2\/posts"}],"about":[{"href":"https:\/\/www.europesays.com\/fr\/wp-json\/wp\/v2\/types\/post"}],"author":[{"embeddable":true,"href":"https:\/\/www.europesays.com\/fr\/wp-json\/wp\/v2\/users\/2"}],"replies":[{"embeddable":true,"href":"https:\/\/www.europesays.com\/fr\/wp-json\/wp\/v2\/comments?post=155122"}],"version-history":[{"count":0,"href":"https:\/\/www.europesays.com\/fr\/wp-json\/wp\/v2\/posts\/155122\/revisions"}],"wp:featuredmedia":[{"embeddable":true,"href":"https:\/\/www.europesays.com\/fr\/wp-json\/wp\/v2\/media\/155123"}],"wp:attachment":[{"href":"https:\/\/www.europesays.com\/fr\/wp-json\/wp\/v2\/media?parent=155122"}],"wp:term":[{"taxonomy":"category","embeddable":true,"href":"https:\/\/www.europesays.com\/fr\/wp-json\/wp\/v2\/categories?post=155122"},{"taxonomy":"post_tag","embeddable":true,"href":"https:\/\/www.europesays.com\/fr\/wp-json\/wp\/v2\/tags?post=155122"}],"curies":[{"name":"wp","href":"https:\/\/api.w.org\/{rel}","templated":true}]}}