{"id":155131,"date":"2025-06-05T23:26:16","date_gmt":"2025-06-05T23:26:16","guid":{"rendered":"https:\/\/www.europesays.com\/fr\/155131\/"},"modified":"2025-06-05T23:26:16","modified_gmt":"2025-06-05T23:26:16","slug":"dans-la-bataille-socialiste-marion-waller-na-pas-peur-detre-la-candidate-woke","status":"publish","type":"post","link":"https:\/\/www.europesays.com\/fr\/155131\/","title":{"rendered":"dans la bataille socialiste, Marion Waller n&rsquo;a pas peur d&rsquo;\u00eatre la candidate \u00ab\u00a0woke\u00a0\u00bb"},"content":{"rendered":"<p>            Par<br \/>\n        <strong><br \/>\n            <a href=\"https:\/\/actu.fr\/auteur\/augustin-delaporte\" title=\"Consulter tous les articles de Augustin Delaporte\" target=\"_blank\" rel=\"noopener\">Augustin Delaporte<\/a><br \/>\n        <\/strong><\/p>\n<p>        Publi\u00e9 le<\/p>\n<p>            5 juin 2025 \u00e0 18h32        <\/p>\n<p>\u00ab\u00a0D\u00e9ranger le match\u00a0\u00bb. Voil\u00e0 l\u2019immense d\u00e9fi qui se dresse devant <strong>Marion Waller<\/strong>, candidate surprise \u00e0 la <strong>primaire socialiste<\/strong> depuis le 16 mars 2025 pour la mairie de Paris. Dans moins d\u2019un mois maintenant, la franco-allemande de 32 ans devra avoir compl\u00e8tement invers\u00e9 la tendance pour \u00ab\u00a0d\u00e9jouer les pronostics\u00a0\u00bb face au poulain choisi par <a href=\"https:\/\/actu.fr\/tag\/anne-hidalgo\" target=\"_blank\" rel=\"noopener\">Anne Hidalgo<\/a>, <a href=\"https:\/\/actu.fr\/ile-de-france\/paris_75056\/municipales-2026-remi-feraud-un-heritier-de-bertrand-delanoe-et-d-anne-hidalgo_61925942.html\" target=\"_blank\" rel=\"noopener\">R\u00e9mi F\u00e9raud<\/a>, et \u00e0 l\u2019ancien Premier adjoint, <a href=\"https:\/\/actu.fr\/ile-de-france\/paris_75056\/paris-est-la-passion-de-ma-vie-le-depute-emmanuel-gregoire-pret-a-remplacer-anne-hidalgo-en-2026_61882394.html\" target=\"_blank\" rel=\"noopener\">Emmanuel Gr\u00e9goire<\/a>. Les 30 juin et 1er juillet prochains, elle devra avoir convaincu une majorit\u00e9 des <strong>quelques 3700 militants du PS<\/strong>. Un pari qu\u2019elle aborde avec une envie d\u00e9bordante. \u00ab\u00a0Aujourd\u2019hui, en France, il n\u2019y a que 20 % de femmes maires. C\u2019est qu\u2019on ne nous donne pas le pouvoir. Il faut le prendre !\u00a0\u00bb, a-t-elle lanc\u00e9e, imperturbable, mercredi 4 juin 2025, \u00e0 l\u2019occasion de la pr\u00e9sentation de son programme.<\/p>\n<p>\u00ab\u00a0Je suis une femme libre\u00a0\u00bb<\/p>\n<p class=\" wall-content\">\u00ab\u00a0Il est cinq heures. Paris\u2026 s\u2019\u00e9veille.\u00a0\u00bb Gobelet en plastique dans une main, <strong>Jacques Dutronc<\/strong> en fond sonore, Marion Waller invite ses militants \u00e0 venir l\u2019entourer derri\u00e8re le pupitre install\u00e9 \u00e0 l\u2019int\u00e9rieur de la <strong>p\u00e9niche Le Mazette<\/strong>, amarr\u00e9e \u00e0 deux pas du m\u00e9tro <a href=\"https:\/\/actu.fr\/tag\/gare-de-lyon\" target=\"_blank\" rel=\"noopener\">Gare de Lyon (12e)<\/a>. La pr\u00e9sentation de son programme pour les Municipales 2026, baptis\u00e9 \u00ab\u00a0Partager Paris\u00a0\u00bb et imprim\u00e9 sur papier cartonn\u00e9, touche \u00e0 son terme.\u00a0<\/p>\n<p class=\" wall-content\">F\u00e9minisme, <a href=\"https:\/\/actu.fr\/ile-de-france\/clamart_92023\/densification-prix-au-m2-nouveaux-habitants-la-ligne-15-transforme-deja-le-quartier-de-la-gare-de-clamart_62659966.html\" target=\"_blank\" rel=\"noopener\">Grand Paris<\/a>, urbanisme\u2026 Durant une grosse heure, l\u2019ancienne plume d\u2019Anne Hidalgo a dessin\u00e9 les grandes lignes de \u00ab\u00a0son Paris\u00a0\u00bb. Elle a surtout parl\u00e9 de sujets qui ont fa\u00e7onn\u00e9 son parcours et <strong>a marqu\u00e9 ses diff\u00e9rences avec ses concurrents<\/strong> : elle est femme et jeune. \u00ab\u00a0En arrivant \u00e0 Paris \u00e0 17 ans, j\u2019ai d\u00e9couvert ce qu\u2019\u00e9tait une vraie ville de gauche. J\u2019ai pu circuler en V\u00e9lib\u2019, prendre le Noctilien pour rentrer de soir\u00e9e, aller \u00e0 des <a href=\"https:\/\/actu.fr\/ile-de-france\/paris_75056\/journee-internationale-des-droits-des-femmes-des-milliers-de-personnes-defilent-dans-les-rues-de-paris_62348284.html\" target=\"_blank\" rel=\"noopener\">manifestations f\u00e9ministes<\/a>, rencontrer des gens tr\u00e8s diff\u00e9rents\u00a0\u00bb, a-t-elle rembobin\u00e9.\u00a0\u00a0<\/p>\n<p>    <img   decoding=\"async\" loading=\"lazy\" src=\"https:\/\/www.europesays.com\/fr\/wp-content\/uploads\/2025\/06\/img-1433-960x640.jpg\" alt=\"meeting-marion-waller-paris-municiaples-2026\" width=\"960\" height=\"640\"\/><br \/>\n    La socialiste Marion Waller, premi\u00e8re candidate \u00e0 d\u00e9voiler un programme complet, mercredi 4 juin 2025. (\u00a9AD \/ actu Paris)<\/p>\n<p class=\" wall-content\">Parmi ses soutiens, la conseill\u00e8re municipale (PS) de <a href=\"https:\/\/actu.fr\/ile-de-france\/romainville_93063\" target=\"_blank\" rel=\"noopener\">Romainville<\/a> (<a href=\"https:\/\/actu.fr\/ile-de-france\/seine-saint-denis_93\" target=\"_blank\" rel=\"noopener\">Seine-Saint-Denis<\/a>), Soraya Jebari, n\u2019a pas tari d\u2019\u00e9loges : \u00ab\u00a0Elle n\u2019a tout simplement pas attendu qu\u2019on l\u2019autorise \u00e0 se lancer.\u00a0\u00bb Celle-ci a \u00e9galement rappel\u00e9 leur premi\u00e8re rencontre : \u00ab\u00a0C\u2019\u00e9tait lors d\u2019un \u00e9v\u00e9nement militant, o\u00f9 l\u2019on a fait de la boxe. Je peux vous dire que <strong>c\u2019est une battante sur le ring<\/strong>.\u00a0\u00bb Son p\u00e8re ne nous a dit pas autre chose : \u00ab\u00a0Quand elle a une id\u00e9e, elle va au bout\u2026 Son f\u00e9minisme s\u2019est exprim\u00e9 tr\u00e8s t\u00f4t\u00a0\u00bb.\u00a0<\/p>\n<p class=\" wall-content\">Marion Waller va, effectivement, droit au but. Comme lorsqu\u2019elle \u00e9tait ailier droit au football : \u00ab\u00a0Je suis une femme libre et j\u2019entretiens l\u2019espoir d\u2019une gauche \u00e9veill\u00e9e, qui d\u00e9nonce haut et fort les in\u00e9galit\u00e9s de race, de sexe, etc. Une <strong>gauche qui n\u2019a pas peur d\u2019\u00eatre trait\u00e9e de woke<\/strong>.\u00a0\u00bb Dans son programme, elle propose notamment l\u2019exp\u00e9rimentation d\u2019un cong\u00e9 parentalit\u00e9 pour le deuxi\u00e8me parent, \u00e9gal en dur\u00e9e et en statut \u00e0 celui du premier parent, pour les agents de la Ville : \u00ab\u00a0une avanc\u00e9e majeure pour l\u2019\u00e9galit\u00e9 entre les sexes et la reconnaissance de toutes les familles\u00a0\u00bb.<\/p>\n<p>\u00ab\u00a0Penser l\u2019avenir des villes, c\u2019est mon m\u00e9tier\u00a0\u00bb<\/p>\n<p class=\" wall-content\">La benjamine de la primaire socialiste assume s\u2019inscrire totalement <strong>dans la continuit\u00e9 des deux mandats d\u2019Anne Hidalgo<\/strong>. C\u2019est d\u2019ailleurs en 2014 que son engagement parisien a d\u00e9marr\u00e9 : \u00ab\u00a0Avoir eu une maire, femme, de gauche, c\u2019est quelque chose qui m\u2019a rendu extr\u00eamement fi\u00e8re. \u00c7a a \u00e9t\u00e9 fantastique de pouvoir voter pour elle et d\u2019ensuite faire sa campagne\u00a0\u00bb. Elle int\u00e8gre \u00e0 cette \u00e9poque l\u2019\u00e9quipe programme, puis co\u00e9crit un livre rassemblant les propositions citoyennes, avant de r\u00e9aliser son <strong>stage de fin d\u2019\u00e9tude comme conseill\u00e8re de l\u2019adjoint en charge de l\u2019urbanisme<\/strong>, de l\u2019attractivit\u00e9 et du Grand Paris.\u00a0<\/p>\n<p>    <img   decoding=\"async\" loading=\"lazy\" src=\"https:\/\/www.europesays.com\/fr\/wp-content\/uploads\/2025\/06\/img-1439-960x640.jpg\" alt=\"meeting-marion-waller-paris-municiaples-2026\" width=\"960\" height=\"640\"\/><br \/>\n    Marion Waller a contribu\u00e9 aux chantiers des rues aux \u00e9coles et les for\u00eats urbaines \u00e0 Paris. (\u00a9AD \/ actu Paris)<\/p>\n<p class=\" wall-content\">Au cours de celui-ci, elle travaille sur des dossiers embl\u00e9matiques comme <a href=\"https:\/\/actu.fr\/ile-de-france\/paris_75056\/a-paris-l-ecoquartier-saint-vincent-de-paul-co-construit-avec-de-futurs-habitants-une-sacree-aventure_62665733.html\" target=\"_blank\" rel=\"noopener\">Saint-Vincent-de-Paul<\/a> ou pilote <strong>le concours R\u00e9inventer Paris<\/strong>. \u00ab\u00a0J\u2019ai aussi contribu\u00e9 \u00e0 de grands chantiers, comme les <a href=\"https:\/\/actu.fr\/ile-de-france\/paris_75056\/carte-rue-aux-ecoles-a-paris-de-nouvelles-aires-pietonnes-des-changements-de-circulation_38883078.html\" target=\"_blank\" rel=\"noopener\">rues aux \u00e9coles<\/a>, les <a href=\"https:\/\/actu.fr\/ile-de-france\/paris_75056\/c-est-extraordinaire-au-coeur-de-la-plantation-de-la-premiere-foret-urbaine-de-paris_60425582.html\" target=\"_blank\" rel=\"noopener\">for\u00eats urbaines<\/a>, les logements sociaux, etc.\u00a0\u00bb, ajoute-t-elle. Elle rejoindra, plus tard, le cabinet de la maire, o\u00f9 elle sera en charge des <strong>affaires fun\u00e9raires<\/strong> et suivra, entre autres, la cr\u00e9ation d\u2019un outil enti\u00e8rement public : <a href=\"https:\/\/actu.fr\/ile-de-france\/paris_75056\/apres-avoir-abandonne-ses-crematoriums-au-prive-la-ville-a-la-reconquete-du-funeraire-a-paris_61780726.html\" target=\"_blank\" rel=\"noopener\">la Soci\u00e9t\u00e9 publique locale fun\u00e9raire de Paris (SPL FP)<\/a>.\u00a0<\/p>\n<p class=\" wall-content\">D\u00e9sormais<strong> directrice du Pavillon de l\u2019Arsenal<\/strong>, centre d\u2019urbanisme et d\u2019architecture de Paris, elle s\u2019appuie sur un socle de comp\u00e9tences solides. \u00ab\u00a0Penser l\u2019avenir des villes, c\u2019est mon m\u00e9tier\u00a0\u00bb, argue-t-elle. Et rejette l\u2019id\u00e9e que le combat des 30 juin et 1er juillet prochain est perdu d\u2019avance : \u00ab\u00a0Le <strong>PS n\u2019est pas une monarchie<\/strong>, o\u00f9 l\u2019on intronise son successeur. On vote pour un projet, un \u00e9lan !\u00a0\u00bb<\/p>\n<p>\u00ab\u00a0Le logement, les transports, \u00e7a se r\u00e8gle \u00e0 l\u2019\u00e9chelle du Grand Paris\u00a0\u00bb<\/p>\n<p class=\" wall-content\">Celui-ci aura pour fil rouge \u00ab\u00a0partager\u00a0\u00bb et comme condition : le Grand Paris. \u00ab\u00a0C\u2019est la seule candidate qui a conscience qu\u2019il y a <strong>une vie apr\u00e8s le p\u00e9riph\u00e9rique<\/strong>. Que le logement, les transports, \u00e7a se r\u00e8gle \u00e0 l\u2019\u00e9chelle du Grand Paris\u00a0\u00bb, note Soraya Jebari. La dipl\u00f4m\u00e9e de Sciences Po et de l\u2019ENS-Ulm dit, en effet, faire du Grand Paris \u00ab\u00a0une n\u00e9cessit\u00e9 absolue du prochain mandat : \u00ab\u00a0Nos mesures, on va les porter avec d\u2019autres \u00e9lus du Grand Paris\u00a0\u00bb.\u00a0<\/p>\n<p class=\" wall-content\">Abel Guggenheim, militant soixante-huitard a \u00e9t\u00e9 s\u00e9duit par la voie alternative offerte par Marion Waller : \u00ab\u00a0On assistait \u00e0 <strong>une gu\u00e9guerre entre deux hommes<\/strong> [il fait r\u00e9f\u00e9rence \u00e0 l\u2019opposition m\u00e9diatique entre R\u00e9mi F\u00e9raud et Emmanuel Gr\u00e9goire]\u2026 Mais c\u2019est la seule qui parle r\u00e9ellement d\u2019urbanisme\u2026\u00a0\u00bb<\/p>\n<p class=\" wall-content\">Une direction qui prend racine tant dans son parcours professionnel, que dans son v\u00e9cu. \u00ab\u00a0Elle a grandi \u00e0 Maisons-Laffitte (<a href=\"https:\/\/actu.fr\/78actu\/\" target=\"_blank\" rel=\"noopener\">Yvelines<\/a>). De l\u00e0-bas \u00e0 Paris, la piste cyclable\u2026 c\u2019est n\u2019importe quoi. Elle a exp\u00e9riment\u00e9 le passage de la banlieue \u00e0 Paris\u00a0\u00bb, rappelle son p\u00e8re.<\/p>\n<p>\u00ab\u00a0Comment on poursuit cette belle histoire ?\u00a0\u00bb<\/p>\n<p class=\" wall-content\">\u00ab\u00a0Ce qu\u2019on attend du PS aujourd\u2019hui, c\u2019est de b\u00e2tir l\u2019avenir, d\u2019\u00eatre d\u2019avant-garde\u00a0\u00bb, plante la troisi\u00e8me candidate socialiste. Elle \u00e9voque notamment un \u00ab\u00a0droit au ciel\u00a0\u00bb, avec la <strong>cr\u00e9ation d\u2019un grands r\u00e9seau de toits publics et partag\u00e9s<\/strong>, avec des guinguettes et de l\u2019agriculture urbaine sur les mus\u00e9es, gymnases ou grandes institutions.\u00a0<\/p>\n<p>    <img   decoding=\"async\" loading=\"lazy\" src=\"https:\/\/www.europesays.com\/fr\/wp-content\/uploads\/2025\/06\/img-1438-960x640.jpg\" alt=\"meeting-marion-waller-paris-municiaples-2026\" width=\"960\" height=\"640\"\/><br \/>\n    La drag queen Maxima, r\u00e9sidente de la p\u00e9niche Le Mazette et soutien de Marion Waller. (\u00a9AD \/ actu Paris)<\/p>\n<p class=\" wall-content\">Mais aussi une taxe des vols entrants : \u00ab\u00a0Nous n\u2019allons pas faire de grands travaux, nous serons dans la continuit\u00e9. Et nous irons chercher l\u2019argent l\u00e0 o\u00f9 il est, en <strong>taxant le transport a\u00e9rien<\/strong>, utilis\u00e9 par les plus ais\u00e9s, pour financer la transformation \u00e9cologique.\u00a0\u00bb Rappelons que la dette de la Ville de Paris est attendue \u00e0 9,3 milliards d\u2019euros pour la fin de 2025. Elle conclut : \u00ab\u00a0Face \u00e0 la droite r\u00e9actionnaire, montrons qu\u2019\u00e0 gauche, nous faisons confiance \u00e0 la jeunesse et \u00e0 l\u2019avenir !\u00a0\u00bb Le compte \u00e0 rebours est lanc\u00e9.<\/p>\n<p class=\" wall-content\">Suivez toute l\u2019actualit\u00e9 de vos villes et m\u00e9dias favoris en vous inscrivant \u00e0 <a href=\"https:\/\/moncompte.actu.fr\" title=\"D\u00e9couvez Mon Actu\" rel=\"nofollow noopener\" data-trk=\"{&quot;cta&quot;:{&quot;action&quot;:&quot;https:\\\/\\\/moncompte.actu.fr&quot;,&quot;category&quot;:&quot;mon compte&quot;,&quot;from&quot;:&quot;article footer&quot;,&quot;name&quot;:&quot;Mon actu&quot;,&quot;type&quot;:&quot;cta&quot;}}\" target=\"_blank\">Mon Actu<\/a>.<\/p>\n","protected":false},"excerpt":{"rendered":"Par Augustin Delaporte Publi\u00e9 le 5 juin 2025 \u00e0 18h32 \u00ab\u00a0D\u00e9ranger le match\u00a0\u00bb. Voil\u00e0 l\u2019immense d\u00e9fi qui se&hellip;\n","protected":false},"author":2,"featured_media":155132,"comment_status":"","ping_status":"","sticky":false,"template":"","format":"standard","meta":{"footnotes":""},"categories":[1888],"tags":[1111,1928,11,1927,4188,1777,674,6757,1011,27,2381,3434,12,1926,626,1925,316,25],"class_list":{"0":"post-155131","1":"post","2":"type-post","3":"status-publish","4":"format-standard","5":"has-post-thumbnail","7":"category-paris","8":"tag-actu","9":"tag-actu-paris","10":"tag-actualites","11":"tag-actualites-paris","12":"tag-elections-municipales","13":"tag-eu","14":"tag-europe","15":"tag-feminisme","16":"tag-fr","17":"tag-france","18":"tag-mairie-de-paris","19":"tag-municipales-2026","20":"tag-news","21":"tag-news-paris","22":"tag-paris","23":"tag-paris-news","24":"tag-politique","25":"tag-republique-francaise"},"share_on_mastodon":{"url":"https:\/\/pubeurope.com\/@fr\/114633348525803711","error":""},"_links":{"self":[{"href":"https:\/\/www.europesays.com\/fr\/wp-json\/wp\/v2\/posts\/155131","targetHints":{"allow":["GET"]}}],"collection":[{"href":"https:\/\/www.europesays.com\/fr\/wp-json\/wp\/v2\/posts"}],"about":[{"href":"https:\/\/www.europesays.com\/fr\/wp-json\/wp\/v2\/types\/post"}],"author":[{"embeddable":true,"href":"https:\/\/www.europesays.com\/fr\/wp-json\/wp\/v2\/users\/2"}],"replies":[{"embeddable":true,"href":"https:\/\/www.europesays.com\/fr\/wp-json\/wp\/v2\/comments?post=155131"}],"version-history":[{"count":0,"href":"https:\/\/www.europesays.com\/fr\/wp-json\/wp\/v2\/posts\/155131\/revisions"}],"wp:featuredmedia":[{"embeddable":true,"href":"https:\/\/www.europesays.com\/fr\/wp-json\/wp\/v2\/media\/155132"}],"wp:attachment":[{"href":"https:\/\/www.europesays.com\/fr\/wp-json\/wp\/v2\/media?parent=155131"}],"wp:term":[{"taxonomy":"category","embeddable":true,"href":"https:\/\/www.europesays.com\/fr\/wp-json\/wp\/v2\/categories?post=155131"},{"taxonomy":"post_tag","embeddable":true,"href":"https:\/\/www.europesays.com\/fr\/wp-json\/wp\/v2\/tags?post=155131"}],"curies":[{"name":"wp","href":"https:\/\/api.w.org\/{rel}","templated":true}]}}