{"id":155135,"date":"2025-06-05T23:28:09","date_gmt":"2025-06-05T23:28:09","guid":{"rendered":"https:\/\/www.europesays.com\/fr\/155135\/"},"modified":"2025-06-05T23:28:09","modified_gmt":"2025-06-05T23:28:09","slug":"previsions-du-vendredi-6-juin-2025-4","status":"publish","type":"post","link":"https:\/\/www.europesays.com\/fr\/155135\/","title":{"rendered":"pr\u00e9visions du vendredi 6 juin 2025"},"content":{"rendered":"<p>Aujourd&rsquo;hui, encore des nuages dans le ciel qui emp\u00eachent le soleil d&rsquo;appara\u00eetre \u00e0 Paris. Les temp\u00e9ratures seront de 18\u00b0C. Un vent de sud-ouest rafra\u00eechira l\u00e9g\u00e8rement l&rsquo;atmosph\u00e8re. Des averses sont annonc\u00e9es le matin. La ville se retrouvera de temps \u00e0 autre sous la pluie. Des pluies \u00e9parses tomberont dans l&rsquo;apr\u00e8s-midi. D&rsquo;un autre c\u00f4t\u00e9, les temp\u00e9ratures vont enregistrer une augmentation de quelques degr\u00e9s. Les maximales atteindront les 21\u00b0C tandis que les minimales seront de 19\u00b0C. Le soir, le vent va progressivement chasser les nuages. Il va faire en moyenne 17\u00b0C. Durant la nuit de vendredi \u00e0 samedi, le ciel sera clair.<\/p>\n<p>Paris, o\u00f9 des nuages subsisteront demain, continuera de guetter le soleil. Il faudra pr\u00e9voir son parapluie pour s&rsquo;abriter des pluies \u00e9parses. Le mercure va chuter de quelques degr\u00e9s. Les valeurs seront comprises entre 12 et 20\u00b0C. Un vent de sud-ouest, atteignant 20 km\/h, soufflera. Le ciel va peu \u00e0 peu se voiler durant la matin\u00e9e avec l&rsquo;apparition de nuages. L&rsquo;apr\u00e8s-midi va rester couvert \u00e0 cause de nuages qui perdurent dans le ciel. Les temp\u00e9ratures s&rsquo;\u00e9chelonneront entre 17 et 20\u00b0C. Le temps sera mitig\u00e9 dans la soir\u00e9e avec de petites averses. On anticipe des valeurs d&rsquo;environ 17\u00b0C.<\/p>\n<p>Une am\u00e9lioration est \u00e0 pr\u00e9voir les jours suivants. Des temp\u00e9ratures dans les 16\u00b0C accompagneront un ciel ensoleill\u00e9.<\/p>\n<p>A l&rsquo;occasion de la f\u00eate des m\u00e8res, qui a lieu demain, souhaitons une agr\u00e9able f\u00eate aux mamans !<\/p>\n","protected":false},"excerpt":{"rendered":"Aujourd&rsquo;hui, encore des nuages dans le ciel qui emp\u00eachent le soleil d&rsquo;appara\u00eetre \u00e0 Paris. Les temp\u00e9ratures seront de&hellip;\n","protected":false},"author":2,"featured_media":155136,"comment_status":"","ping_status":"","sticky":false,"template":"","format":"standard","meta":{"footnotes":""},"categories":[1888],"tags":[11,1777,674,1011,27,662,12,626,2119,25],"class_list":{"0":"post-155135","1":"post","2":"type-post","3":"status-publish","4":"format-standard","5":"has-post-thumbnail","7":"category-paris","8":"tag-actualites","9":"tag-eu","10":"tag-europe","11":"tag-fr","12":"tag-france","13":"tag-ile-de-france","14":"tag-news","15":"tag-paris","16":"tag-previsions-meteo","17":"tag-republique-francaise"},"share_on_mastodon":{"url":"https:\/\/pubeurope.com\/@fr\/114633356331233985","error":""},"_links":{"self":[{"href":"https:\/\/www.europesays.com\/fr\/wp-json\/wp\/v2\/posts\/155135","targetHints":{"allow":["GET"]}}],"collection":[{"href":"https:\/\/www.europesays.com\/fr\/wp-json\/wp\/v2\/posts"}],"about":[{"href":"https:\/\/www.europesays.com\/fr\/wp-json\/wp\/v2\/types\/post"}],"author":[{"embeddable":true,"href":"https:\/\/www.europesays.com\/fr\/wp-json\/wp\/v2\/users\/2"}],"replies":[{"embeddable":true,"href":"https:\/\/www.europesays.com\/fr\/wp-json\/wp\/v2\/comments?post=155135"}],"version-history":[{"count":0,"href":"https:\/\/www.europesays.com\/fr\/wp-json\/wp\/v2\/posts\/155135\/revisions"}],"wp:featuredmedia":[{"embeddable":true,"href":"https:\/\/www.europesays.com\/fr\/wp-json\/wp\/v2\/media\/155136"}],"wp:attachment":[{"href":"https:\/\/www.europesays.com\/fr\/wp-json\/wp\/v2\/media?parent=155135"}],"wp:term":[{"taxonomy":"category","embeddable":true,"href":"https:\/\/www.europesays.com\/fr\/wp-json\/wp\/v2\/categories?post=155135"},{"taxonomy":"post_tag","embeddable":true,"href":"https:\/\/www.europesays.com\/fr\/wp-json\/wp\/v2\/tags?post=155135"}],"curies":[{"name":"wp","href":"https:\/\/api.w.org\/{rel}","templated":true}]}}