{"id":155143,"date":"2025-06-05T23:32:09","date_gmt":"2025-06-05T23:32:09","guid":{"rendered":"https:\/\/www.europesays.com\/fr\/155143\/"},"modified":"2025-06-05T23:32:09","modified_gmt":"2025-06-05T23:32:09","slug":"donald-trump-charge-elon-musk-le-fou-et-menace-dannuler-ses-contrats","status":"publish","type":"post","link":"https:\/\/www.europesays.com\/fr\/155143\/","title":{"rendered":"Donald Trump charge Elon Musk \u00ab\u00a0le fou\u00a0\u00bb et menace d\u2019annuler ses contrats"},"content":{"rendered":"<p>Aux <a href=\"https:\/\/www.20minutes.fr\/monde\/etats-unis\/\" target=\"_blank\" class=\"color-ultramarine c-link\" rel=\"noopener\">Etats-Unis<\/a>, l\u2019idylle entre <a href=\"https:\/\/www.20minutes.fr\/dossier\/donald_trump\" target=\"_blank\" class=\"color-ultramarine c-link\" rel=\"noopener\">Donald Trump<\/a> et <a href=\"https:\/\/www.20minutes.fr\/dossier\/elon_musk\" target=\"_blank\" class=\"color-ultramarine c-link\" rel=\"noopener\">Elon Musk<\/a> a tourn\u00e9, jeudi, au r\u00e8glement de comptes public. Leur alliance, autrefois spectaculaire, a \u00e9clat\u00e9 dans une s\u00e9rie d\u2019\u00e9changes incendiaires entre les deux hommes, qui s\u2019accusent d\u00e9sormais de \u00ab\u00a0folie\u00a0\u00bb et d\u2019\u00ab\u00a0ingratitude\u00a0\u00bb. Ce divorce \u00e0 haute tension pourrait bouleverser l\u2019\u00e9quilibre de la droite am\u00e9ricaine.<\/p>\n<p>Sur son r\u00e9seau Truth Social, le pr\u00e9sident a annonc\u00e9 avoir mis fin \u00e0 la mission budg\u00e9taire confi\u00e9e \u00e0 Elon Musk, qu\u2019il accuse d\u2019avoir \u00ab\u00a0perdu la t\u00eate\u00a0\u00bb en raison de son opposition \u00e0 un texte budg\u00e9taire d\u00e9favorable aux v\u00e9hicules \u00e9lectriques. Dans un autre message, Donald Trump menace directement. \u00ab\u00a0Le plus simple pour \u00e9conomiser des milliards dans notre budget serait d\u2019annuler les subventions et contrats gouvernementaux\u00a0\u00bb de <a href=\"https:\/\/www.20minutes.fr\/dossier\/tesla\" target=\"_blank\" class=\"color-ultramarine c-link\" rel=\"noopener\">Tesla<\/a> et <a href=\"https:\/\/www.20minutes.fr\/dossier\/spacex\" target=\"_blank\" class=\"color-ultramarine c-link\" rel=\"noopener\">SpaceX<\/a>.<\/p>\n<p>Elon Musk riposte aux attaques de Donald Trump<\/p>\n<p>La riposte d\u2019Elon Musk ne s\u2019est pas fait attendre. Sur <a href=\"https:\/\/www.20minutes.fr\/high-tech\/twitter\/\" target=\"_blank\" class=\"color-ultramarine c-link\" rel=\"noopener\">X<\/a>, il a d\u00e9clar\u00e9 que SpaceX \u00ab\u00a0commencera imm\u00e9diatement \u00e0 mettre hors service son vaisseau spatial Dragon\u00a0\u00bb, utilis\u00e9 notamment par la <a href=\"https:\/\/www.20minutes.fr\/sciences\/nasa\/\" target=\"_blank\" class=\"color-ultramarine c-link\" rel=\"noopener\">Nasa<\/a> pour ravitailler la Station spatiale internationale. La d\u00e9claration a provoqu\u00e9 un v\u00e9ritable s\u00e9isme \u00e0 <a href=\"https:\/\/www.20minutes.fr\/economie\/wall_street\/\" target=\"_blank\" class=\"color-ultramarine c-link\" rel=\"noopener\">Wall Street<\/a>\u00a0: l\u2019action Tesla a chut\u00e9 de 14,26\u00a0%, effa\u00e7ant des dizaines de milliards de dollars de capitalisation boursi\u00e8re en une journ\u00e9e.<\/p>\n<\/p>\n<p>La tension couvait depuis plusieurs jours, apr\u00e8s que le patron de Tesla a vivement critiqu\u00e9 le m\u00e9gaprojet de loi budg\u00e9taire d\u00e9fendu par Donald Trump. Lors d\u2019une r\u00e9union avec le chancelier allemand Friedrich Merz dans le Bureau ovale, Donald Trump a officialis\u00e9 la rupture en direct. \u00ab\u00a0Elon et moi avions une bonne relation. Je ne sais pas si c\u2019est encore le cas\u00a0\u00bb, a-t-il confi\u00e9 devant les cam\u00e9ras, exprimant sa \u00ab\u00a0d\u00e9ception\u00a0\u00bb envers son ex- \u00ab\u00a0conseiller sp\u00e9cial\u00a0\u00bb, qui a quitt\u00e9 ses fonctions le 30\u00a0mai.<\/p>\n<p>L&rsquo;\u00ab\u00a0ingratitude\u00a0\u00bb de Donald Trump<\/p>\n<p>Elon Musk a imm\u00e9diatement r\u00e9fut\u00e9 ces accusations. \u00ab\u00a0N\u2019importe quoi\u00a0\u00bb, a-t-il r\u00e9agi en commentaire d\u2019une vid\u00e9o de Donald Trump affirmant que sa col\u00e8re \u00e9tait li\u00e9e \u00e0 la suppression des subventions. Il a qualifi\u00e9 de \u00ab\u00a0faux\u00a0\u00bb les propos du pr\u00e9sident selon lesquels il aurait valid\u00e9 le contenu de la loi \u00e0 l\u2019origine du conflit. Pour Elon Musk, ce texte n\u2019est rien de moins qu\u2019une \u00ab\u00a0abomination\u00a0\u00bb pour les finances publiques, \u00e0 rebours des louanges pr\u00e9sidentielles qui y voient une \u00ab\u00a0grande et belle loi\u00a0\u00bb.<\/p>\n<p class=\"mb-m@xs text-l@xs\">En cliquant sur\u00ab J\u2019accepte \u00bb, vous acceptez le d\u00e9p\u00f4t de cookies par des services externes et aurez ainsi acc\u00e8s aux contenus de nos partenaires.<\/p>\n<p class=\"mb-xl@xs text-s@xs\">Plus d\u2019informations sur la page<a href=\"https:\/\/www.20minutes.fr\/gestion-cookies\" class=\"mx-xxs@xs color-ultramarine\" target=\"_blank\" rel=\"noopener\">Politique de gestion des cookies<\/a><\/p>\n<p>J\u2019accepte<\/p>\n<p>Le patron de SpaceX est all\u00e9 encore plus loin en accusant Donald Trump d\u2019\u00ab\u00a0ingratitude\u00a0\u00bb, affirmant qu\u2019il aurait perdu l\u2019\u00e9lection de\u00a02024 sans son soutien financier. Il a m\u00eame insinu\u00e9, sans preuves, que le nom de Trump appara\u00eetrait dans le dossier <a href=\"https:\/\/www.20minutes.fr\/monde\/2559951-20190709-jeffrey-epstein-millionnaire-lie-donald-trump-bill-clinton-inculpe-exploitation-sexuelle-mineures\" target=\"_blank\" class=\"color-ultramarine c-link\" rel=\"noopener\">Jeffrey Epstein<\/a>, une all\u00e9gation lourde de sous-entendus, mais juridiquement infond\u00e9e.<\/p>\n<p>Le pr\u00e9sident en remet une couche<\/p>\n<p>Face \u00e0 cette offensive, Donald Trump a contre-attaqu\u00e9 avec ironie. \u00ab\u00a0Il disait les choses les plus belles \u00e0 mon propos\u00a0\u00bb, a-t-il lanc\u00e9, comparant Elon Musk \u00e0 un amoureux \u00e9conduit. \u00ab\u00a0Les gens quittent notre <a href=\"https:\/\/www.20minutes.fr\/dossier\/gouvernement\" target=\"_blank\" class=\"color-ultramarine c-link\" rel=\"noopener\">gouvernement<\/a>, ils nous aiment, et \u00e0 un moment cela leur manque tellement\u2026 Certains deviennent hostiles.\u00a0\u00bb<\/p>\n<p>L\u2019union Trump-Musk, scell\u00e9e dans la ferveur m\u00e9diatique lors de la campagne pr\u00e9sidentielle de\u00a02024, semblait pourtant in\u00e9branlable. Donald Trump avait mis en sc\u00e8ne son soutien \u00e0 Tesla \u00e0 la <a href=\"https:\/\/www.20minutes.fr\/dossier\/maison_blanche\" target=\"_blank\" class=\"color-ultramarine c-link\" rel=\"noopener\">Maison-Blanche<\/a>, tandis qu\u2019Elon Musk lui avait offert des marques de loyaut\u00e9 spectaculaires, allant jusqu\u2019\u00e0 arborer une casquette proclamant\u00a0: \u00ab\u00a0Trump avait raison sur tout\u00a0\u00bb.<\/p>\n<p>Elon Musk de plus en plus isol\u00e9<\/p>\n<p>Mais la lune de miel s\u2019est fissur\u00e9e au fil des mois. Tr\u00e8s impopulaire aupr\u00e8s des membres du cabinet pr\u00e9sidentiel, Elon Musk s\u2019est retrouv\u00e9 de plus en plus isol\u00e9. Un \u00e9pisode-cl\u00e9 aurait acc\u00e9l\u00e9r\u00e9 la rupture\u00a0: son soutien \u00e0 un candidat conservateur \u00e0 la Cour supr\u00eame du <a href=\"https:\/\/www.20minutes.fr\/dossier\/wisconsin\" target=\"_blank\" class=\"color-ultramarine c-link\" rel=\"noopener\">Wisconsin<\/a>. Une \u00e9lection perdue au profit d\u2019une d\u00e9mocrate, un \u00e9chec que Donald Trump aurait tr\u00e8s mal dig\u00e9r\u00e9.<\/p>\n<p><a href=\"https:\/\/www.20minutes.fr\/monde\/etats-unis\/\" target=\"_blank\" class=\"c-link c-btn c-btn--primary\" rel=\"noopener\">Notre dossier sur les Etats-Unis<\/a><\/p>\n<p>Fid\u00e8le \u00e0 son style provocateur, Elon Musk n\u2019a pas exclu de continuer \u00e0 peser dans le d\u00e9bat politique. \u00ab\u00a0N\u2019est-il pas temps de cr\u00e9er un nouveau parti politique aux Etats-Unis\u00a0?\u00a0\u00bb a-t-il lanc\u00e9 jeudi sur X, laissant entendre qu\u2019il pourrait vouloir redessiner \u00e0 sa mani\u00e8re la carte de la droite am\u00e9ricaine.<\/p>\n","protected":false},"excerpt":{"rendered":"Aux Etats-Unis, l\u2019idylle entre Donald Trump et Elon Musk a tourn\u00e9, jeudi, au r\u00e8glement de comptes public. Leur&hellip;\n","protected":false},"author":2,"featured_media":155144,"comment_status":"","ping_status":"","sticky":false,"template":"","format":"standard","meta":{"footnotes":""},"categories":[1589],"tags":[47,11,75,46,73,1866,78,74,333,12,45,320,1864,1865,1863,308,6901],"class_list":{"0":"post-155143","1":"post","2":"type-post","3":"status-publish","4":"format-standard","5":"has-post-thumbnail","7":"category-etats-unis","8":"tag-actualite","9":"tag-actualites","10":"tag-donald-trump","11":"tag-elon-musk","12":"tag-etats-unis","13":"tag-etats-unis-damerique","14":"tag-maison-blanche","15":"tag-monde","16":"tag-nasa","17":"tag-news","18":"tag-spacex","19":"tag-tesla","20":"tag-united-states","21":"tag-united-states-of-america","22":"tag-us","23":"tag-usa","24":"tag-wall-street"},"share_on_mastodon":{"url":"https:\/\/pubeurope.com\/@fr\/114633372266534740","error":""},"_links":{"self":[{"href":"https:\/\/www.europesays.com\/fr\/wp-json\/wp\/v2\/posts\/155143","targetHints":{"allow":["GET"]}}],"collection":[{"href":"https:\/\/www.europesays.com\/fr\/wp-json\/wp\/v2\/posts"}],"about":[{"href":"https:\/\/www.europesays.com\/fr\/wp-json\/wp\/v2\/types\/post"}],"author":[{"embeddable":true,"href":"https:\/\/www.europesays.com\/fr\/wp-json\/wp\/v2\/users\/2"}],"replies":[{"embeddable":true,"href":"https:\/\/www.europesays.com\/fr\/wp-json\/wp\/v2\/comments?post=155143"}],"version-history":[{"count":0,"href":"https:\/\/www.europesays.com\/fr\/wp-json\/wp\/v2\/posts\/155143\/revisions"}],"wp:featuredmedia":[{"embeddable":true,"href":"https:\/\/www.europesays.com\/fr\/wp-json\/wp\/v2\/media\/155144"}],"wp:attachment":[{"href":"https:\/\/www.europesays.com\/fr\/wp-json\/wp\/v2\/media?parent=155143"}],"wp:term":[{"taxonomy":"category","embeddable":true,"href":"https:\/\/www.europesays.com\/fr\/wp-json\/wp\/v2\/categories?post=155143"},{"taxonomy":"post_tag","embeddable":true,"href":"https:\/\/www.europesays.com\/fr\/wp-json\/wp\/v2\/tags?post=155143"}],"curies":[{"name":"wp","href":"https:\/\/api.w.org\/{rel}","templated":true}]}}