{"id":155154,"date":"2025-06-05T23:38:10","date_gmt":"2025-06-05T23:38:10","guid":{"rendered":"https:\/\/www.europesays.com\/fr\/155154\/"},"modified":"2025-06-05T23:38:10","modified_gmt":"2025-06-05T23:38:10","slug":"israel-mene-des-frappes-sur-le-sud-de-beyrouth-et-seme-le-chaos-dans-la-capitale-libanaise","status":"publish","type":"post","link":"https:\/\/www.europesays.com\/fr\/155154\/","title":{"rendered":"Isra\u00ebl m\u00e8ne des frappes sur le sud de Beyrouth et s\u00e8me le chaos dans la capitale libanaise"},"content":{"rendered":"<p>        <img decoding=\"async\" loading=\"lazy\" src=\"https:\/\/www.europesays.com\/fr\/wp-content\/uploads\/2025\/06\/e79e5b6_sirius-fs-upload-1-pobo4xk1lzb4-1749150095245-gssvlapwuaat-aw.jfif.jpeg\"  width=\"728\" height=\"410\" alt=\"L\u2019arm\u00e9e isra\u00e9lienne a demand\u00e9 ce jeudi 5\u00a0juin au soir l\u2019\u00e9vacuation de quatre zones de la banlieue sud de Beyrouth, des embouteillages se sont form\u00e9s.\"\/>  <\/p>\n<p>capture d\u2019\u00e9cran vid\u00e9o X<\/p>\n<p>L\u2019arm\u00e9e isra\u00e9lienne a demand\u00e9 ce jeudi 5\u00a0juin au soir l\u2019\u00e9vacuation de quatre zones de la banlieue sud de Beyrouth, des embouteillages se sont form\u00e9s.<\/p>\n<p class=\"asset asset-text\">INTERNATIONAL &#8211; Des sc\u00e8nes de panique dans les rues de la capitale libanaise. La banlieue sud de <a href=\"https:\/\/www.huffingtonpost.fr\/international\/video\/liban-le-sud-de-beyrouth-subit-les-bombardements-les-plus-intenses-depuis-le-debut-de-la-guerre_241294.html\" rel=\"nofollow noopener\" target=\"_blank\">Beyrouth<\/a> a \u00e9t\u00e9 vis\u00e9e par au moins trois frappes a\u00e9riennes isra\u00e9liennes ce jeudi 5\u00a0juin au soir. Un peu plus t\u00f4t, <a href=\"https:\/\/www.huffingtonpost.fr\/international\/video\/israel-affirme-avoir-frappe-un-fief-du-hezbollah-a-beyrouth-et-elimine-des-hauts-responsables_241111.html\" rel=\"nofollow noopener\" target=\"_blank\">Tsahal<\/a> avait appel\u00e9 \u00e0 \u00e9vacuer quatre zones de l\u2019agglom\u00e9ration, en pr\u00e9vision de frappes imminentes sur ce qu\u2019elle a pr\u00e9sent\u00e9 comme des installations du Hezbollah.<\/p>\n<p class=\"asset asset-text\">Des panaches de fum\u00e9e noire se d\u00e9gageaient de la banlieue sud, d\u2019apr\u00e8s les images en direct diffus\u00e9es par l\u2019AFP. Le colonel Avichay Adraee, porte-parole de l\u2019arm\u00e9e isra\u00e9lienne pour le public arabophone, a d\u00e9clar\u00e9 sur X que l\u2019arm\u00e9e isra\u00e9lienne \u00ab\u00a0attaquait actuellement des cibles terroristes appartenant \u00e0 l\u2019unit\u00e9 a\u00e9rienne du Hezbollah (Unit\u00e9 127) dans la banlieue sud de Beyrouth\u00a0\u00bb. Il a \u00e9galement \u00e9mis un appel \u00e0 \u00e9vacuer le village de A\u00efn Qana, dans le sud du Liban, en pr\u00e9vision de frappes imminentes, l\u00e0 aussi cens\u00e9es viser des installations du Hezbollah.<\/p>\n<p class=\"asset asset-text\">Vers 20\u00a0heures (heure de Paris), ce m\u00eame porte-parole avait sem\u00e9 la panique avec son ordre d\u2019\u00e9vacuation de la banlieue sud de Beyrouth. \u00ab\u00a0Pour votre s\u00e9curit\u00e9 et celle de vos familles, vous \u00eates tenus d\u2019\u00e9vacuer imm\u00e9diatement ces b\u00e2timents\u00a0\u00bb dans un rayon d\u2019au moins 300 m\u00e8tres, avait-il \u00e9crit dans un message sur le r\u00e9seau social Telegram accompagn\u00e9 de cartes montrant quatre b\u00e2timents dans les quartiers d\u2019Al-Hadath, Haret Hreik et Bourj el-Barajneh.<\/p>\n<p> La lecture de ce contenu est susceptible d\u2019entra\u00eener un d\u00e9p\u00f4t de cookies de la part de l\u2019op\u00e9rateur tiers qui l\u2019h\u00e9berge. Compte-tenu des choix que vous avez exprim\u00e9s en mati\u00e8re de d\u00e9p\u00f4t de cookies, nous avons bloqu\u00e9 l\u2019affichage de ce contenu. Si vous souhaitez y acc\u00e9der, vous devez accepter la cat\u00e9gorie de cookies \u201cContenus tiers\u201d en cliquant sur le bouton ci-dessous. <\/p>\n<p> Lire la Vid\u00e9o        <\/p>\n<p class=\"asset asset-text\">Dans un communiqu\u00e9 s\u00e9par\u00e9, l\u2019arm\u00e9e isra\u00e9lienne a annonc\u00e9 qu\u2019elle allait \u00ab\u00a0bient\u00f4t mener une frappe sur des sites de production souterrains de drones qui ont \u00e9t\u00e9 d\u00e9lib\u00e9r\u00e9ment \u00e9tablis au c\u0153ur de la population civile\u00a0\u00bb.<\/p>\n<p>                     Embouteillages monstres    <\/p>\n<p class=\"asset asset-text\">\u00ab\u00a0Ces activit\u00e9s constituent une violation flagrante des accords entre Isra\u00ebl et le\u00a0Liban\u00a0\u00bb, ajoute l\u2019arm\u00e9e en r\u00e9f\u00e9rence au cessez-le-feu entre Isra\u00ebl et le Hezbollah entr\u00e9 en vigueur fin novembre \u00e0 la suite d\u2019une m\u00e9diation de Washington et de Paris. Ce cessez-le-feu a mis fin \u00e0 plus d\u2019un an d\u2019hostilit\u00e9s, dont deux mois de guerre ouverte entre l\u2019arm\u00e9e isra\u00e9lienne et le mouvement islamiste libanais.<\/p>\n<p class=\"asset asset-text\">Apr\u00e8s l\u2019ordre d\u2019\u00e9vacuation, les habitants ont quitt\u00e9 en urgence les zones r\u00e9sidentielles de Beyrouth. Ils \u00e9taient des centaines \u00e0 fuire, provoquant d\u2019importants embouteillages.<\/p>\n<p> La lecture de ce contenu est susceptible d\u2019entra\u00eener un d\u00e9p\u00f4t de cookies de la part de l\u2019op\u00e9rateur tiers qui l\u2019h\u00e9berge. Compte-tenu des choix que vous avez exprim\u00e9s en mati\u00e8re de d\u00e9p\u00f4t de cookies, nous avons bloqu\u00e9 l\u2019affichage de ce contenu. Si vous souhaitez y acc\u00e9der, vous devez accepter la cat\u00e9gorie de cookies \u201cContenus tiers\u201d en cliquant sur le bouton ci-dessous. <\/p>\n<p> Lire la Vid\u00e9o           <\/p>\n<p> La lecture de ce contenu est susceptible d\u2019entra\u00eener un d\u00e9p\u00f4t de cookies de la part de l\u2019op\u00e9rateur tiers qui l\u2019h\u00e9berge. Compte-tenu des choix que vous avez exprim\u00e9s en mati\u00e8re de d\u00e9p\u00f4t de cookies, nous avons bloqu\u00e9 l\u2019affichage de ce contenu. Si vous souhaitez y acc\u00e9der, vous devez accepter la cat\u00e9gorie de cookies \u201cContenus tiers\u201d en cliquant sur le bouton ci-dessous. <\/p>\n<p> Lire la Vid\u00e9o            <\/p>\n<p class=\"asset asset-text\">Un photographe de l\u2019AFP sur place a constat\u00e9 un d\u00e9placement massif des habitants apr\u00e8s des tirs en l\u2019air de la part de certains habitants pour \u00e9vacuer, ajoutant que le secteur avait \u00e9t\u00e9 boucl\u00e9 et presque enti\u00e8rement vid\u00e9 de ses habitants. L\u2019agence nationale d\u2019Information Ani a de son c\u00f4t\u00e9 rapport\u00e9 des \u00ab\u00a0frappes de sommation\u00a0\u00bb de l\u2019arm\u00e9e isra\u00e9lienne dans la banlieue sud.<\/p>\n<p class=\"asset asset-text\">Ce mouvement de panique intervient la veille de l\u2019A\u00efd al-Adha (\u00ab\u00a0f\u00eate du Sacrifice\u00a0\u00bb en arabe), une importante f\u00eate musulmane qui d\u00e9bute vendredi. Isra\u00ebl continue de mener r\u00e9guli\u00e8rement des frappes \u00e0 travers le\u00a0Liban\u00a0contre ce qu\u2019elle pr\u00e9sente comme des cibles ou des combattants du Hezbollah en d\u00e9pit du cessez-le-feu, affirmant avoir pour cela le soutien des \u00c9tats-Unis.<\/p>\n","protected":false},"excerpt":{"rendered":"capture d\u2019\u00e9cran vid\u00e9o X L\u2019arm\u00e9e isra\u00e9lienne a demand\u00e9 ce jeudi 5\u00a0juin au soir l\u2019\u00e9vacuation de quatre zones de&hellip;\n","protected":false},"author":2,"featured_media":155155,"comment_status":"","ping_status":"","sticky":false,"template":"","format":"standard","meta":{"footnotes":""},"categories":[2],"tags":[11,1011,27,14,664,12404,12,25],"class_list":{"0":"post-155154","1":"post","2":"type-post","3":"status-publish","4":"format-standard","5":"has-post-thumbnail","7":"category-actualites","8":"tag-actualites","9":"tag-fr","10":"tag-france","11":"tag-international","12":"tag-israel","13":"tag-liban","14":"tag-news","15":"tag-republique-francaise"},"share_on_mastodon":{"url":"https:\/\/pubeurope.com\/@fr\/114633395755996683","error":""},"_links":{"self":[{"href":"https:\/\/www.europesays.com\/fr\/wp-json\/wp\/v2\/posts\/155154","targetHints":{"allow":["GET"]}}],"collection":[{"href":"https:\/\/www.europesays.com\/fr\/wp-json\/wp\/v2\/posts"}],"about":[{"href":"https:\/\/www.europesays.com\/fr\/wp-json\/wp\/v2\/types\/post"}],"author":[{"embeddable":true,"href":"https:\/\/www.europesays.com\/fr\/wp-json\/wp\/v2\/users\/2"}],"replies":[{"embeddable":true,"href":"https:\/\/www.europesays.com\/fr\/wp-json\/wp\/v2\/comments?post=155154"}],"version-history":[{"count":0,"href":"https:\/\/www.europesays.com\/fr\/wp-json\/wp\/v2\/posts\/155154\/revisions"}],"wp:featuredmedia":[{"embeddable":true,"href":"https:\/\/www.europesays.com\/fr\/wp-json\/wp\/v2\/media\/155155"}],"wp:attachment":[{"href":"https:\/\/www.europesays.com\/fr\/wp-json\/wp\/v2\/media?parent=155154"}],"wp:term":[{"taxonomy":"category","embeddable":true,"href":"https:\/\/www.europesays.com\/fr\/wp-json\/wp\/v2\/categories?post=155154"},{"taxonomy":"post_tag","embeddable":true,"href":"https:\/\/www.europesays.com\/fr\/wp-json\/wp\/v2\/tags?post=155154"}],"curies":[{"name":"wp","href":"https:\/\/api.w.org\/{rel}","templated":true}]}}