{"id":155158,"date":"2025-06-05T23:41:14","date_gmt":"2025-06-05T23:41:14","guid":{"rendered":"https:\/\/www.europesays.com\/fr\/155158\/"},"modified":"2025-06-05T23:41:14","modified_gmt":"2025-06-05T23:41:14","slug":"il-fallait-changer-de-discours-explique-le-president-du-tours-vb-apres-le-depart-de-marcelo-fronckowiak","status":"publish","type":"post","link":"https:\/\/www.europesays.com\/fr\/155158\/","title":{"rendered":"\u00ab\u00a0Il fallait changer de discours\u00a0\u00bb explique le pr\u00e9sident du Tours VB apr\u00e8s le d\u00e9part de Marcelo Fronckowiak"},"content":{"rendered":"<p>\u00ab\u00a0Le Tours Volley-Ball et Marcelo Fronckowiak mettent fin, d\u2019un commun accord, \u00e0 leur collaboration.\u00a0\u00bb C\u2019est en ces termes que le club tourangeau a officialis\u00e9, ce mercredi 4\u00a0juin en soir\u00e9e,<a target=\"_self\" href=\"https:\/\/www.lanouvellerepublique.fr\/tours\/msl-marcelo-fronckowiak-n-est-plus-l-entraineur-du-tours-volley-ball-1749049721\" rel=\"nofollow noopener\"> le d\u00e9part de son entra\u00eeneur<\/a> arriv\u00e9 en 2021 et \u00e0 qui il restait un an de contrat&#8230;. <\/p>\n<p>    Cet article a \u00e9t\u00e9 tronqu\u00e9. Abonnez-vous pour lire l&rsquo;article complet sur notre site.<\/p>\n<p style=\"margin: 0 !important; padding: 0 !important; font-size: 12px !important;\">Cet article a \u00e9t\u00e9 tronqu\u00e9. Abonnez-vous pour lire l&rsquo;article complet.<\/p>\n<p>    <a href=\"https:\/\/www.lanouvellerepublique.fr\/abonnements\" style=\"display: inline-block; margin-top: 5px !important; padding: 6px 12px !important; background: #cb1c27; color: white; text-decoration: none; border-radius: 4px; font-size: 12px !important;\" rel=\"nofollow noopener\" target=\"_blank\"><br \/>\n      S&rsquo;abonner<br \/>\n    <\/a><\/p>\n","protected":false},"excerpt":{"rendered":"\u00ab\u00a0Le Tours Volley-Ball et Marcelo Fronckowiak mettent fin, d\u2019un commun accord, \u00e0 leur collaboration.\u00a0\u00bb C\u2019est en ces termes&hellip;\n","protected":false},"author":2,"featured_media":155159,"comment_status":"","ping_status":"","sticky":false,"template":"","format":"standard","meta":{"footnotes":""},"categories":[1417],"tags":[1011,27,1387,1655,60,1390,1471,2767,1470,1469],"class_list":{"0":"post-155158","1":"post","2":"type-post","3":"status-publish","4":"format-standard","5":"has-post-thumbnail","7":"category-volley","8":"tag-fr","9":"tag-france","10":"tag-indre-et-loire","11":"tag-ligue-a","12":"tag-sports","13":"tag-tours","14":"tag-tours-volley-ball","15":"tag-tvb-37","16":"tag-volley","17":"tag-volleyball"},"share_on_mastodon":{"url":"https:\/\/pubeurope.com\/@fr\/114633407476481516","error":""},"_links":{"self":[{"href":"https:\/\/www.europesays.com\/fr\/wp-json\/wp\/v2\/posts\/155158","targetHints":{"allow":["GET"]}}],"collection":[{"href":"https:\/\/www.europesays.com\/fr\/wp-json\/wp\/v2\/posts"}],"about":[{"href":"https:\/\/www.europesays.com\/fr\/wp-json\/wp\/v2\/types\/post"}],"author":[{"embeddable":true,"href":"https:\/\/www.europesays.com\/fr\/wp-json\/wp\/v2\/users\/2"}],"replies":[{"embeddable":true,"href":"https:\/\/www.europesays.com\/fr\/wp-json\/wp\/v2\/comments?post=155158"}],"version-history":[{"count":0,"href":"https:\/\/www.europesays.com\/fr\/wp-json\/wp\/v2\/posts\/155158\/revisions"}],"wp:featuredmedia":[{"embeddable":true,"href":"https:\/\/www.europesays.com\/fr\/wp-json\/wp\/v2\/media\/155159"}],"wp:attachment":[{"href":"https:\/\/www.europesays.com\/fr\/wp-json\/wp\/v2\/media?parent=155158"}],"wp:term":[{"taxonomy":"category","embeddable":true,"href":"https:\/\/www.europesays.com\/fr\/wp-json\/wp\/v2\/categories?post=155158"},{"taxonomy":"post_tag","embeddable":true,"href":"https:\/\/www.europesays.com\/fr\/wp-json\/wp\/v2\/tags?post=155158"}],"curies":[{"name":"wp","href":"https:\/\/api.w.org\/{rel}","templated":true}]}}