{"id":155160,"date":"2025-06-05T23:42:09","date_gmt":"2025-06-05T23:42:09","guid":{"rendered":"https:\/\/www.europesays.com\/fr\/155160\/"},"modified":"2025-06-05T23:42:09","modified_gmt":"2025-06-05T23:42:09","slug":"top-14-pourquoi-une-victoire-au-stade-francais-constituerait-un-exploit-pour-castres","status":"publish","type":"post","link":"https:\/\/www.europesays.com\/fr\/155160\/","title":{"rendered":"Top 14. Pourquoi une victoire au Stade Fran\u00e7ais constituerait un exploit pour Castres"},"content":{"rendered":"<p>            Par<br \/>\n        <strong><br \/>\n            <a href=\"https:\/\/actu.fr\/auteur\/nathan-heuillet\" title=\"Consulter tous les articles de Nathan Heuillet\" rel=\"nofollow noopener\" target=\"_blank\">Nathan Heuillet<\/a><br \/>\n        <\/strong><\/p>\n<p>        Publi\u00e9 le<\/p>\n<p>            5 juin 2025 \u00e0 16h52        <\/p>\n<p>Alors qu\u2019on s\u2019approche doucement de la derni\u00e8re journ\u00e9e du <a href=\"https:\/\/actu.fr\/rugby\/classements-resultats\/\" rel=\"nofollow noopener\" target=\"_blank\">Top 14<\/a>, <a href=\"https:\/\/actu.fr\/rugby\/equipe\/castres_64dd31537b8c09c4fec88161\/\" rel=\"nofollow noopener\" target=\"_blank\">Castres <\/a>pr\u00e9pare un d\u00e9placement importantissime dans la capitale pour d\u00e9fier le Stade Fran\u00e7ais, avec la ferme intention de conserver sa place de qualifi\u00e9 pour la phase finale. Pourtant, historiquement, les Tarnais se d\u00e9placent mal \u00e0 Jean-Bouin, puisqu\u2019ils <strong>n\u2019ont jamais gagn\u00e9 sur cette pelouse en Top 14.<\/strong><\/p>\n<p>Castres n\u2019a jamais fait mieux qu\u2019un match nul<\/p>\n<p class=\" wall-content\">Les deux \u00e9quipes ne boxent pas dans la m\u00eame cat\u00e9gorie cette saison. Paris joue le maitien, alors que Castres s\u2019est rapidement imbriqu\u00e9 dans la course au Top 6, avec de tr\u00e8s bonnes performances. En parall\u00e8le, le club a m\u00eame disput\u00e9 la phase finale de Champions Cup, un \u00e9v\u00e8nement qui n\u2019\u00e9tait plus arriv\u00e9 au club depuis pr\u00e8s de 22 ans.\u00a0<\/p>\n<p class=\" wall-content\">Les signaux tendent \u00e0 jouer en la faveur des Bleu et Blanc, mais le capitaine, Mathieu Babillot, entend bien faire preuve de s\u00e9rieux avant d\u2019aborder ce match. Les Castrais n\u2019ont tout simplement jamais gagn\u00e9 sur la pelouse du Stade Fran\u00e7ais, et ils ont bien \u00e7a en t\u00eate.<\/p>\n<p class=\" wall-content\">\u00ab\u00a0Je n\u2019ai pas le souvenir que Castres ait gagn\u00e9 l\u00e0-bas. Donc on est pr\u00e9venu, mais on a la balle dans notre camp. On a fait une semaine plut\u00f4t studieuse, mais il faudra faire une grosse performance pour s\u2019imposer contre le Stade Fran\u00e7ais\u00a0\u00bb.\u00a0<\/p>\n<p>\u00ab\u00a0Le championnat et le classement on le connait par c\u0153ur\u00a0\u00bb<\/p>\n<p class=\" wall-content\">Pas du genre superstitieux, Mathieu Babillot \u00e9voque la duret\u00e9 qui les attend face au Stade Fran\u00e7ais, et annonce que son \u00e9quipe n\u2019aura pas les yeux riv\u00e9s sur les scores des matchs de Bayonne, La Rochelle et Clermont, ses concurrents directs.\u00a0<\/p>\n<p>Vid\u00e9os : en ce moment sur Actu<\/p>\n<p class=\" wall-content\">\u00ab\u00a0Le championnat et le classement, on le conna\u00eet par c\u0153ur. On ne peut pas faire les aveugles, mais on est dans le bon wagon, on a cette chance l\u00e0. Mais on a toujours le dernier match de la saison pass\u00e9e en t\u00eate\u00a0\u00bb, souligne Mathieu Babillot.<\/p>\n<p class=\" wall-content\">La saison pass\u00e9e, les Castrais avaient r\u00e9ussi l\u2019exploit de faire tomber, sous des trombes d\u2019eau, Bayonne. Une performance finalement inutile, le CO \u00e9chouant \u00e0 la 7e place\u2026<\/p>\n<p class=\" wall-content\">Suivez toute l\u2019actualit\u00e9 de vos villes et m\u00e9dias favoris en vous inscrivant \u00e0 <a href=\"https:\/\/moncompte.actu.fr\" title=\"D\u00e9couvez Mon Actu\" rel=\"nofollow noopener\" data-trk=\"{&quot;cta&quot;:{&quot;action&quot;:&quot;https:\\\/\\\/moncompte.actu.fr&quot;,&quot;category&quot;:&quot;mon compte&quot;,&quot;from&quot;:&quot;article footer&quot;,&quot;name&quot;:&quot;Mon actu&quot;,&quot;type&quot;:&quot;cta&quot;}}\" target=\"_blank\">Mon Actu<\/a>.<\/p>\n","protected":false},"excerpt":{"rendered":"Par Nathan Heuillet Publi\u00e9 le 5 juin 2025 \u00e0 16h52 Alors qu\u2019on s\u2019approche doucement de la derni\u00e8re journ\u00e9e&hellip;\n","protected":false},"author":2,"featured_media":155161,"comment_status":"","ping_status":"","sticky":false,"template":"","format":"standard","meta":{"footnotes":""},"categories":[1416],"tags":[7336,1011,27,479,1468,60,478],"class_list":{"0":"post-155160","1":"post","2":"type-post","3":"status-publish","4":"format-standard","5":"has-post-thumbnail","7":"category-rugby","8":"tag-castres-olympique","9":"tag-fr","10":"tag-france","11":"tag-rugby","12":"tag-rugby-football","13":"tag-sports","14":"tag-top-14"},"share_on_mastodon":{"url":"https:\/\/pubeurope.com\/@fr\/114633411357079954","error":""},"_links":{"self":[{"href":"https:\/\/www.europesays.com\/fr\/wp-json\/wp\/v2\/posts\/155160","targetHints":{"allow":["GET"]}}],"collection":[{"href":"https:\/\/www.europesays.com\/fr\/wp-json\/wp\/v2\/posts"}],"about":[{"href":"https:\/\/www.europesays.com\/fr\/wp-json\/wp\/v2\/types\/post"}],"author":[{"embeddable":true,"href":"https:\/\/www.europesays.com\/fr\/wp-json\/wp\/v2\/users\/2"}],"replies":[{"embeddable":true,"href":"https:\/\/www.europesays.com\/fr\/wp-json\/wp\/v2\/comments?post=155160"}],"version-history":[{"count":0,"href":"https:\/\/www.europesays.com\/fr\/wp-json\/wp\/v2\/posts\/155160\/revisions"}],"wp:featuredmedia":[{"embeddable":true,"href":"https:\/\/www.europesays.com\/fr\/wp-json\/wp\/v2\/media\/155161"}],"wp:attachment":[{"href":"https:\/\/www.europesays.com\/fr\/wp-json\/wp\/v2\/media?parent=155160"}],"wp:term":[{"taxonomy":"category","embeddable":true,"href":"https:\/\/www.europesays.com\/fr\/wp-json\/wp\/v2\/categories?post=155160"},{"taxonomy":"post_tag","embeddable":true,"href":"https:\/\/www.europesays.com\/fr\/wp-json\/wp\/v2\/tags?post=155160"}],"curies":[{"name":"wp","href":"https:\/\/api.w.org\/{rel}","templated":true}]}}