{"id":155164,"date":"2025-06-05T23:45:12","date_gmt":"2025-06-05T23:45:12","guid":{"rendered":"https:\/\/www.europesays.com\/fr\/155164\/"},"modified":"2025-06-05T23:45:12","modified_gmt":"2025-06-05T23:45:12","slug":"tech3-a-vendre-herve-poncharal-discute-avec-gunther-steiner","status":"publish","type":"post","link":"https:\/\/www.europesays.com\/fr\/155164\/","title":{"rendered":"Tech3 \u00e0 vendre\u00a0?\u00a0Herv\u00e9 Poncharal \u00ab\u00a0discute\u00a0\u00bb avec G\u00fcnther Steiner"},"content":{"rendered":"<p>Herv\u00e9 Poncharal se pr\u00e9pare-t-il \u00e0 passer la main\u00a0? Fin 2022, l&#8217;embl\u00e9matique patron de l&rsquo;\u00e9quipe Tech3 a <a href=\"https:\/\/fr.motorsport.com\/motogp\/news\/herve-poncharal-nomme-team-manager-tech3\/10397325\/\" target=\"_blank\" rel=\"noopener\">c\u00e9d\u00e9 le r\u00f4le de team manager \u00e0 Nicolas Goyon<\/a>, tout en restant tr\u00e8s pr\u00e9sent dans le paddock. Poncharal, qui a r\u00e9cemment f\u00eat\u00e9 ses 68 ans, vient aussi de passer la main \u00e0 la pr\u00e9sidence de l&rsquo;IRTA, l&rsquo;association des \u00e9quipes, <a href=\"https:\/\/fr.motorsport.com\/motogp\/news\/irta-cecchinello-succede-poncharal-dur-faire-mieux\/10725807\/\" target=\"_blank\" rel=\"noopener\">\u00e0 Lucio Cecchinello<\/a>\u00a0et maintenant, c&rsquo;est une potentielle vente de Tech3 qui est \u00e9voqu\u00e9e.<\/p>\n<p>Lire aussi :<\/p>\n<p>Des rumeurs ont notamment fait \u00e9tat d&rsquo;un int\u00e9r\u00eat de G\u00fcnther Steiner, connu pour avoir dirig\u00e9 Haas en <a href=\"https:\/\/fr.motorsport.com\/f1\/\" target=\"_self\" rel=\"noopener\">Formule 1<\/a>, mais qui a aussi eu des responsabilit\u00e9 pour Jaguar puis Red Bull dans le championnat, ainsi que chez Prodrive en rallye ou pour Red Bull en NASCAR. L&rsquo;Italien pourrait investir aux c\u00f4t\u00e9s de partenaires am\u00e9ricains et sans confirmer pr\u00e9cis\u00e9ment ces rumeurs, Poncharal a \u00e9voqu\u00e9 des discussions en cours.<\/p>\n<p>\u00ab\u00a0Il y a pas mal de gens, de plusieurs endroits, de la Formule 1, d&rsquo;autres [sources] d&rsquo;investissements [qui sont int\u00e9ress\u00e9s]\u00a0\u00bb, a d\u00e9clar\u00e9 Poncharal <a href=\"https:\/\/www.crash.net\/motogp\/news\/1072579\/1\/tech3-motogp-team-confirms-ex-f1-boss-guenther-steiner-investment-talks\" target=\"_blank\" rel=\"noopener\">\u00e0 Crash.net<\/a>. \u00ab\u00a0Mais il y a un nom qui revient tout le temps et c&rsquo;est celui de G\u00fcnther Steiner. Donc oui, nous discutons avec Steiner, qui est tr\u00e8s sympa. Quelqu&rsquo;un de tr\u00e8s direct et j&rsquo;aime aussi beaucoup \u00e7a. Il a beaucoup d&rsquo;exp\u00e9rience dans les sports m\u00e9caniques.\u00a0\u00bb<\/p>\n<p>Faut-il en d\u00e9duire que Tech3 est \u00e0 vendre\u00a0?\u00a0Poncharal \u00e0 minima confirme la volont\u00e9 d&rsquo;explorer diff\u00e9rentes options pour l&rsquo;avenir de son \u00e9quipe, sachant qu&rsquo;en ayant d\u00e9j\u00e0 une place sur la grille et toutes les infrastructures n\u00e9cessaires, un investissement est \u00ab\u00a0plus int\u00e9ressant que partir de z\u00e9ro\u00a0\u00bb pour les parties int\u00e9ress\u00e9es.<\/p>\n<p>\u00ab\u00a0Mais pour le moment c&rsquo;est juste une discussion et des gens qui me disent quelle est leur vision, ce qu&rsquo;ils aimeraient faire. Ce pourrait \u00eatre en tant qu&rsquo;investissement, que partenaire avec une minorit\u00e9 des parts&#8230; Ou bien avoir une mission pour aider \u00e0 trouver des sponsors.\u00a0\u00bb<\/p>\n<p>   <img decoding=\"async\" draggable=\"false\" src=\"https:\/\/www.europesays.com\/fr\/wp-content\/uploads\/2025\/06\/maverick-vinales-red-bull-ktm-.jpg\" alt=\"Tech3 a pour pilotes Maverick Vinales et Enea Bastianini cette saison.\" width=\"1200\" height=\"800\" loading=\"lazy\"\/> <\/p>\n<p class=\"title\">Tech3 a pour pilotes Maverick Vi\u00f1ales et Enea Bastianini cette saison.<\/p>\n<p class=\"photographer\">Photo de : KTM Images<\/p>\n<p>\u00ab\u00a0J&rsquo;ai aussi quelques propositions pour racheter Tech3, pour diriger l&rsquo;\u00e9quipe avec moi et les aider \u00e0 faire la transition. J&rsquo;ai beaucoup d&rsquo;options propos\u00e9es pour le moment et je pense qu&rsquo;il est tr\u00e8s important de les \u00e9tudier \u00e0 la maison, de garder notre calme, de v\u00e9rifier avec mes conseillers, mon \u00e9quipe aussi parce que Tech3 a \u00e9t\u00e9 cr\u00e9\u00e9e en 1989 et que des personnes nous ont aid\u00e9s \u00e0 \u00eatre o\u00f9 nous en sommes aujourd&rsquo;hui.\u00a0\u00bb<\/p>\n<p>Un avenir qui d\u00e9pend de KTM<\/p>\n<p>L&rsquo;avenir de Tech3 d\u00e9pendra aussi des d\u00e9cisions de KTM. La marque autrichienne a r\u00e9cemment <a href=\"https:\/\/fr.motorsport.com\/motogp\/news\/ktm-obtient-fonds-survie-bajaj\/10725133\/\" target=\"_blank\" rel=\"noopener\">obtenu des fonds de la part de Bajaj Auto<\/a>, l&rsquo;un de ses actionnaires, ce qui l&rsquo;aide \u00e0 remonter la pense apr\u00e8s ses grosses difficult\u00e9s financi\u00e8res. N\u00e9anmoins, son implication en MotoGP reste incertaine apr\u00e8s 2026, et la fourniture d&rsquo;une \u00e9quipe satellite encore plus.<\/p>\n<p>Poncharal doit \u00ab\u00a0rester dans la zone verte\u00a0\u00bb financi\u00e8rement et attend d&rsquo;en savoir plus\u00a0:\u00a0\u00ab\u00a0Je dois attendre pour savoir ce que KTM va d\u00e9cider concernant la fa\u00e7on dont l&rsquo;entreprise sera g\u00e9r\u00e9e. Nous savons que l&rsquo;entreprise est maintenant sauv\u00e9e, gr\u00e2ce \u00e0 l&rsquo;investissement de Bajaj et aux fonds inject\u00e9s par le partenaire indien. Mais nous ne connaissons pas leur strat\u00e9gie. Voudront-ils continuer la comp\u00e9tition\u00a0?\u00a0Oui, mais \u00e0 quelle \u00e9chelle\u00a0?\u00a0\u00bb<\/p>\n<p>Pour le moment, Poncharal appelle surtout \u00e0 ne pas croire toutes les rumeurs\u00a0:\u00a0\u00ab\u00a0Il y a eu beaucoup de gens qui parlaient de choses que j&rsquo;aurais dites entre les camions, des choses qui n&rsquo;\u00e9taient pas vraies, [qui ont dit] que j&rsquo;avais d\u00e9j\u00e0 vendu notre \u00e9quipe. J&rsquo;ai aussi entendu que nous serions une \u00e9quipe Honda, puis le lendemain sur Instagram j&rsquo;ai lu [un accord avec]\u00a0Steiner et Ducati\u00a0!\u00a0\u00bb<\/p>\n<p>Lire aussi :<\/p>\n<p>Dans cet article<\/p>\n<p>    Vincent Lalanne-Sicaud\n<\/p>\n<p>    MotoGP\n<\/p>\n<p>    Tech 3\n<\/p>\n<p>Soyez le premier inform\u00e9 et souscrivez aux alertes mails pour recevoir les infos en temps r\u00e9el<\/p>\n<p>    S&rsquo;abonner aux alertes de news<\/p>\n","protected":false},"excerpt":{"rendered":"Herv\u00e9 Poncharal se pr\u00e9pare-t-il \u00e0 passer la main\u00a0? Fin 2022, l&#8217;embl\u00e9matique patron de l&rsquo;\u00e9quipe Tech3 a c\u00e9d\u00e9 le&hellip;\n","protected":false},"author":2,"featured_media":155165,"comment_status":"","ping_status":"","sticky":false,"template":"","format":"standard","meta":{"footnotes":""},"categories":[1413],"tags":[1011,27,28524,24505,1457,1456,1458,60,3374],"class_list":{"0":"post-155164","1":"post","2":"type-post","3":"status-publish","4":"format-standard","5":"has-post-thumbnail","7":"category-moto","8":"tag-fr","9":"tag-france","10":"tag-gunther-steiner","11":"tag-hervu00e9-poncharal","12":"tag-moto","13":"tag-motocycle","14":"tag-motogp","15":"tag-sports","16":"tag-tech-3"},"share_on_mastodon":{"url":"https:\/\/pubeurope.com\/@fr\/114633423193857422","error":""},"_links":{"self":[{"href":"https:\/\/www.europesays.com\/fr\/wp-json\/wp\/v2\/posts\/155164","targetHints":{"allow":["GET"]}}],"collection":[{"href":"https:\/\/www.europesays.com\/fr\/wp-json\/wp\/v2\/posts"}],"about":[{"href":"https:\/\/www.europesays.com\/fr\/wp-json\/wp\/v2\/types\/post"}],"author":[{"embeddable":true,"href":"https:\/\/www.europesays.com\/fr\/wp-json\/wp\/v2\/users\/2"}],"replies":[{"embeddable":true,"href":"https:\/\/www.europesays.com\/fr\/wp-json\/wp\/v2\/comments?post=155164"}],"version-history":[{"count":0,"href":"https:\/\/www.europesays.com\/fr\/wp-json\/wp\/v2\/posts\/155164\/revisions"}],"wp:featuredmedia":[{"embeddable":true,"href":"https:\/\/www.europesays.com\/fr\/wp-json\/wp\/v2\/media\/155165"}],"wp:attachment":[{"href":"https:\/\/www.europesays.com\/fr\/wp-json\/wp\/v2\/media?parent=155164"}],"wp:term":[{"taxonomy":"category","embeddable":true,"href":"https:\/\/www.europesays.com\/fr\/wp-json\/wp\/v2\/categories?post=155164"},{"taxonomy":"post_tag","embeddable":true,"href":"https:\/\/www.europesays.com\/fr\/wp-json\/wp\/v2\/tags?post=155164"}],"curies":[{"name":"wp","href":"https:\/\/api.w.org\/{rel}","templated":true}]}}