{"id":155184,"date":"2025-06-05T23:56:10","date_gmt":"2025-06-05T23:56:10","guid":{"rendered":"https:\/\/www.europesays.com\/fr\/155184\/"},"modified":"2025-06-05T23:56:10","modified_gmt":"2025-06-05T23:56:10","slug":"cherki-ol-remplacant-pour-espagne","status":"publish","type":"post","link":"https:\/\/www.europesays.com\/fr\/155184\/","title":{"rendered":"Cherki (OL) rempla\u00e7ant pour Espagne"},"content":{"rendered":"<p>                            <img width=\"770\" height=\"433\" src=\"https:\/\/www.europesays.com\/fr\/wp-content\/uploads\/2025\/06\/AFP__20240730__KMSP_001458_0030__v1__HighRes__OlympicGamesParis2024FootballFraVNzl20-770x433.jpg\" class=\"attachment-article size-article wp-post-image\" alt=\"Rayan Cherki et Johann Lepenant lors de France - Nouvelle-Z\u00e9lande\" decoding=\"async\" fetchpriority=\"high\"  \/><\/p>\n<p>Rayan Cherki et Johann Lepenant lors de France \u2013 Nouvelle-Z\u00e9lande (Photo by LIOT Jean-Marie \/ KMSP \/ KMSP via AFP)<\/p>\n<p>Convoqu\u00e9 pour la premi\u00e8re fois en \u00e9quipe de France, Rayan Cherki devra patienter pour faire ses d\u00e9buts en Bleus. Le joueur offensif de l\u2019OL d\u00e9bute sur le banc pour la demi-finale de Ligue des Nations, Espagne &#8211; France.<\/p>\n<p>Malgr\u00e9 une victoire en Ligue des champions, peu d\u2019heures de sommeil et des festivit\u00e9s qui ont dur\u00e9, Didier Deschamps a choisi de s\u2019appuyer sur les joueurs du PSG pour la demi-finale de Ligue des Nations, Espagne &#8211; France. Ce jeudi soir, les Bleus \u00e9volueront avec Ousmane <strong>Demb\u00e9l\u00e9<\/strong> et D\u00e9sir\u00e9 <strong>Dou\u00e9<\/strong> en soutien de Kylian <strong>Mbapp\u00e9<\/strong>. Dans le 4-2-3-1 mis en place par le s\u00e9lectionneur fran\u00e7ais, le r\u00f4le de meneur revient \u00e0 Michael <strong>Olise<\/strong>. Pas de Rayan Cherki donc pour cette demie \u00e0 Stuttgart et ce n\u2019est pas forc\u00e9ment une surprise.<\/p>\n<p>Premi\u00e8re pour Kalulu<\/p>\n<p>Retenu pour la premi\u00e8re fois en \u00e9quipe de France, le joueur offensif de l\u2019OL doit encore faire ses preuves pour convaincre <strong>Deschamps<\/strong>. C\u2019est donc du banc de touche qu\u2019il va suivre ce choc entre les Bleus et la Roja de Lamine <strong>Yamal<\/strong>. Avec certainement l\u2019espoir de pouvoir entrer en jeu et vivre ses premi\u00e8res minutes avec la s\u00e9lection tricolore. Si Cherki devra patienter pour faire ses d\u00e9buts, l\u2019autre bizut de ce rassemblement de juin, Pierre <strong>Kalulu<\/strong>, d\u00e9butera cette rencontre sur le c\u00f4t\u00e9 droit de la d\u00e9fense. Une belle r\u00e9compense et une <a href=\"https:\/\/www.olympique-et-lyonnais.com\/cherki-kalulu-barcola-gusto-la-fierte-de-lol-academie-en-bleus,364374.html\" rel=\"nofollow noopener\" target=\"_blank\">belle fiert\u00e9<\/a> pour la famille Kalulu mais aussi ses anciens formateurs de l\u2019Acad\u00e9mie. <\/p>\n<p><strong>La compo des Bleus <\/strong>: Maignan &#8211; Kalulu, Konat\u00e9, Lenglet &#8211; Hernandez &#8211; Kon\u00e9, Rabiot &#8211; Dou\u00e9, Olise, Demb\u00e9l\u00e9 &#8211; Mbapp\u00e9 <\/p>\n","protected":false},"excerpt":{"rendered":"Rayan Cherki et Johann Lepenant lors de France \u2013 Nouvelle-Z\u00e9lande (Photo by LIOT Jean-Marie \/ KMSP \/ KMSP&hellip;\n","protected":false},"author":2,"featured_media":155185,"comment_status":"","ping_status":"","sticky":false,"template":"","format":"standard","meta":{"footnotes":""},"categories":[9],"tags":[1011,27,241,978,60],"class_list":{"0":"post-155184","1":"post","2":"type-post","3":"status-publish","4":"format-standard","5":"has-post-thumbnail","7":"category-sports","8":"tag-fr","9":"tag-france","10":"tag-ol","11":"tag-olympique-lyonnais","12":"tag-sports"},"share_on_mastodon":{"url":"https:\/\/pubeurope.com\/@fr\/114633466520497340","error":""},"_links":{"self":[{"href":"https:\/\/www.europesays.com\/fr\/wp-json\/wp\/v2\/posts\/155184","targetHints":{"allow":["GET"]}}],"collection":[{"href":"https:\/\/www.europesays.com\/fr\/wp-json\/wp\/v2\/posts"}],"about":[{"href":"https:\/\/www.europesays.com\/fr\/wp-json\/wp\/v2\/types\/post"}],"author":[{"embeddable":true,"href":"https:\/\/www.europesays.com\/fr\/wp-json\/wp\/v2\/users\/2"}],"replies":[{"embeddable":true,"href":"https:\/\/www.europesays.com\/fr\/wp-json\/wp\/v2\/comments?post=155184"}],"version-history":[{"count":0,"href":"https:\/\/www.europesays.com\/fr\/wp-json\/wp\/v2\/posts\/155184\/revisions"}],"wp:featuredmedia":[{"embeddable":true,"href":"https:\/\/www.europesays.com\/fr\/wp-json\/wp\/v2\/media\/155185"}],"wp:attachment":[{"href":"https:\/\/www.europesays.com\/fr\/wp-json\/wp\/v2\/media?parent=155184"}],"wp:term":[{"taxonomy":"category","embeddable":true,"href":"https:\/\/www.europesays.com\/fr\/wp-json\/wp\/v2\/categories?post=155184"},{"taxonomy":"post_tag","embeddable":true,"href":"https:\/\/www.europesays.com\/fr\/wp-json\/wp\/v2\/tags?post=155184"}],"curies":[{"name":"wp","href":"https:\/\/api.w.org\/{rel}","templated":true}]}}