{"id":155188,"date":"2025-06-05T23:58:09","date_gmt":"2025-06-05T23:58:09","guid":{"rendered":"https:\/\/www.europesays.com\/fr\/155188\/"},"modified":"2025-06-05T23:58:09","modified_gmt":"2025-06-05T23:58:09","slug":"il-veut-revolutionner-le-cinema-avec-un-film-tourne-a-25-km-daltitude","status":"publish","type":"post","link":"https:\/\/www.europesays.com\/fr\/155188\/","title":{"rendered":"il veut r\u00e9volutionner le cin\u00e9ma avec un film tourn\u00e9 \u00e0 25 km d&rsquo;altitude !"},"content":{"rendered":"<p><strong>Un entrepreneur fran\u00e7ais \u00e0 la t\u00eate d\u2019un studio de cin\u00e9ma<br \/>\ncollabore depuis peu avec une start-up pionni\u00e8re du voyage<br \/>\nstratosph\u00e9rique en France. De cette association devrait naitre<br \/>\nAbove The End, un film dont une partie sera tourn\u00e9e \u00e0 25<br \/>\nkm d\u2019altitude \u00e0 bord d\u2019une capsule pressuris\u00e9e.<\/strong><\/p>\n<p>Dans la capsule la plus spacieuse du march\u00e9<\/p>\n<p>En 2019, l\u2019entrepreneur fran\u00e7ais Ga\u00ebl Bonnel Sanchez \u00e9tait d\u00e9j\u00e0<br \/>\n\u00e0 l\u2019origine d\u2019une initiative en lien avec l\u2019espace. L\u2019int\u00e9ress\u00e9<br \/>\nlan\u00e7ait Interstellar Humanity, un <strong>projet de colonisation<br \/>\ninterstellaire incluant des capsules d\u2019ADN<\/strong>. L\u2019objectif ?<br \/>\nPermettre \u00e0 l\u2019humanit\u00e9 d\u2019implanter la vie sur d\u2019autres plan\u00e8tes et<br \/>\ndans d\u2019autres univers.\u00a0Comme le r\u00e9v\u00e8le le magazine <a href=\"https:\/\/deadline.com\/2025\/05\/hollywood-influence-studios-stratosphere-above-the-end-1236400684\/\" target=\"_blank\" rel=\"noopener nofollow\">Deadline<\/a> dans un article du 16<br \/>\nmai 2025, l\u2019homme fait son retour dans le cadre d\u2019un autre projet<br \/>\nspatial : Above The End. Il est ici question d\u2019un<br \/>\nlong-m\u00e9trage dont le tournage se fera partiellement dans la<br \/>\nstratosph\u00e8re, au sein d\u2019une <strong>capsule pressuris\u00e9e transport\u00e9e<br \/>\npar ballon.<\/strong><\/p>\n<p>Le projet est men\u00e9 par Hollywood Influence Studios, un studio de<br \/>\ncin\u00e9ma int\u00e9grant des technologies de pointe dans ses productions.<br \/>\nSurtout, le principal partenaire n\u2019est autre que <a href=\"https:\/\/sciencepost.fr\/zephalto-vols-dans-la-stratosphere\/\" target=\"_blank\" rel=\"noopener nofollow\">Zephalto, start-up pionni\u00e8re du<br \/>\nvoyage stratosph\u00e9rique en France<\/a>, dont les <strong>recherches<br \/>\nsur le voyage stratosph\u00e9rique<\/strong> ont d\u00e9j\u00e0 re\u00e7u le soutien<br \/>\nd\u2019Airbus et de l\u2019Agence Spatiale Europ\u00e9enne (ESA). La soci\u00e9t\u00e9 se<br \/>\ntargue de proposer les services de la <strong>capsule la plus<br \/>\nspacieuse du march\u00e9<\/strong> (20m\u00b2), pouvant accueillir une poign\u00e9e<br \/>\nde passagers et deux pilotes.<\/p>\n<p><img loading=\"lazy\" data-lazyloaded=\"1\" decoding=\"async\" class=\"size-full wp-image-178219\" src=\"https:\/\/www.europesays.com\/fr\/wp-content\/uploads\/2025\/06\/ballon-stratosphere-e1600262681326.jpg\" alt=\"ballon stratosph\u00e8re\" width=\"1926\" height=\"1267\"  data-\/><br \/>\nCr\u00e9dits : ZephaltoLe premier film en partie tourn\u00e9 dans l\u2019espace<\/p>\n<p>Above The End <strong>racontera l\u2019histoire de six<br \/>\npassagers<\/strong>, \u00e0 savoir un ancien astronaute, un scientifique,<br \/>\nun journaliste, une influenceuse et un couple de jeunes mari\u00e9s.<br \/>\nCependant, si responsables du film ont d\u00e9j\u00e0 pens\u00e9 aux types de<br \/>\npassagers n\u00e9cessaires au sc\u00e9nario, personne ne sait pour l\u2019instant<br \/>\nqui composera r\u00e9ellement l\u2019\u00e9quipage.<\/p>\n<p>Le groupe embarquera \u00e0 bord d\u2019un ballon stratosph\u00e9rique pour un<br \/>\nseul voyage incroyable. Il faut dire qu\u2019une fois \u00e0 25 km<br \/>\nd\u2019altitude, l\u2019\u00e9quipage assistera \u00e0 un spectacle aussi terrible que<br \/>\nspectaculaire : le <strong>d\u00e9but d\u2019une guerre nucl\u00e9aire<br \/>\ntotale<\/strong> \u00e0 la surface de la Terre. Entre l\u2019impossibilit\u00e9 de<br \/>\ncommuniquer \u00e0 nouveau avec le sol et l\u2019immense probabilit\u00e9 qu\u2019un<br \/>\nretour sur la terre ferme soit impossible, les passagers<br \/>\ntrouveront-ils une autre issue ?<\/p>\n<p>Dans les faits, il s\u2019agira \u2013 malgr\u00e9 un budget total assez<br \/>\nmodeste \u2013 du <strong>premier long-m\u00e9trage en partie tourn\u00e9 dans<br \/>\nl\u2019espace<\/strong>. \u00c9videmment, rien ne pourra se faire sans<br \/>\nZephalto et sa technologie tr\u00e8s prometteuse. La start-up avait d\u00e9j\u00e0<br \/>\nfait parler d\u2019elle gr\u00e2ce \u00e0 sa collaboration avec le Centre national<br \/>\nd\u2019\u00e9tudes spatiales (CNES). Enfin, la pr\u00e9production de Above The<br \/>\nEnd devrait bient\u00f4t commencer, avant un tournage pr\u00e9vu au plus<br \/>\nt\u00f4t \u00e0 la fin de l\u2019ann\u00e9e 2025.<\/p>\n","protected":false},"excerpt":{"rendered":"Un entrepreneur fran\u00e7ais \u00e0 la t\u00eate d\u2019un studio de cin\u00e9ma collabore depuis peu avec une start-up pionni\u00e8re du&hellip;\n","protected":false},"author":2,"featured_media":155189,"comment_status":"","ping_status":"","sticky":false,"template":"","format":"standard","meta":{"footnotes":""},"categories":[7],"tags":[1011,27,43,40,41,39,42,44],"class_list":{"0":"post-155188","1":"post","2":"type-post","3":"status-publish","4":"format-standard","5":"has-post-thumbnail","7":"category-sciences-et-technologies","8":"tag-fr","9":"tag-france","10":"tag-science","11":"tag-science-and-technology","12":"tag-sciences","13":"tag-sciences-et-technologies","14":"tag-technologies","15":"tag-technology"},"share_on_mastodon":{"url":"https:\/\/pubeurope.com\/@fr\/114633474434798926","error":""},"_links":{"self":[{"href":"https:\/\/www.europesays.com\/fr\/wp-json\/wp\/v2\/posts\/155188","targetHints":{"allow":["GET"]}}],"collection":[{"href":"https:\/\/www.europesays.com\/fr\/wp-json\/wp\/v2\/posts"}],"about":[{"href":"https:\/\/www.europesays.com\/fr\/wp-json\/wp\/v2\/types\/post"}],"author":[{"embeddable":true,"href":"https:\/\/www.europesays.com\/fr\/wp-json\/wp\/v2\/users\/2"}],"replies":[{"embeddable":true,"href":"https:\/\/www.europesays.com\/fr\/wp-json\/wp\/v2\/comments?post=155188"}],"version-history":[{"count":0,"href":"https:\/\/www.europesays.com\/fr\/wp-json\/wp\/v2\/posts\/155188\/revisions"}],"wp:featuredmedia":[{"embeddable":true,"href":"https:\/\/www.europesays.com\/fr\/wp-json\/wp\/v2\/media\/155189"}],"wp:attachment":[{"href":"https:\/\/www.europesays.com\/fr\/wp-json\/wp\/v2\/media?parent=155188"}],"wp:term":[{"taxonomy":"category","embeddable":true,"href":"https:\/\/www.europesays.com\/fr\/wp-json\/wp\/v2\/categories?post=155188"},{"taxonomy":"post_tag","embeddable":true,"href":"https:\/\/www.europesays.com\/fr\/wp-json\/wp\/v2\/tags?post=155188"}],"curies":[{"name":"wp","href":"https:\/\/api.w.org\/{rel}","templated":true}]}}