{"id":155190,"date":"2025-06-05T23:59:11","date_gmt":"2025-06-05T23:59:11","guid":{"rendered":"https:\/\/www.europesays.com\/fr\/155190\/"},"modified":"2025-06-05T23:59:11","modified_gmt":"2025-06-05T23:59:11","slug":"trump-et-musk-se-dechirent-en-public-05-06-2025-a-2253","status":"publish","type":"post","link":"https:\/\/www.europesays.com\/fr\/155190\/","title":{"rendered":"Trump et Musk se d\u00e9chirent en public &#8211; 05\/06\/2025 \u00e0 22:53"},"content":{"rendered":"<p>        <img fetchpriority=\"high\" decoding=\"async\" src=\"https:\/\/www.europesays.com\/fr\/wp-content\/uploads\/2025\/06\/8c9e5f1683a55f9b82ff80a080ae62bf-760x570.jpg\" alt=\"L'homme d'affaires Elon Musk (G) et le pr\u00e9sident am\u00e9ricain Donald Trump (D) \u00e0 la Maison Blanche, \u00e0 Washington, aux Etats-Unis, le 30 mai 2025 ( AFP \/ Allison ROBBERT )\" loading=\"eager\" width=\"760\" height=\"570\" style=\"max-width: 100%!important; height: auto;\"\/><\/p>\n<p class=\"c-image-news__legend\">L&rsquo;homme d&rsquo;affaires Elon Musk (G) et le pr\u00e9sident am\u00e9ricain Donald Trump (D) \u00e0 la Maison Blanche, \u00e0 Washington, aux Etats-Unis, le 30 mai 2025 ( AFP \/ Allison ROBBERT )<\/p>\n<p>\n Leur alliance \u00e9tait spectaculaire et intense, leur rupture l&rsquo;est tout autant: Donald Trump et Elon Musk se sont d\u00e9chir\u00e9s publiquement jeudi, s&rsquo;accusant de \u00ab\u00a0folie\u00a0\u00bb pour l&rsquo;un, \u00ab\u00a0d&rsquo;ingratitude\u00a0\u00bb pour l&rsquo;autre.\n<\/p>\n<p>\n Le pr\u00e9sident am\u00e9ricain a assur\u00e9 sur son r\u00e9seau Truth Social qu&rsquo;il avait mis fin \u00e0 la mission budg\u00e9taire d&rsquo;Elon Musk, selon lui \u00ab\u00a0devenu fou\u00a0\u00bb \u00e0 cause d&rsquo;une d\u00e9cision d\u00e9favorable aux v\u00e9hicules \u00e9lectriques.\n<\/p>\n<p>\n \u00ab\u00a0Le plus simple pour \u00e9conomiser des milliards et des milliards de dollars dans notre budget serait d&rsquo;annuler les subventions et contrats gouvernementaux\u00a0\u00bb du patron de<br \/>\n <a href=\"https:\/\/www.boursorama.com\/cours\/TSLA\/\" rel=\"nofollow noopener\" target=\"_blank\"><br \/>\n  Tesla<br \/>\n <\/a><br \/>\n et SpaceX, a-t-il menac\u00e9 dans un autre message.\n<\/p>\n<p>\n Sur son r\u00e9seau X, Elon Musk a annonc\u00e9 en r\u00e9ponse que SpaceX \u00ab\u00a0commencera imm\u00e9diatement \u00e0 mettre hors service son vaisseau spatial Dragon\u00a0\u00bb, utilis\u00e9 notamment par la Nasa pour acheminer des astronautes vers la Station spatiale internationale (ISS).\n<\/p>\n<p>\n La joute a envoy\u00e9 par le fond l&rsquo;action Tesla, qui a perdu des dizaines et des dizaines de milliards de capitalisation \u00e0 Wall Street, cl\u00f4turant \u00e0 -14,26%.\n<\/p>\n<p>\n Depuis que l&rsquo;homme le plus riche le plus monde a lanc\u00e9 la semaine derni\u00e8re un tir de barrage contre un m\u00e9gaprojet de loi budg\u00e9taire de Donald Trump, ce n&rsquo;\u00e9tait sans doute qu&rsquo;une question de temps avant que le divorce ne soit v\u00e9ritablement consomm\u00e9.\n<\/p>\n<p>\n C&rsquo;est pendant une r\u00e9union dans le Bureau ovale avec le chancelier allemand Friedrich Merz, r\u00e9duit au r\u00f4le de figurant muet, que le pr\u00e9sident a act\u00e9 jeudi la rupture.\n<\/p>\n<p>\n Pendant un \u00e9change avec les journalistes, retransmis en direct, Donald Trump s&rsquo;est dit \u00ab\u00a0tr\u00e8s d\u00e9\u00e7u\u00a0\u00bb. \u00ab\u00a0Elon et moi avions une bonne relation. Je ne sais pas si c&rsquo;est encore le cas\u00a0\u00bb, a-t-il lanc\u00e9 \u00e0 propos de son ancien \u00ab\u00a0conseiller sp\u00e9cial\u00a0\u00bb, qui a quitt\u00e9 vendredi 30 mai la mission de r\u00e9duction des d\u00e9penses publiques qu&rsquo;il menait \u00e0 la Maison Blanche.\n<\/p>\n<p> &#8211; \u00ab\u00a0N&rsquo;importe quoi\u00a0\u00bb &#8211;<\/p>\n<p>\n \u00ab\u00a0N&rsquo;importe quoi\u00a0\u00bb, a \u00e9crit Elon Musk en commentaire d&rsquo;une vid\u00e9o de Donald Trump affirmant, d\u00e9j\u00e0, que sa col\u00e8re \u00e9tait due \u00e0 la perte de subventions pour les v\u00e9hicules \u00e9lectriques.\n<\/p>\n<p>\n \u00ab\u00a0Faux\u00a0\u00bb, poste-t-il ensuite au-dessus d&rsquo;un extrait dans lequel le pr\u00e9sident am\u00e9ricain assure que l&rsquo;entrepreneur connaissait par avance le contenu du texte. Une \u00ab\u00a0grande et belle loi\u00a0\u00bb selon Donald Trump, une \u00ab\u00a0abomination\u00a0\u00bb pour les finances publiques selon Elon Musk.\n<\/p>\n<p>\n Le multimilliardaire, qui a tr\u00e8s g\u00e9n\u00e9reusement financ\u00e9 la campagne du r\u00e9publicain en 2024, assure que ce dernier \u00ab\u00a0Trump aurait perdu l&rsquo;\u00e9lection\u00a0\u00bb sans lui et l&rsquo;accuse d'\u00a0\u00bbingratitude\u00a0\u00bb.\n<\/p>\n<p>\n Il n&rsquo;a pas h\u00e9sit\u00e9 \u00e0 frapper sous la ceinture, affirmant, sans apporter de preuve, que le nom du pr\u00e9sident se trouvait dans le dossier Jeffrey Epstein, ce financier am\u00e9ricain au coeur d&rsquo;un vaste scandale de crimes et d&rsquo;exploitation sexuels qui s&rsquo;est suicid\u00e9 en prison avant d&rsquo;\u00eatre jug\u00e9.\n<\/p>\n<p>\n Dans le Bureau ovale, Donald Trump a d\u00e9peint son ancien alli\u00e9 en amoureux \u00e9conduit: \u00ab\u00a0Il disait les choses les plus belles \u00e0 mon propos\u00a0\u00bb.\n<\/p>\n<p>\n \u00ab\u00a0Les gens quittent notre gouvernement, ils nous aiment, et \u00e0 un certain moment cela leur manque tellement&#8230; Et certains d&rsquo;entre eux deviennent hostiles\u00a0\u00bb, a poursuivi le r\u00e9publicain.\n<\/p>\n<p> &#8211; \u00ab\u00a0Nouveau parti politique\u00a0\u00bb &#8211;<\/p>\n<p>\n D\u00e8s l&rsquo;entr\u00e9e tonitruante d&rsquo;Elon Musk dans la campagne de Donald Trump l&rsquo;an dernier, les doutes ont surgi sur la long\u00e9vit\u00e9 de la relation entre ces deux hommes impulsifs et affam\u00e9s d&rsquo;attention.\n<\/p>\n<p>\n L&rsquo;idylle a d&rsquo;abord sembl\u00e9 parfaite. Donald Trump avait d\u00e9fendu son alli\u00e9 face aux critiques et a m\u00eame organis\u00e9 une op\u00e9ration de promotion pour la marque Tesla \u00e0 la Maison Blanche.\n<\/p>\n<p>\n Elon Musk avait lui qualifi\u00e9 le pr\u00e9sident de \u00ab\u00a0roi\u00a0\u00bb le jour de son investiture, et port\u00e9 une casquette sigl\u00e9e \u00ab\u00a0Trump avait raison sur tout\u00a0\u00bb au conseil des ministres.\n<\/p>\n<p>\n Mais les tensions ont grandi entre le multimilliardaire tr\u00e8s impopulaire et les ministres ou conseillers du pr\u00e9sident.\n<\/p>\n<p>\n Pour certains experts, ce qui pourrait avoir scell\u00e9 le sort d&rsquo;Elon Musk ne s&rsquo;est pourtant pas pass\u00e9 \u00e0 Washington, mais dans le Wisconsin, o\u00f9 il a fortement soutenu un juge conservateur dans une \u00e9lection r\u00e9cente \u00e0 la Cour supr\u00eame locale. Mais c&rsquo;est la candidate des d\u00e9mocrates qui l&rsquo;a emport\u00e9, largement.\n<\/p>\n<p>\n Donald Trump, qui d\u00e9teste \u00eatre associ\u00e9 \u00e0 la d\u00e9faite, a forc\u00e9ment suivi avec attention cette premi\u00e8re aventure politique en solo d&rsquo;Elon Musk.\n<\/p>\n<p>\n Lequel n&rsquo;a visiblement pas \u00e9t\u00e9 d\u00e9go\u00fbt\u00e9. Le natif d&rsquo;Afrique du Sud, qui ne peut devenir pr\u00e9sident puisqu&rsquo;il a \u00e9t\u00e9 naturalis\u00e9, a demand\u00e9 jeudi s&rsquo;il n&rsquo;\u00e9tait pas \u00ab\u00a0temps de cr\u00e9er un nouveau parti politique\u00a0\u00bb aux Etats-Unis.<\/p>\n","protected":false},"excerpt":{"rendered":"L&rsquo;homme d&rsquo;affaires Elon Musk (G) et le pr\u00e9sident am\u00e9ricain Donald Trump (D) \u00e0 la Maison Blanche, \u00e0 Washington,&hellip;\n","protected":false},"author":2,"featured_media":155191,"comment_status":"","ping_status":"","sticky":false,"template":"","format":"standard","meta":{"footnotes":""},"categories":[6],"tags":[400,398,408,35,405,33,34,1011,27,403,402,399,404,401,406,407],"class_list":{"0":"post-155190","1":"post","2":"type-post","3":"status-publish","4":"format-standard","5":"has-post-thumbnail","7":"category-economie","8":"tag-action-cac-40","9":"tag-bourse-de-paris","10":"tag-boursorama","11":"tag-business","12":"tag-cotations","13":"tag-economie","14":"tag-economy","15":"tag-fr","16":"tag-france","17":"tag-indices-devises","18":"tag-investir","19":"tag-investissement","20":"tag-marche-boursier","21":"tag-sicav","22":"tag-trackers","23":"tag-warrants"},"share_on_mastodon":{"url":"https:\/\/pubeurope.com\/@fr\/114633478330935507","error":""},"_links":{"self":[{"href":"https:\/\/www.europesays.com\/fr\/wp-json\/wp\/v2\/posts\/155190","targetHints":{"allow":["GET"]}}],"collection":[{"href":"https:\/\/www.europesays.com\/fr\/wp-json\/wp\/v2\/posts"}],"about":[{"href":"https:\/\/www.europesays.com\/fr\/wp-json\/wp\/v2\/types\/post"}],"author":[{"embeddable":true,"href":"https:\/\/www.europesays.com\/fr\/wp-json\/wp\/v2\/users\/2"}],"replies":[{"embeddable":true,"href":"https:\/\/www.europesays.com\/fr\/wp-json\/wp\/v2\/comments?post=155190"}],"version-history":[{"count":0,"href":"https:\/\/www.europesays.com\/fr\/wp-json\/wp\/v2\/posts\/155190\/revisions"}],"wp:featuredmedia":[{"embeddable":true,"href":"https:\/\/www.europesays.com\/fr\/wp-json\/wp\/v2\/media\/155191"}],"wp:attachment":[{"href":"https:\/\/www.europesays.com\/fr\/wp-json\/wp\/v2\/media?parent=155190"}],"wp:term":[{"taxonomy":"category","embeddable":true,"href":"https:\/\/www.europesays.com\/fr\/wp-json\/wp\/v2\/categories?post=155190"},{"taxonomy":"post_tag","embeddable":true,"href":"https:\/\/www.europesays.com\/fr\/wp-json\/wp\/v2\/tags?post=155190"}],"curies":[{"name":"wp","href":"https:\/\/api.w.org\/{rel}","templated":true}]}}