{"id":155198,"date":"2025-06-06T00:03:20","date_gmt":"2025-06-06T00:03:20","guid":{"rendered":"https:\/\/www.europesays.com\/fr\/155198\/"},"modified":"2025-06-06T00:03:20","modified_gmt":"2025-06-06T00:03:20","slug":"loire-concours-scolaire-de-la-resistance-et-de-la-deportation-les-laureats-ligeriens-recompenses","status":"publish","type":"post","link":"https:\/\/www.europesays.com\/fr\/155198\/","title":{"rendered":"Loire. Concours scolaire de la R\u00e9sistance et de la d\u00e9portation\u00a0: les laur\u00e9ats lig\u00e9riens r\u00e9compens\u00e9s"},"content":{"rendered":"<p>\u00ab\u00a0Perp\u00e9tuer le devoir de m\u00e9moire\u00a0\u00bb\u00a0: les mots du pr\u00e9fet de la Loire, Alexandre Rochatte, lors de son discours d\u2019ouverture de c\u00e9r\u00e9monie, r\u00e9sonnent avec la pr\u00e9sence de M\u00e9lanie Volle, 104 ans, ancienne r\u00e9sistante lors de la Seconde Guerre mondiale. Ils rappellent l\u2019importance de se souvenir des \u00e9v\u00e9nements pass\u00e9s.<\/p>\n<p>C\u2019est donc dans cet esprit de transmission aux nouvelles g\u00e9n\u00e9rations que le concours a donn\u00e9 l\u2019occasion aux lyc\u00e9ens et \u00e9l\u00e8ves en classe 3e de la Loire de travailler toute l\u2019ann\u00e9e sur le th\u00e8me \u00ab\u00a0lib\u00e9rer et refonder la France entre\u00a01943 et\u00a01945\u00a0\u00bb.<\/p>\n<p>  Quatre cat\u00e9gories de prix<\/p>\n<p>Les laur\u00e9ats lig\u00e9riens se sont vus remettre les prix d\u00e9partementaux du <a href=\"https:\/\/www.leprogres.fr\/education\/2025\/05\/22\/un-eleve-de-3-e-quadruplement-prime-au-concours-national-de-la-resistance-et-de-la-deportation\" target=\"_blank\" rel=\"noopener\">concours national de la R\u00e9sistance et de la d\u00e9portation<\/a> dans quatre cat\u00e9gories diff\u00e9rentes, partag\u00e9es entre prix individuels et collectifs. Pour les laur\u00e9ats lyc\u00e9ens, Gabin Grenier, \u00e9l\u00e8ve du lyc\u00e9e Claude-Fauriel \u00e0 Saint-Etienne, remporte le premier prix individuel, tandis que deux groupes d\u2019\u00e9l\u00e8ves du lyc\u00e9e Beauregard \u00e0 Montbrison, ex-aequo, se partagent le premier prix collectif.<\/p>\n<p>En ce qui concerne les \u00e9l\u00e8ves lig\u00e9riens en classe de 3e, Cyrielle Riocreux, du coll\u00e8ge Fran\u00e7ois-Truffaut \u00e0 Rive-de-Gier, remporte le premier prix individuel. Pour le prix collectif, c\u2019est un groupe d\u2019\u00e9l\u00e8ves du coll\u00e8ge Waldeck-Rousseau \u00e0 Firminy qui l\u2019emporte.<\/p>\n","protected":false},"excerpt":{"rendered":"\u00ab\u00a0Perp\u00e9tuer le devoir de m\u00e9moire\u00a0\u00bb\u00a0: les mots du pr\u00e9fet de la Loire, Alexandre Rochatte, lors de son discours&hellip;\n","protected":false},"author":2,"featured_media":155199,"comment_status":"","ping_status":"","sticky":false,"template":"","format":"standard","meta":{"footnotes":""},"categories":[9653],"tags":[1111,11,2430,3599,7539,1057,1777,674,1011,27,3367,12,25,4001,7538],"class_list":{"0":"post-155198","1":"post","2":"type-post","3":"status-publish","4":"format-standard","5":"has-post-thumbnail","7":"category-saint-etienne","8":"tag-actu","9":"tag-actualites","10":"tag-auvergne-rhone-alpes","11":"tag-college-lycee","12":"tag-edition-loire-sud","13":"tag-education","14":"tag-eu","15":"tag-europe","16":"tag-fr","17":"tag-france","18":"tag-loire","19":"tag-news","20":"tag-republique-francaise","21":"tag-saint-etienne","22":"tag-saint-etienne-ville"},"share_on_mastodon":{"url":"https:\/\/pubeurope.com\/@fr\/114633494151342091","error":""},"_links":{"self":[{"href":"https:\/\/www.europesays.com\/fr\/wp-json\/wp\/v2\/posts\/155198","targetHints":{"allow":["GET"]}}],"collection":[{"href":"https:\/\/www.europesays.com\/fr\/wp-json\/wp\/v2\/posts"}],"about":[{"href":"https:\/\/www.europesays.com\/fr\/wp-json\/wp\/v2\/types\/post"}],"author":[{"embeddable":true,"href":"https:\/\/www.europesays.com\/fr\/wp-json\/wp\/v2\/users\/2"}],"replies":[{"embeddable":true,"href":"https:\/\/www.europesays.com\/fr\/wp-json\/wp\/v2\/comments?post=155198"}],"version-history":[{"count":0,"href":"https:\/\/www.europesays.com\/fr\/wp-json\/wp\/v2\/posts\/155198\/revisions"}],"wp:featuredmedia":[{"embeddable":true,"href":"https:\/\/www.europesays.com\/fr\/wp-json\/wp\/v2\/media\/155199"}],"wp:attachment":[{"href":"https:\/\/www.europesays.com\/fr\/wp-json\/wp\/v2\/media?parent=155198"}],"wp:term":[{"taxonomy":"category","embeddable":true,"href":"https:\/\/www.europesays.com\/fr\/wp-json\/wp\/v2\/categories?post=155198"},{"taxonomy":"post_tag","embeddable":true,"href":"https:\/\/www.europesays.com\/fr\/wp-json\/wp\/v2\/tags?post=155198"}],"curies":[{"name":"wp","href":"https:\/\/api.w.org\/{rel}","templated":true}]}}