{"id":155204,"date":"2025-06-06T00:06:22","date_gmt":"2025-06-06T00:06:22","guid":{"rendered":"https:\/\/www.europesays.com\/fr\/155204\/"},"modified":"2025-06-06T00:06:22","modified_gmt":"2025-06-06T00:06:22","slug":"la-cour-dappel-de-nancy-relaxe-les-trois-militants-antinucleaires-de-la-manifestation-de-bure","status":"publish","type":"post","link":"https:\/\/www.europesays.com\/fr\/155204\/","title":{"rendered":"La Cour d\u2019appel de Nancy relaxe les trois militants antinucl\u00e9aires de la manifestation de Bure"},"content":{"rendered":"<p>Nouvelle victoire <a href=\"https:\/\/www.humanite.fr\/politique\/ecologie\/lecrivain-et-militant-ecologiste-loic-schneider-poursuivi-pour-une-chanson-anti-darmanin\" target=\"_blank\" rel=\"noopener\">contre la r\u00e9pression des militants \u00e9cologistes<\/a>. La Cour d\u2019appel de Nancy (Meurthe-et-Moselle) a annonc\u00e9 ce jeudi relaxer les trois militants condamn\u00e9s pour \u00ab\u00a0attroupement\u00a0\u00bb lors d\u2019une manifestation non d\u00e9clar\u00e9e sur le site de Bure, le 15\u00a0ao\u00fbt 2017.<\/p>\n<p>\u00ab\u00a0Les pi\u00e8ces et les d\u00e9bats ne permettent pas\u00a0\u00bb d\u2019apporter la preuve que les sommations de dispersion des gendarmes ont \u00e9t\u00e9 cumulativement annonc\u00e9es, entendues ou vues par les pr\u00e9venus, et que ces derniers ont pris part \u00e0 \u00ab\u00a0l\u2019attroupement\u00a0\u00bb lors de la mobilisation de 2017, a d\u00e9clar\u00e9 le pr\u00e9sident. La Cour d\u2019appel de Nancy a aussi estim\u00e9 que des vid\u00e9os, mentionn\u00e9es dans le dossier de renvoi des activistes devant le tribunal correctionnel&#8230;<\/p>\n","protected":false},"excerpt":{"rendered":"Nouvelle victoire contre la r\u00e9pression des militants \u00e9cologistes. La Cour d\u2019appel de Nancy (Meurthe-et-Moselle) a annonc\u00e9 ce jeudi&hellip;\n","protected":false},"author":2,"featured_media":155205,"comment_status":"","ping_status":"","sticky":false,"template":"","format":"standard","meta":{"footnotes":""},"categories":[9635],"tags":[1111,11,28554,436,1777,674,1011,27,775,7998,1702,12,25,28555],"class_list":{"0":"post-155204","1":"post","2":"type-post","3":"status-publish","4":"format-standard","5":"has-post-thumbnail","7":"category-nancy","8":"tag-actu","9":"tag-actualites","10":"tag-du00e9chets-nuclu00e9aires","11":"tag-environnement","12":"tag-eu","13":"tag-europe","14":"tag-fr","15":"tag-france","16":"tag-grand-est","17":"tag-lutte","18":"tag-nancy","19":"tag-news","20":"tag-republique-francaise","21":"tag-ru00e9pression"},"share_on_mastodon":{"url":"https:\/\/pubeurope.com\/@fr\/114633505723159428","error":""},"_links":{"self":[{"href":"https:\/\/www.europesays.com\/fr\/wp-json\/wp\/v2\/posts\/155204","targetHints":{"allow":["GET"]}}],"collection":[{"href":"https:\/\/www.europesays.com\/fr\/wp-json\/wp\/v2\/posts"}],"about":[{"href":"https:\/\/www.europesays.com\/fr\/wp-json\/wp\/v2\/types\/post"}],"author":[{"embeddable":true,"href":"https:\/\/www.europesays.com\/fr\/wp-json\/wp\/v2\/users\/2"}],"replies":[{"embeddable":true,"href":"https:\/\/www.europesays.com\/fr\/wp-json\/wp\/v2\/comments?post=155204"}],"version-history":[{"count":0,"href":"https:\/\/www.europesays.com\/fr\/wp-json\/wp\/v2\/posts\/155204\/revisions"}],"wp:featuredmedia":[{"embeddable":true,"href":"https:\/\/www.europesays.com\/fr\/wp-json\/wp\/v2\/media\/155205"}],"wp:attachment":[{"href":"https:\/\/www.europesays.com\/fr\/wp-json\/wp\/v2\/media?parent=155204"}],"wp:term":[{"taxonomy":"category","embeddable":true,"href":"https:\/\/www.europesays.com\/fr\/wp-json\/wp\/v2\/categories?post=155204"},{"taxonomy":"post_tag","embeddable":true,"href":"https:\/\/www.europesays.com\/fr\/wp-json\/wp\/v2\/tags?post=155204"}],"curies":[{"name":"wp","href":"https:\/\/api.w.org\/{rel}","templated":true}]}}