{"id":155211,"date":"2025-06-06T00:14:19","date_gmt":"2025-06-06T00:14:19","guid":{"rendered":"https:\/\/www.europesays.com\/fr\/155211\/"},"modified":"2025-06-06T00:14:19","modified_gmt":"2025-06-06T00:14:19","slug":"grenoble-un-policier-blesse-lors-dune-interpellation-dans-le-quartier-mistral","status":"publish","type":"post","link":"https:\/\/www.europesays.com\/fr\/155211\/","title":{"rendered":"Grenoble. Un policier bless\u00e9 lors d\u2019une interpellation dans le quartier Mistral"},"content":{"rendered":"<p>Une op\u00e9ration de police dans le quartier Mistral \u00e0 Grenoble a tourn\u00e9 au vinaigre, mercredi en fin d\u2019apr\u00e8s-midi.<\/p>\n<p>Un \u00e9quipage de la brigade sp\u00e9cialis\u00e9e de terrain (BST) a en effet vu deux hommes sortir en courant du\u00a0hall de l\u2019immeuble situ\u00e9 au 74 avenue Rhin-et-Danube pour tenter de leur \u00e9chapper.<\/p>\n<p>Ce contenu est bloqu\u00e9 car vous n&rsquo;avez pas accept\u00e9 les cookies et autres traceurs.<\/p>\n<p>En cliquant sur \u00ab J\u2019accepte \u00bb, les cookies et autres traceurs seront d\u00e9pos\u00e9s et vous pourrez visualiser les contenus  (<a href=\"\" class=\"consentModule_policy\" target=\"_blank\" title=\"Consulter la politique de protection des donn\u00e9es du fournisseur\">plus d&rsquo;informations<\/a>).<\/p>\n<p>En cliquant sur \u00ab J\u2019accepte tous les cookies \u00bb, vous autorisez des d\u00e9p\u00f4ts de cookies et autres traceurs pour le stockage de vos donn\u00e9es sur nos sites et applications \u00e0 des fins de personnalisation et de ciblage publicitaire.<\/p>\n<p class=\"consentModule_secondaryText\">Vous gardez la possibilit\u00e9 de retirer votre consentement \u00e0 tout moment en consultant notre <a href=\"https:\/\/www.ledauphine.com\/protection-des-donnees\" target=\"_blank\" title=\"Consulter notre politique de protection des donn\u00e9es\" rel=\"nofollow noopener\">politique de protection des donn\u00e9es<\/a>. <br \/>&#13;<br \/>\n            <a href=\"https:\/\/www.ledauphine.com\/faits-divers-justice\/2025\/06\/05\/javascript:Didomi.notice.show()\" class=\"consentModule_cmp\" rel=\"nofollow noopener\" target=\"_blank\">G\u00e9rer mes choix<\/a>&#13;\n        <\/p>\n<p>&#13;<br \/>\n                        J&rsquo;accepte&#13;<br \/>\n            J&rsquo;accepte tous les cookies&#13;\n        <\/p>\n<p>  Un policier frapp\u00e9 \u00e0 l&rsquo;entrejambe<\/p>\n<p>Tous deux ont \u00e9t\u00e9 rattrap\u00e9s mais l\u2019un d\u2019eux s\u2019est violemment rebell\u00e9, gesticulant dans tous les sens, insultant les policiers et rameutant autour de lui un groupe de jeunes hostiles.<\/p>\n<p>Alors que les fonctionnaires le ramenaient tant bien que mal jusqu\u2019\u00e0 leur v\u00e9hicule pour v\u00e9rifier son identit\u00e9, il a frapp\u00e9 l\u2019un d\u2019eux d\u2019un coup de pied au niveau de l\u2019entrejambe avant de le repousser si brutalement que sa t\u00eate a cogn\u00e9 contre la jante en m\u00e9tal de la voiture de police.<\/p>\n<p>Ma\u00eetris\u00e9, le suspect \u2013 domicili\u00e9 \u00e0 Chamb\u00e9ry et \u00e2g\u00e9 de 26 ans \u2014 a \u00e9t\u00e9 interpell\u00e9 et plac\u00e9 en garde \u00e0 vue pour provocation \u00e0 la r\u00e9bellion et violences sur personne d\u00e9positaire de l\u2019autorit\u00e9 publique.<\/p>\n","protected":false},"excerpt":{"rendered":"Une op\u00e9ration de police dans le quartier Mistral \u00e0 Grenoble a tourn\u00e9 au vinaigre, mercredi en fin d\u2019apr\u00e8s-midi.&hellip;\n","protected":false},"author":2,"featured_media":155212,"comment_status":"","ping_status":"","sticky":false,"template":"","format":"standard","meta":{"footnotes":""},"categories":[9566],"tags":[1111,11,2430,271,272,112,1777,674,274,107,1011,27,2731,2732,108,12,25],"class_list":{"0":"post-155211","1":"post","2":"type-post","3":"status-publish","4":"format-standard","5":"has-post-thumbnail","7":"category-grenoble","8":"tag-actu","9":"tag-actualites","10":"tag-auvergne-rhone-alpes","11":"tag-crime","12":"tag-delit-et-contravention","13":"tag-edition-grenoble-agglomeration","14":"tag-eu","15":"tag-europe","16":"tag-faits-divers-justice","17":"tag-fil-info","18":"tag-fr","19":"tag-france","20":"tag-grenoble","21":"tag-grenoble-bassin","22":"tag-isere","23":"tag-news","24":"tag-republique-francaise"},"share_on_mastodon":{"url":"https:\/\/pubeurope.com\/@fr\/114633537214945832","error":""},"_links":{"self":[{"href":"https:\/\/www.europesays.com\/fr\/wp-json\/wp\/v2\/posts\/155211","targetHints":{"allow":["GET"]}}],"collection":[{"href":"https:\/\/www.europesays.com\/fr\/wp-json\/wp\/v2\/posts"}],"about":[{"href":"https:\/\/www.europesays.com\/fr\/wp-json\/wp\/v2\/types\/post"}],"author":[{"embeddable":true,"href":"https:\/\/www.europesays.com\/fr\/wp-json\/wp\/v2\/users\/2"}],"replies":[{"embeddable":true,"href":"https:\/\/www.europesays.com\/fr\/wp-json\/wp\/v2\/comments?post=155211"}],"version-history":[{"count":0,"href":"https:\/\/www.europesays.com\/fr\/wp-json\/wp\/v2\/posts\/155211\/revisions"}],"wp:featuredmedia":[{"embeddable":true,"href":"https:\/\/www.europesays.com\/fr\/wp-json\/wp\/v2\/media\/155212"}],"wp:attachment":[{"href":"https:\/\/www.europesays.com\/fr\/wp-json\/wp\/v2\/media?parent=155211"}],"wp:term":[{"taxonomy":"category","embeddable":true,"href":"https:\/\/www.europesays.com\/fr\/wp-json\/wp\/v2\/categories?post=155211"},{"taxonomy":"post_tag","embeddable":true,"href":"https:\/\/www.europesays.com\/fr\/wp-json\/wp\/v2\/tags?post=155211"}],"curies":[{"name":"wp","href":"https:\/\/api.w.org\/{rel}","templated":true}]}}