{"id":155213,"date":"2025-06-06T00:15:13","date_gmt":"2025-06-06T00:15:13","guid":{"rendered":"https:\/\/www.europesays.com\/fr\/155213\/"},"modified":"2025-06-06T00:15:13","modified_gmt":"2025-06-06T00:15:13","slug":"deux-hommes-condamnes-pour-avoir-violemment-agresse-un-passager-du-tramway-sans-raison","status":"publish","type":"post","link":"https:\/\/www.europesays.com\/fr\/155213\/","title":{"rendered":"deux hommes condamn\u00e9s pour avoir violemment agress\u00e9 un passager du tramway sans raison"},"content":{"rendered":"<p>\t\t\t\t\t\t\t\t\t\t\t<img loading=\"lazy\" decoding=\"async\" width=\"1110\" title=\"Grenoble\u00a0: deux hommes condamn\u00e9s pour avoir violemment agress\u00e9 un passager du tramway sans raison\" class=\"img-fluid not_lzld mb-3\" src=\"https:\/\/www.europesays.com\/fr\/wp-content\/uploads\/2025\/06\/1110x624_grenoble-deux-hommes-condamnes-pour-avoir-violemment-agresse-un-passager-du-tramway-sans-ra\" alt=\"Grenoble\u00a0: deux hommes condamn\u00e9s pour avoir violemment agress\u00e9 un passager du tramway sans raison\" itemprop=\"image\" height=\"624\"\/>\t\t\t\t\t\t\t\t\t\t\t\t<\/p>\n<p>Grenoble\u00a0: deux hommes condamn\u00e9s pour avoir violemment agress\u00e9 un passager du tramway sans raison &#8211; DR<\/p>\n<p itemprop=\"description\"><strong>Les faits remontent au 28 juin 2024.<\/strong><\/p>\n<p class=\"MsoNormal\" style=\"caret-color: #212121; color: #212121; font-size: 12pt; font-style: normal; font-variant-caps: normal; font-weight: 400; letter-spacing: normal; orphans: auto; text-align: start; text-indent: 0px; text-transform: none; white-space: normal; widows: auto; word-spacing: 0px; -webkit-text-stroke-width: 0px; text-decoration: none; margin: 0cm 0cm 8pt; line-height: 18.4px; font-family: Calibri, sans-serif;\">Dans le centre-ville de Grenoble, plus pr\u00e9cis\u00e9ment dans un tramway situ\u00e9 \u00e0 l\u2019arr\u00eat Alsace-Lorraine, un homme de 27 ans, mont\u00e9 \u00e0 l\u2019int\u00e9rieur de la rame, s\u2019\u00e9tait fait violemment agresser par deux individus \u00e2g\u00e9s de 29 et 22 ans, d\u00e9j\u00e0 condamn\u00e9s respectivement \u00e0 15 et 22 reprises par la justice.<\/p>\n<p class=\"MsoNormal\" style=\"caret-color: #212121; color: #212121; font-size: 12pt; font-style: normal; font-variant-caps: normal; font-weight: 400; letter-spacing: normal; orphans: auto; text-align: start; text-indent: 0px; text-transform: none; white-space: normal; widows: auto; word-spacing: 0px; -webkit-text-stroke-width: 0px; text-decoration: none; margin: 0cm 0cm 8pt; line-height: 18.4px; font-family: Calibri, sans-serif;\">Selon les t\u00e9moins de la sc\u00e8ne, le second agresseur, originaire du Kosovo, aurait invectiv\u00e9 la victime qui venait de s\u2019assoir dans le tramway. Les images de vid\u00e9osurveillance de la rame ont d\u00e9montr\u00e9 que le pr\u00e9venu a commenc\u00e9 \u00e0 frapper l\u2019homme avec une arme blanche. Le passager avait r\u00e9ussi \u00e0 sortir du tramway, mais ses deux agresseurs avaient continuer \u00e0 le rouer de coups.<\/p>\n<p class=\"MsoNormal\" style=\"caret-color: #212121; color: #212121; font-size: 12pt; font-style: normal; font-variant-caps: normal; font-weight: 400; letter-spacing: normal; orphans: auto; text-align: start; text-indent: 0px; text-transform: none; white-space: normal; widows: auto; word-spacing: 0px; -webkit-text-stroke-width: 0px; text-decoration: none; margin: 0cm 0cm 8pt; line-height: 18.4px; font-family: Calibri, sans-serif;\">Au tribunal correctionnel de Grenoble en d\u00e9but de semaine, l\u2019enqu\u00eate a r\u00e9v\u00e9l\u00e9 que le passager de 27 ans n\u2019a eu aucun comportement agressif au moment des faits, rendant l\u2019agression inexplicable. Le pr\u00e9venu originaire du Kosovo \u00e9cope de cinq ans de prison dont deux ans assortis d\u2019un sursis probatoire. Son complice, \u00e9galement multir\u00e9cidiviste, est condamn\u00e9 \u00e0 30 mois de prison, dont 12 mois avec sursis.<\/p>\n","protected":false},"excerpt":{"rendered":"Grenoble\u00a0: deux hommes condamn\u00e9s pour avoir violemment agress\u00e9 un passager du tramway sans raison &#8211; DR Les faits&hellip;\n","protected":false},"author":2,"featured_media":155214,"comment_status":"","ping_status":"","sticky":false,"template":"","format":"standard","meta":{"footnotes":""},"categories":[9566],"tags":[1111,11,7733,8279,2430,7736,650,7734,2889,2263,1777,674,1011,27,2731,8280,6417,1114,108,4662,12,3725,1825,25,7737],"class_list":{"0":"post-155213","1":"post","2":"type-post","3":"status-publish","4":"format-standard","5":"has-post-thumbnail","7":"category-grenoble","8":"tag-actu","9":"tag-actualites","10":"tag-alpes","11":"tag-alpes1","12":"tag-auvergne-rhone-alpes","13":"tag-cds","14":"tag-cinema","15":"tag-ecoute","16":"tag-emission","17":"tag-equipe","18":"tag-eu","19":"tag-europe","20":"tag-fr","21":"tag-france","22":"tag-grenoble","23":"tag-haute","24":"tag-information","25":"tag-infos","26":"tag-isere","27":"tag-journal","28":"tag-news","29":"tag-podcast","30":"tag-radio","31":"tag-republique-francaise","32":"tag-winamp"},"share_on_mastodon":{"url":"https:\/\/pubeurope.com\/@fr\/114633541196455032","error":""},"_links":{"self":[{"href":"https:\/\/www.europesays.com\/fr\/wp-json\/wp\/v2\/posts\/155213","targetHints":{"allow":["GET"]}}],"collection":[{"href":"https:\/\/www.europesays.com\/fr\/wp-json\/wp\/v2\/posts"}],"about":[{"href":"https:\/\/www.europesays.com\/fr\/wp-json\/wp\/v2\/types\/post"}],"author":[{"embeddable":true,"href":"https:\/\/www.europesays.com\/fr\/wp-json\/wp\/v2\/users\/2"}],"replies":[{"embeddable":true,"href":"https:\/\/www.europesays.com\/fr\/wp-json\/wp\/v2\/comments?post=155213"}],"version-history":[{"count":0,"href":"https:\/\/www.europesays.com\/fr\/wp-json\/wp\/v2\/posts\/155213\/revisions"}],"wp:featuredmedia":[{"embeddable":true,"href":"https:\/\/www.europesays.com\/fr\/wp-json\/wp\/v2\/media\/155214"}],"wp:attachment":[{"href":"https:\/\/www.europesays.com\/fr\/wp-json\/wp\/v2\/media?parent=155213"}],"wp:term":[{"taxonomy":"category","embeddable":true,"href":"https:\/\/www.europesays.com\/fr\/wp-json\/wp\/v2\/categories?post=155213"},{"taxonomy":"post_tag","embeddable":true,"href":"https:\/\/www.europesays.com\/fr\/wp-json\/wp\/v2\/tags?post=155213"}],"curies":[{"name":"wp","href":"https:\/\/api.w.org\/{rel}","templated":true}]}}