{"id":155215,"date":"2025-06-06T00:16:22","date_gmt":"2025-06-06T00:16:22","guid":{"rendered":"https:\/\/www.europesays.com\/fr\/155215\/"},"modified":"2025-06-06T00:16:22","modified_gmt":"2025-06-06T00:16:22","slug":"les-agriculteurs-de-la-fdsea-et-des-ja-font-entendre-leur-voix","status":"publish","type":"post","link":"https:\/\/www.europesays.com\/fr\/155215\/","title":{"rendered":"les agriculteurs de la FDSEA et des JA font entendre leur voix"},"content":{"rendered":"<p>            Par<br \/>\n        <strong><br \/>\n            <a href=\"https:\/\/actu.fr\/auteur\/redaction-terra\" title=\"Consulter tous les articles de R\u00e9daction Terra\" rel=\"nofollow noopener\" target=\"_blank\">R\u00e9daction Terra<\/a><br \/>\n        <\/strong><\/p>\n<p>        Publi\u00e9 le<\/p>\n<p>            5 juin 2025 \u00e0 18h00        <\/p>\n<p data-end=\"519\">Depuis plusieurs mois, la <b>FDSEA <\/b>et les <b>Jeunes Agriculteurs d\u2019Ille-et-Vilaine<\/b> r\u00e9clament la tenue de r\u00e9unions sp\u00e9cifiques avec le pr\u00e9sident du <b>SAGE Vilaine<\/b>, dans le cadre de la r\u00e9vision du <b>Sch\u00e9ma d\u2019Am\u00e9nagement et de Gestion des Eaux<\/b>. \u00ab\u2009Face \u00e0 l\u2019absence de r\u00e9ponse, ils ont d\u00e9cid\u00e9 de participer aux r\u00e9unions destin\u00e9es aux \u00e9lus des collectivit\u00e9s pour se faire entendre\u2009\u00bb, indiquent-ils dans un communiqu\u00e9 commun.<\/p>\n<p>Mesures trop contraignantes<\/p>\n<p data-end=\"886\" class=\" wall-content\">Au c\u0153ur de leurs pr\u00e9occupations\u2009: de nouvelles mesures jug\u00e9es contraignantes, telles que les restrictions sur les produits phytosanitaires, la limitation du drainage ou encore l\u2019encadrement du stockage de l\u2019eau. D\u2019abord cibl\u00e9es sur les bassins-versants du Meu et de la Vali\u00e8re, ces r\u00e8gles pourraient \u00e0 terme s\u2019\u00e9tendre \u00e0 l\u2019ensemble du territoire couvert par le SAGE.<\/p>\n<p data-end=\"1239\" class=\" wall-content\">Les agriculteurs rappellent qu\u2019ils sont depuis longtemps engag\u00e9s pour la pr\u00e9servation de la ressource en eau\u2009: mise aux normes des b\u00e2timents, r\u00e9duction des intrants, diversification des cultures, cr\u00e9ation de haies et bandes enherb\u00e9es\u2026 Autant d\u2019actions entreprises depuis plus de 30\u00a0ans pour concilier production agricole et respect de l\u2019environnement.<\/p>\n<p>La marche est trop haute<\/p>\n<p data-end=\"1239\" class=\" wall-content\">Loin de nier qu\u2019il existe des probl\u00e8mes de qualit\u00e9 de l\u2019eau, Christian Mochet, repr\u00e9sentant la FDSEA 35, souligne que la marche est bien trop haute. \u00ab\u2009\u00c0 nous de travailler sur des solutions, comme la limitation des transferts\u2009\u00bb, pointe l\u2019\u00e9leveur de Servon-sur-Vilaine qui demande du temps. \u00ab\u2009Il va falloir plus de trois ans pour trouver des solutions.\u2009\u00bb<\/p>\n<p data-end=\"1239\" class=\" wall-content\">Pour lui, le 100\u2009% m\u00e9canique n\u2019est pas possible. \u00ab\u2009On demande la possibilit\u00e9 d\u2019un passage chimique chaque ann\u00e9e. Et \u00e0 c\u00f4t\u00e9 de \u00e7a, nous encourageons la m\u00e9canisation. Mais il faut un accompagnement.\u2009\u00bb<\/p>\n<p>Vid\u00e9os : en ce moment sur Actu<\/p>\n<p data-end=\"1526\" class=\" wall-content\">Mais ils d\u00e9noncent un projet \u00e9labor\u00e9 sans \u00e9tude d\u2019impact social et \u00e9conomique, ni accompagnement pour compenser les pertes \u00e0 venir. L\u2019objectif affich\u00e9 de 40\u2009% de production en agriculture biologique est \u00e9galement jug\u00e9 irr\u00e9aliste, en d\u00e9calage avec la demande actuelle des consommateurs \u00ab\u2009seuls v\u00e9ritables d\u00e9cideurs par leurs choix d\u2019achat\u2009\u00bb.<\/p>\n<p data-end=\"1758\" class=\" wall-content\">Pour les syndicats agricoles, construire une politique de l\u2019eau durable n\u00e9cessite d\u2019associer pleinement les agriculteurs. \u00ab\u2009La reconqu\u00eate de la qualit\u00e9 de l\u2019eau se fera avec nous, pas contre nous\u2009\u00bb, affirment FDSEA et JA d\u2019une seule voix.<\/p>\n<p>Le calendrier<\/p>\n<p data-end=\"1758\" class=\" wall-content\">Les prochaines \u00e9tapes sont la consultation des collectivit\u00e9s jusqu\u2019au 31\u00a0juillet puis la consultation de la population en septembre et octobre et enfin l\u2019arr\u00eat\u00e9 pr\u00e9fectoral attendu en d\u00e9cembre. \u00ab\u2009Les enjeux sont trop importants pour que la r\u00e9ponse soit id\u00e9ologique\u2009\u00bb, insiste Christian Mochet.<\/p>\n<p data-end=\"1758\" class=\" wall-content\">Le repr\u00e9sentant de la FDSEA ne veut pas non plus n\u00e9gliger d\u2019autres questions comme la sanctuarisation des zones humides \u00ab\u2009qui est un non-sens agronomique\u2009\u00bb ou encore le sujet du stockage de l\u2019eau.<\/p>\n<p class=\" wall-content\">Suivez toute l\u2019actualit\u00e9 de vos villes et m\u00e9dias favoris en vous inscrivant \u00e0 <a href=\"https:\/\/moncompte.actu.fr\" title=\"D\u00e9couvez Mon Actu\" rel=\"nofollow noopener\" data-trk=\"{&quot;cta&quot;:{&quot;action&quot;:&quot;https:\\\/\\\/moncompte.actu.fr&quot;,&quot;category&quot;:&quot;mon compte&quot;,&quot;from&quot;:&quot;article footer&quot;,&quot;name&quot;:&quot;Mon actu&quot;,&quot;type&quot;:&quot;cta&quot;}}\" target=\"_blank\">Mon Actu<\/a>.<\/p>\n<ul class=\"ac-article-tag wall-content\">\n<li><a href=\"https:\/\/actu.fr\/tag\/agriculture\" data-trk=\"{&quot;cta&quot;:{&quot;action&quot;:&quot;Agriculture&quot;,&quot;category&quot;:&quot;tag&quot;,&quot;from&quot;:&quot;article footer&quot;,&quot;name&quot;:&quot;Agriculture&quot;,&quot;type&quot;:&quot;cta&quot;}}\" rel=\"nofollow noopener\" target=\"_blank\">#Agriculture<\/a><\/li>\n<li><a href=\"https:\/\/actu.fr\/tag\/environnement\" data-trk=\"{&quot;cta&quot;:{&quot;action&quot;:&quot;Environnement&quot;,&quot;category&quot;:&quot;tag&quot;,&quot;from&quot;:&quot;article footer&quot;,&quot;name&quot;:&quot;Environnement&quot;,&quot;type&quot;:&quot;cta&quot;}}\" rel=\"nofollow noopener\" target=\"_blank\">#Environnement<\/a><\/li>\n<\/ul>\n","protected":false},"excerpt":{"rendered":"Par R\u00e9daction Terra Publi\u00e9 le 5 juin 2025 \u00e0 18h00 Depuis plusieurs mois, la FDSEA et les Jeunes&hellip;\n","protected":false},"author":2,"featured_media":155216,"comment_status":"","ping_status":"","sticky":false,"template":"","format":"standard","meta":{"footnotes":""},"categories":[2821],"tags":[1111,11,327,829,436,1777,674,1011,27,12,584,25,104],"class_list":{"0":"post-155215","1":"post","2":"type-post","3":"status-publish","4":"format-standard","5":"has-post-thumbnail","7":"category-rennes","8":"tag-actu","9":"tag-actualites","10":"tag-agriculture","11":"tag-bretagne","12":"tag-environnement","13":"tag-eu","14":"tag-europe","15":"tag-fr","16":"tag-france","17":"tag-news","18":"tag-rennes","19":"tag-republique-francaise","20":"tag-societe"},"share_on_mastodon":{"url":"https:\/\/pubeurope.com\/@fr\/114633545129174058","error":""},"_links":{"self":[{"href":"https:\/\/www.europesays.com\/fr\/wp-json\/wp\/v2\/posts\/155215","targetHints":{"allow":["GET"]}}],"collection":[{"href":"https:\/\/www.europesays.com\/fr\/wp-json\/wp\/v2\/posts"}],"about":[{"href":"https:\/\/www.europesays.com\/fr\/wp-json\/wp\/v2\/types\/post"}],"author":[{"embeddable":true,"href":"https:\/\/www.europesays.com\/fr\/wp-json\/wp\/v2\/users\/2"}],"replies":[{"embeddable":true,"href":"https:\/\/www.europesays.com\/fr\/wp-json\/wp\/v2\/comments?post=155215"}],"version-history":[{"count":0,"href":"https:\/\/www.europesays.com\/fr\/wp-json\/wp\/v2\/posts\/155215\/revisions"}],"wp:featuredmedia":[{"embeddable":true,"href":"https:\/\/www.europesays.com\/fr\/wp-json\/wp\/v2\/media\/155216"}],"wp:attachment":[{"href":"https:\/\/www.europesays.com\/fr\/wp-json\/wp\/v2\/media?parent=155215"}],"wp:term":[{"taxonomy":"category","embeddable":true,"href":"https:\/\/www.europesays.com\/fr\/wp-json\/wp\/v2\/categories?post=155215"},{"taxonomy":"post_tag","embeddable":true,"href":"https:\/\/www.europesays.com\/fr\/wp-json\/wp\/v2\/tags?post=155215"}],"curies":[{"name":"wp","href":"https:\/\/api.w.org\/{rel}","templated":true}]}}