{"id":155224,"date":"2025-06-06T00:22:12","date_gmt":"2025-06-06T00:22:12","guid":{"rendered":"https:\/\/www.europesays.com\/fr\/155224\/"},"modified":"2025-06-06T00:22:12","modified_gmt":"2025-06-06T00:22:12","slug":"avant-lunoc-de-nice-un-forum-pour-allier-finance-et-protection-des-oceans-a-monaco","status":"publish","type":"post","link":"https:\/\/www.europesays.com\/fr\/155224\/","title":{"rendered":"Avant l\u2019UNOC de Nice, un forum pour allier finance et protection des oc\u00e9ans \u00e0 Monaco"},"content":{"rendered":"<p>\n      Le Blue economy and finance forum est l\u2019un des trois \u00e9v\u00e9nements sp\u00e9ciaux organis\u00e9s en amont de la Conf\u00e9rence des Nations unies sur l\u2019oc\u00e9an, qui se tiendra \u00e0 Nice du 9 au 13 juin. Le Grimaldi Forum de Monaco accueillera les 7 et 8 juin monde de la finance et de l\u2019industrie, repr\u00e9sentants de gouvernements et d\u2019institutions multilat\u00e9rales, et acteurs de l\u2019\u00e9conomie bleue. Objectif\u00a0: orienter les investissements en direction d\u2019une \u00e9conomie bleue \u00ab\u00a0durable et r\u00e9g\u00e9n\u00e9rative\u00a0\u00bb.\n    <\/p>\n<p>A Monaco, on aime \u00e0 rappeler que l\u2019engagement de la Principaut\u00e9 en faveur de la connaissance et de la protection des oc\u00e9ans ne date pas d\u2019hier. Il remonte pr\u00e9cis\u00e9ment au prince Albert Ier, surnomm\u00e9 le \u00ab\u00a0prince navigateur\u00a0\u00bb et consid\u00e9r\u00e9 comme l\u2019un des pionniers de l\u2019oc\u00e9anographie moderne. Un peu plus d\u2019un si\u00e8cle plus tard, l\u2019h\u00e9ritage scientifique perdure, enrichi d\u2019un r\u00f4le diplomatique actif et reconnu sur la sc\u00e8ne internationale pour la pr\u00e9servation et la protection des oc\u00e9ans. Et, d\u00e9sormais, assorti d\u2019une dimension \u00e9conomique et financi\u00e8re.<\/p>\n<p>\u00ab\u00a0La connaissance est acquise, le consensus scientifique existe, des accords politiques ont \u00e9t\u00e9 obtenus. Aujourd\u2019hui, il faut aller plus loin\u00a0\u00bb, indique \u00e0 Mer et Marine Robert Calcagno, directeur g\u00e9n\u00e9ral de l\u2019Institut oc\u00e9anographique de Monaco. \u00ab\u00a0Nous devons d\u00e9sormais impl\u00e9menter, mettre en \u0153uvre sur le terrain ces accords et d\u00e9clarations de bonnes intentions\u00a0\u00bb. C\u2019est toute la raison d\u2019\u00eatre du Blue economy and finance forum (Beff), dont l\u2019Institut oc\u00e9anographique est l\u2019un des coorganisateurs, avec le gouvernement princier de Monaco et la Fondation Prince Albert II, et le soutien de la France et du Costa Rica, coorganisateurs de la Conf\u00e9rence des nations unies sur l\u2019oc\u00e9an (UNOC).<\/p>\n<p>175 milliards n\u00e9cessaires chaque ann\u00e9e<\/p>\n<p>Car pour \u00ab\u00a0impl\u00e9menter\u00a0\u00bb et \u00ab\u00a0mettre en \u0153uvre\u00a0\u00bb, il faut de l\u2019argent. Or, \u00ab\u00a025 milliards de dollars sont d\u00e9volus \u00e0 la protection de oc\u00e9ans chaque ann\u00e9e, quand il en faudrait 175, soit sept fois plus\u00a0\u00bb, indique Robert Calcagno, reprenant les chiffres du think tank environnemental am\u00e9ricain World Resources Institute. A son \u00e9chelle, Monaco, qui est aussi une place financi\u00e8re modeste par la taille, mais dynamique et en pleine expansion sur la sc\u00e8ne mondiale, joue un r\u00f4le actif depuis quelques ann\u00e9es. La Fondation Prince Albert II est impliqu\u00e9e dans le <a href=\"https:\/\/www.meretmarine.com\/fr\/science-et-environnement\/la-fondation-prince-albert-ii-de-monaco-annonce-le-premier-investissement-du-reocean-fund\" target=\"_blank\" rel=\"noopener\">ReOcean Fund<\/a>, un fonds d\u2019investissement en private equity qui soutient des entreprises innovantes d\u00e9di\u00e9es \u00e0 la pr\u00e9servation et \u00e0 la r\u00e9g\u00e9n\u00e9ration des oc\u00e9ans, et le <a href=\"https:\/\/www.meretmarine.com\/fr\/divers\/la-fondation-albert-ii-de-monaco-lance-un-indice-financier-dedie-a-l-ocean\" target=\"_blank\" rel=\"noopener\">Blue Economy Index<\/a>, un indice financier destin\u00e9 \u00e0 orienter les investissements vers des entreprises durables dans l\u2019\u00e9conomie bleue.<\/p>\n<p>L\u2019organisation \u00e0 Monaco d\u2019un sommet financier et \u00e9conomique en marge de l\u2019UNOC n\u2019a donc rien de surprenant. Outre le Prince Albert II, l\u2019ancien directeur g\u00e9n\u00e9ral de l\u2019Organisation mondiale du commerce Pascal Lamy (co-pr\u00e9sident du Beff), la pr\u00e9sidente de la Banque centrale europ\u00e9enne Christine Lagarde et le secr\u00e9taire g\u00e9n\u00e9ral de l\u2019Organisation maritime internationale (OMI) Arsenio Dominguez prendront la parole. C\u00f4t\u00e9 priv\u00e9, le directeur g\u00e9n\u00e9ral de CMA CGM Rodolphe Saad\u00e9 est annonc\u00e9, tout comme Thierry D\u00e9au, fondateur de Meridiam, soci\u00e9t\u00e9 d\u2019investissement sp\u00e9cialis\u00e9e dans le d\u00e9veloppement, le financement et la gestion de projets d\u2019infrastructures durables \u00e0 long terme.<\/p>\n<p>\u00a0<\/p>\n<p>      Robert Calcagno, directeur g\u00e9n\u00e9ral de l\u2019Institut oc\u00e9anographique de Monaco.<\/p>\n<p>\u00ab\u00a0Faire se rencontrer les projets, les entreprises et les financiers\u00a0\u00bb<\/p>\n<p>Alors que la question du financement de la protection de l\u2019environnement cristallise les tensions de <a href=\"https:\/\/www.meretmarine.com\/fr\/science-et-environnement\/cop29-300-milliards-de-dollars-par-pour-les-pays-en-developpement\" target=\"_blank\" rel=\"noopener\">COP sur les changements climatiques<\/a> en <a href=\"https:\/\/www.meretmarine.com\/fr\/science-et-environnement\/cop16-sur-la-biodiversite-un-accord-extremis\" target=\"_blank\" rel=\"noopener\">COP sur la biodiversit\u00e9<\/a>, des initiatives ind\u00e9pendantes existent d\u00e9j\u00e0, \u00e0 commencer par les conf\u00e9rences <a href=\"https:\/\/www.meretmarine.com\/fr\/science-et-environnement\/la-coree-du-sud-accueille-la-10eme-conference-our-ocean\" target=\"_blank\" rel=\"noopener\">Our Ocean<\/a>, lanc\u00e9es par le D\u00e9partement d\u2019\u00c9tat am\u00e9ricain en 2014. Avec 2600 engagements et 133 milliards de dollars r\u00e9colt\u00e9s en 10 ans, Our Ocean se revendique comme \u00e9tant la principale plateforme mondiale permettant une action volontaire \u00e0 fort impact pour l\u2019oc\u00e9an. Le forum de Monaco ne risque-t-il pas d\u2019appara\u00eetre comme redondant avec ce type d\u2019\u00e9v\u00e9nements, dont la derni\u00e8re \u00e9dition s\u2019est tenue en avril dernier\u00a0? Robert Calcagno \u00e9carte le risque\u00a0: \u00ab\u00a0Ces conf\u00e9rences rassemblent principalement des Etats et des ONG. Notre intention est de souligner que nous ne nous en sortirons pas si nous restons seulement entre Etats et ONG, dont les moyens sont limit\u00e9s. Il faut absolument impliquer les entreprises et le monde de la finance (banques, assurances, fonds d\u2019investissement) pour passer des ambitions \u00e0 l\u2019action\u00a0\u00bb.<\/p>\n<p>\u00ab\u00a0Tout le but du Beff est de faire se rencontrer les projets, les entreprises et les financiers. Les financiers sont \u00e0 la recherche d\u2019investissements et les projets sont \u00e0 la recherche de financiers. Mais aujourd\u2019hui, dans le domaine de l\u2019\u00e9conomie bleue, ils ne se rencontrent pas. Les projets ne sont pas suffisamment matures, et les financiers ne sont pas suffisamment inform\u00e9s des enjeux sp\u00e9cifiques li\u00e9s \u00e0 la pr\u00e9servation de la sant\u00e9 de l\u2019oc\u00e9an. Il faut les faire discuter les uns avec les autres, et cr\u00e9er des connexions entre ces diff\u00e9rentes entit\u00e9s\u00a0\u00bb.\u00a0<\/p>\n<p>Investir pour l\u2019oc\u00e9an<\/p>\n<p>S\u00e9ances pl\u00e9ni\u00e8res, panels et \u00e9v\u00e9nements parall\u00e8les ax\u00e9s sur la pr\u00e9servation de l\u2019oc\u00e9an et le financement d\u2019une \u00e9conomie bleue durable ponctueront les deux jours du forum, autour d\u2019une s\u00e9rie de th\u00e9matiques allant de la d\u00e9carbonation des secteurs maritime et portuaire aux \u00e9nergies marines renouvelables, en passant par le tourisme ou les questions li\u00e9s aux enjeux de l\u2019alimentation. \u00ab\u00a0La culture des algues est par exemple tr\u00e8s peu d\u00e9velopp\u00e9e en Europe. Notre objectif, c\u2019est de mettre en relation des gens qui aimeraient se lancer, avec d\u2019autres gens qui savent faire cela ailleurs et g\u00e9n\u00e8rent des chiffres d\u2019affaires cons\u00e9quents, et des financiers qui ont envie d\u2019investir dans ces activit\u00e9s\u00a0\u00bb.<\/p>\n<p>\u00ab\u00a0Nous ne faisons pas une demande de charit\u00e9, nous ne disons pas qu\u2019il faut donner davantage d\u2019argent pour l\u2019oc\u00e9an. Nous disons\u00a0: il faut investir plus d\u2019argent pour l\u2019oc\u00e9an\u00a0\u00bb, insiste Robert Calcagno. \u00ab Il y a un travail \u00e0 faire pour, sur le long terme, d\u00e9velopper des secteurs d\u2019activit\u00e9 rentables et profitables, et qui tiennent compte des n\u00e9cessit\u00e9s de gestion durable et de bonne sant\u00e9 de l\u2019oc\u00e9an. Dans ce forum, nous ne ferons pas des coups\u00a0avec des investissements et de la rentabilit\u00e9 \u00e9conomique \u00e0 tr\u00e8s court terme, potentiellement nuisibles \u00e0 l\u2019oc\u00e9an. Nous nous inscrivons dans le temps long\u00a0\u00bb.<\/p>\n<p><strong>\u00a9 Un article de la r\u00e9daction de Mer et Marine. Reproduction interdite sans consentement du ou des auteurs.<\/strong><\/p>\n<p>\u00a0<\/p>\n","protected":false},"excerpt":{"rendered":"Le Blue economy and finance forum est l\u2019un des trois \u00e9v\u00e9nements sp\u00e9ciaux organis\u00e9s en amont de la Conf\u00e9rence&hellip;\n","protected":false},"author":2,"featured_media":92970,"comment_status":"","ping_status":"","sticky":false,"template":"","format":"standard","meta":{"footnotes":""},"categories":[2819],"tags":[1111,11,6130,6141,6131,6138,2380,6135,554,1777,6136,674,1011,27,6139,6134,3135,6128,567,6129,6127,12,2401,6132,4838,882,6133,25,6140,6137],"class_list":{"0":"post-155224","1":"post","2":"type-post","3":"status-publish","4":"format-standard","5":"has-post-thumbnail","7":"category-nice","8":"tag-actu","9":"tag-actualites","10":"tag-chantiers","11":"tag-commando","12":"tag-construction-navale","13":"tag-costa","14":"tag-croisiere","15":"tag-dcns","16":"tag-defense","17":"tag-eu","18":"tag-euronaval","19":"tag-europe","20":"tag-fr","21":"tag-france","22":"tag-fremm","23":"tag-interviews","24":"tag-littoral","25":"tag-marine","26":"tag-marine-nationale","27":"tag-maritime","28":"tag-mer","29":"tag-news","30":"tag-nice","31":"tag-offshore","32":"tag-peche","33":"tag-provence-alpes-cote-dazur","34":"tag-reportages","35":"tag-republique-francaise","36":"tag-sncm","37":"tag-stx"},"share_on_mastodon":{"url":"https:\/\/pubeurope.com\/@fr\/114633568607569378","error":""},"_links":{"self":[{"href":"https:\/\/www.europesays.com\/fr\/wp-json\/wp\/v2\/posts\/155224","targetHints":{"allow":["GET"]}}],"collection":[{"href":"https:\/\/www.europesays.com\/fr\/wp-json\/wp\/v2\/posts"}],"about":[{"href":"https:\/\/www.europesays.com\/fr\/wp-json\/wp\/v2\/types\/post"}],"author":[{"embeddable":true,"href":"https:\/\/www.europesays.com\/fr\/wp-json\/wp\/v2\/users\/2"}],"replies":[{"embeddable":true,"href":"https:\/\/www.europesays.com\/fr\/wp-json\/wp\/v2\/comments?post=155224"}],"version-history":[{"count":0,"href":"https:\/\/www.europesays.com\/fr\/wp-json\/wp\/v2\/posts\/155224\/revisions"}],"wp:featuredmedia":[{"embeddable":true,"href":"https:\/\/www.europesays.com\/fr\/wp-json\/wp\/v2\/media\/92970"}],"wp:attachment":[{"href":"https:\/\/www.europesays.com\/fr\/wp-json\/wp\/v2\/media?parent=155224"}],"wp:term":[{"taxonomy":"category","embeddable":true,"href":"https:\/\/www.europesays.com\/fr\/wp-json\/wp\/v2\/categories?post=155224"},{"taxonomy":"post_tag","embeddable":true,"href":"https:\/\/www.europesays.com\/fr\/wp-json\/wp\/v2\/tags?post=155224"}],"curies":[{"name":"wp","href":"https:\/\/api.w.org\/{rel}","templated":true}]}}