{"id":155225,"date":"2025-06-06T00:23:09","date_gmt":"2025-06-06T00:23:09","guid":{"rendered":"https:\/\/www.europesays.com\/fr\/155225\/"},"modified":"2025-06-06T00:23:09","modified_gmt":"2025-06-06T00:23:09","slug":"previsions-du-vendredi-6-juin-2025-6","status":"publish","type":"post","link":"https:\/\/www.europesays.com\/fr\/155225\/","title":{"rendered":"pr\u00e9visions du vendredi 6 juin 2025"},"content":{"rendered":"<p>\u00c0 Nantes, les temp\u00e9ratures seront de 16\u00b0C dans la journ\u00e9e. Un vent de sud-ouest est attendu : il soufflera \u00e0 21 km\/h. Le soleil peinera \u00e0 percer au milieu des nuages qui subsisteront dans la matin\u00e9e. Il faudra pr\u00e9voir son parapluie pour se prot\u00e9ger des pluies \u00e9parses. Le temps va peu \u00e0 peu s&rsquo;am\u00e9liorer dans l&rsquo;apr\u00e8s-midi et laisser place \u00e0 des \u00e9claircies. Les valeurs afficheront entre 18 et 20\u00b0C. Le soir, on anticipe des temp\u00e9ratures d&rsquo;environ 15\u00b0C. Pendant que vous dormirez, dans la nuit de vendredi \u00e0 samedi, le ciel sera pluvieux.<\/p>\n<p>Nantes, o\u00f9 des nuages persisteront demain, continuera de guetter le soleil. Du mauvais temps est \u00e0 pr\u00e9voir. Des pluies \u00e9parses vont tomber. Les valeurs s&rsquo;\u00e9chelonneront entre 12 et 20\u00b0C. La ville sera touch\u00e9e par un vent de sud-ouest de 26 km\/h. Les nuages \u00e0 pr\u00e9voir le matin, et un ciel encore gris. Il fera 18\u00b0C en moyenne. La grisaille ne se disperse toujours pas, il y aura encore des nuages demain apr\u00e8s-midi. Les maximales iront jusqu&rsquo;\u00e0 19\u00b0C tandis que les minimales seront de 18\u00b0C. Il y a une menace d&rsquo;averses demain soir. Il va faire environ 15\u00b0C.<\/p>\n<p>La m\u00e9t\u00e9o des jours suivants va s&rsquo;am\u00e9liorer. Une m\u00e9t\u00e9o ensoleill\u00e9e, avec des temp\u00e9ratures de 16\u00b0C en moyenne, est pr\u00e9vue.<\/p>\n<p>Demain, tous les petits soins sont bons pour les mamans \u00e0 l&rsquo;occasion de la f\u00eate des m\u00e8res.<\/p>\n","protected":false},"excerpt":{"rendered":"\u00c0 Nantes, les temp\u00e9ratures seront de 16\u00b0C dans la journ\u00e9e. Un vent de sud-ouest est attendu : il&hellip;\n","protected":false},"author":2,"featured_media":155226,"comment_status":"","ping_status":"","sticky":false,"template":"","format":"standard","meta":{"footnotes":""},"categories":[2818],"tags":[1111,11,1777,674,1011,27,3047,766,12,2636,2119,25],"class_list":{"0":"post-155225","1":"post","2":"type-post","3":"status-publish","4":"format-standard","5":"has-post-thumbnail","7":"category-nantes","8":"tag-actu","9":"tag-actualites","10":"tag-eu","11":"tag-europe","12":"tag-fr","13":"tag-france","14":"tag-loire-atlantique","15":"tag-nantes","16":"tag-news","17":"tag-pays-de-la-loire","18":"tag-previsions-meteo","19":"tag-republique-francaise"},"share_on_mastodon":{"url":"https:\/\/pubeurope.com\/@fr\/114633572564399578","error":""},"_links":{"self":[{"href":"https:\/\/www.europesays.com\/fr\/wp-json\/wp\/v2\/posts\/155225","targetHints":{"allow":["GET"]}}],"collection":[{"href":"https:\/\/www.europesays.com\/fr\/wp-json\/wp\/v2\/posts"}],"about":[{"href":"https:\/\/www.europesays.com\/fr\/wp-json\/wp\/v2\/types\/post"}],"author":[{"embeddable":true,"href":"https:\/\/www.europesays.com\/fr\/wp-json\/wp\/v2\/users\/2"}],"replies":[{"embeddable":true,"href":"https:\/\/www.europesays.com\/fr\/wp-json\/wp\/v2\/comments?post=155225"}],"version-history":[{"count":0,"href":"https:\/\/www.europesays.com\/fr\/wp-json\/wp\/v2\/posts\/155225\/revisions"}],"wp:featuredmedia":[{"embeddable":true,"href":"https:\/\/www.europesays.com\/fr\/wp-json\/wp\/v2\/media\/155226"}],"wp:attachment":[{"href":"https:\/\/www.europesays.com\/fr\/wp-json\/wp\/v2\/media?parent=155225"}],"wp:term":[{"taxonomy":"category","embeddable":true,"href":"https:\/\/www.europesays.com\/fr\/wp-json\/wp\/v2\/categories?post=155225"},{"taxonomy":"post_tag","embeddable":true,"href":"https:\/\/www.europesays.com\/fr\/wp-json\/wp\/v2\/tags?post=155225"}],"curies":[{"name":"wp","href":"https:\/\/api.w.org\/{rel}","templated":true}]}}