{"id":155238,"date":"2025-06-06T00:30:29","date_gmt":"2025-06-06T00:30:29","guid":{"rendered":"https:\/\/www.europesays.com\/fr\/155238\/"},"modified":"2025-06-06T00:30:29","modified_gmt":"2025-06-06T00:30:29","slug":"un-temple-du-tatouage-debarque-pres-de-lille-tout-le-week-end","status":"publish","type":"post","link":"https:\/\/www.europesays.com\/fr\/155238\/","title":{"rendered":"Un temple du tatouage d\u00e9barque pr\u00e8s de Lille tout le week-end"},"content":{"rendered":"<p>            Par<br \/>\n        <strong><br \/>\n            <a href=\"https:\/\/actu.fr\/auteur\/hervine-mahaud\" title=\"Consulter tous les articles de Hervine Mahaud\" rel=\"nofollow noopener\" target=\"_blank\">Hervine Mahaud<\/a><br \/>\n        <\/strong><\/p>\n<p>        Publi\u00e9 le<\/p>\n<p>            5 juin 2025 \u00e0 16h12        <\/p>\n<p>Avis aux amateurs d\u2019encre et de vibes underground : le <b>Playground Tattoo Club<\/b> revient pour sa <b>5e \u00e9dition<\/b> les <b>7 et 8 juin 2025<\/b> au <b>Grand Playground<\/b>, \u00e0 <b>La Maillerie<\/b>, <a href=\"https:\/\/actu.fr\/hauts-de-france\/villeneuve-d-ascq_59009\" rel=\"nofollow noopener\" target=\"_blank\">Villeneuve-d\u2019Ascq<\/a>.<\/p>\n<p class=\" wall-content\">Au programme : <b>plus de 40 tatoueurs venus de toute la France et de Belgique<\/b>, des <b>flashs exclusifs<\/b> pr\u00eats \u00e0 \u00eatre encr\u00e9s, et une ambiance \u00e9lectrique garantie.<\/p>\n<p>Premier arriv\u00e9, premier tatou\u00e9<\/p>\n<p class=\" wall-content\">Le principe est simple : <b>pas de r\u00e9servation, premier arriv\u00e9, premier tatou\u00e9<\/b>. Les artistes pr\u00e9sents proposeront une <b>vari\u00e9t\u00e9 de styles<\/b>, du old school au micro-r\u00e9alisme, en passant par le blackwork et le n\u00e9o-trad. Le tout dans un <b>espace de 600 m\u00b2 transform\u00e9 en temple du tattoo<\/b>, avec une ambiance digne d\u2019un mini-festival.<\/p>\n<p class=\" wall-content\"><a href=\"https:\/\/www.instagram.com\/p\/DKZmgCBIgvQ\/embed\" title=\"Ouvrir le lien sur Instagram\" rel=\"nofollow noopener\" target=\"_blank\">Visualiser le contenu sur Instagram<\/a><\/p>\n<p class=\" wall-content\">\u00ab\u00a0Tu repars avec un tattoo, des souvenirs, et probablement l\u2019envie de revenir l\u2019ann\u00e9e prochaine\u00a0\u00bb, promettent les organisateurs<\/p>\n<p>Un bar et de la food pour patienter (ou se remettre de ses \u00e9motions)<\/p>\n<p class=\" wall-content\">Pour les petites faims et les grandes soifs, un bar et de la food seront disponibles sur place, avec notamment <b>Serre Coffee<\/b> pour les boissons chaudes et <b>Pain du P\u00e8re<\/b> avec son pain perdu fait avec de l\u2019amour et plein beurre.<\/p>\n<p>Vid\u00e9os : en ce moment sur Actu<\/p>\n<p class=\" wall-content\">Bref, un \u00e9v\u00e9nement \u00e0 ne pas manquer pour les passionn\u00e9s de tattoo et les curieux en qu\u00eate de nouvelles exp\u00e9riences.<\/p>\n<p>Infos pratiques : Playground Tattoo Club, samedi 7 juin de 11h \u00e0 19h et dimanche 8 juin de 11h \u00e0 18h. Au Grand Playground, 127 avenue Le N\u00f4tre, La Maillerie, Villeneuve-d\u2019Ascq. <a href=\"https:\/\/grandplayground.com\/playground-tattoo-club-mega-flash-days-2025\/\" rel=\"nofollow noopener\" target=\"_blank\">Plus d\u2019infos en cliquant ici<\/a>.<\/p>\n<p class=\" wall-content\">Suivez toute l\u2019actualit\u00e9 de vos villes et m\u00e9dias favoris en vous inscrivant \u00e0 <a href=\"https:\/\/moncompte.actu.fr\" title=\"D\u00e9couvez Mon Actu\" rel=\"nofollow noopener\" data-trk=\"{&quot;cta&quot;:{&quot;action&quot;:&quot;https:\\\/\\\/moncompte.actu.fr&quot;,&quot;category&quot;:&quot;mon compte&quot;,&quot;from&quot;:&quot;article footer&quot;,&quot;name&quot;:&quot;Mon actu&quot;,&quot;type&quot;:&quot;cta&quot;}}\" target=\"_blank\">Mon Actu<\/a>.<\/p>\n<p>                    <script async src=\"\/\/www.instagram.com\/embed.js\"><\/script><\/p>\n","protected":false},"excerpt":{"rendered":"Par Hervine Mahaud Publi\u00e9 le 5 juin 2025 \u00e0 16h12 Avis aux amateurs d\u2019encre et de vibes underground&hellip;\n","protected":false},"author":2,"featured_media":155239,"comment_status":"","ping_status":"","sticky":false,"template":"","format":"standard","meta":{"footnotes":""},"categories":[2815],"tags":[1111,11,1777,674,1011,27,811,1307,1652,12,25,3735],"class_list":{"0":"post-155238","1":"post","2":"type-post","3":"status-publish","4":"format-standard","5":"has-post-thumbnail","7":"category-lille","8":"tag-actu","9":"tag-actualites","10":"tag-eu","11":"tag-europe","12":"tag-fr","13":"tag-france","14":"tag-hauts-de-france","15":"tag-lille","16":"tag-loisirs-culture","17":"tag-news","18":"tag-republique-francaise","19":"tag-tatouage"},"share_on_mastodon":{"url":"https:\/\/pubeurope.com\/@fr\/114633600118853319","error":""},"_links":{"self":[{"href":"https:\/\/www.europesays.com\/fr\/wp-json\/wp\/v2\/posts\/155238","targetHints":{"allow":["GET"]}}],"collection":[{"href":"https:\/\/www.europesays.com\/fr\/wp-json\/wp\/v2\/posts"}],"about":[{"href":"https:\/\/www.europesays.com\/fr\/wp-json\/wp\/v2\/types\/post"}],"author":[{"embeddable":true,"href":"https:\/\/www.europesays.com\/fr\/wp-json\/wp\/v2\/users\/2"}],"replies":[{"embeddable":true,"href":"https:\/\/www.europesays.com\/fr\/wp-json\/wp\/v2\/comments?post=155238"}],"version-history":[{"count":0,"href":"https:\/\/www.europesays.com\/fr\/wp-json\/wp\/v2\/posts\/155238\/revisions"}],"wp:featuredmedia":[{"embeddable":true,"href":"https:\/\/www.europesays.com\/fr\/wp-json\/wp\/v2\/media\/155239"}],"wp:attachment":[{"href":"https:\/\/www.europesays.com\/fr\/wp-json\/wp\/v2\/media?parent=155238"}],"wp:term":[{"taxonomy":"category","embeddable":true,"href":"https:\/\/www.europesays.com\/fr\/wp-json\/wp\/v2\/categories?post=155238"},{"taxonomy":"post_tag","embeddable":true,"href":"https:\/\/www.europesays.com\/fr\/wp-json\/wp\/v2\/tags?post=155238"}],"curies":[{"name":"wp","href":"https:\/\/api.w.org\/{rel}","templated":true}]}}