{"id":155250,"date":"2025-06-06T00:37:11","date_gmt":"2025-06-06T00:37:11","guid":{"rendered":"https:\/\/www.europesays.com\/fr\/155250\/"},"modified":"2025-06-06T00:37:11","modified_gmt":"2025-06-06T00:37:11","slug":"monaco-asvel-a-quelle-heure-et-sur-quelle-chaine-tv-voir-le-match-2-de-la-demi-finale-de-betclic-elite","status":"publish","type":"post","link":"https:\/\/www.europesays.com\/fr\/155250\/","title":{"rendered":"Monaco-ASVEL : \u00e0 quelle heure et sur quelle cha\u00eene TV voir le match 2 de la demi-finale de Betclic \u00c9lite ?"},"content":{"rendered":"<p class=\"paragraph text_align_left\">Dans cette demi-finale de Betclic \u00c9lite, l\u2019ASVEL m\u00e8ne 1-0 apr\u00e8s sa large victoire (94-74) lors du match 1. Pour rappel, l\u2019\u00e9quipe de <a href=\"https:\/\/www.leparisien.fr\/sports\/basket\/\" target=\"_self\" rel=\"noopener\">basket<\/a> de <a href=\"https:\/\/www.leparisien.fr\/sports\/basket\/basket-la-cour-regionale-des-comptes-epingle-les-finances-degradees-de-lasvel-de-tony-parker-20-05-2025-ALF2VIZFWVGSDH2MVGLEJENZYU.php\" target=\"_self\" rel=\"noopener\">Tony Parker<\/a> a termin\u00e9 la saison r\u00e9guli\u00e8re avec un bilan de 23 victoires pour 7 d\u00e9faites. Cette confrontation oppose le deuxi\u00e8me au troisi\u00e8me du classement.<\/p>\n<p class=\"paragraph text_align_left\">En quarts de finale, les deux \u00e9quipes ont d\u00fb passer par un match 3 pour se qualifier. L\u2019ASVEL s\u2019est impos\u00e9e sans trembler face \u00e0 Chalon-sur-Sa\u00f4ne (99-75), tandis que Monaco a valid\u00e9 son ticket en battant Le Mans (85-76).<\/p>\n<p class=\"paragraph text_align_left\"><b>Le match 2 se jouera \u00e0 Monaco, ce jeudi 5 juin \u00e0 21 heures, et sera diffus\u00e9 en direct sur DAZN.<\/b><\/p>\n","protected":false},"excerpt":{"rendered":"Dans cette demi-finale de Betclic \u00c9lite, l\u2019ASVEL m\u00e8ne 1-0 apr\u00e8s sa large victoire (94-74) lors du match 1.&hellip;\n","protected":false},"author":2,"featured_media":155251,"comment_status":"","ping_status":"","sticky":false,"template":"","format":"standard","meta":{"footnotes":""},"categories":[1888],"tags":[1111,1928,11,1927,1465,1777,674,1011,27,12,1926,626,1925,25,60],"class_list":{"0":"post-155250","1":"post","2":"type-post","3":"status-publish","4":"format-standard","5":"has-post-thumbnail","7":"category-paris","8":"tag-actu","9":"tag-actu-paris","10":"tag-actualites","11":"tag-actualites-paris","12":"tag-basket","13":"tag-eu","14":"tag-europe","15":"tag-fr","16":"tag-france","17":"tag-news","18":"tag-news-paris","19":"tag-paris","20":"tag-paris-news","21":"tag-republique-francaise","22":"tag-sports"},"share_on_mastodon":{"url":"https:\/\/pubeurope.com\/@fr\/114633627664802826","error":""},"_links":{"self":[{"href":"https:\/\/www.europesays.com\/fr\/wp-json\/wp\/v2\/posts\/155250","targetHints":{"allow":["GET"]}}],"collection":[{"href":"https:\/\/www.europesays.com\/fr\/wp-json\/wp\/v2\/posts"}],"about":[{"href":"https:\/\/www.europesays.com\/fr\/wp-json\/wp\/v2\/types\/post"}],"author":[{"embeddable":true,"href":"https:\/\/www.europesays.com\/fr\/wp-json\/wp\/v2\/users\/2"}],"replies":[{"embeddable":true,"href":"https:\/\/www.europesays.com\/fr\/wp-json\/wp\/v2\/comments?post=155250"}],"version-history":[{"count":0,"href":"https:\/\/www.europesays.com\/fr\/wp-json\/wp\/v2\/posts\/155250\/revisions"}],"wp:featuredmedia":[{"embeddable":true,"href":"https:\/\/www.europesays.com\/fr\/wp-json\/wp\/v2\/media\/155251"}],"wp:attachment":[{"href":"https:\/\/www.europesays.com\/fr\/wp-json\/wp\/v2\/media?parent=155250"}],"wp:term":[{"taxonomy":"category","embeddable":true,"href":"https:\/\/www.europesays.com\/fr\/wp-json\/wp\/v2\/categories?post=155250"},{"taxonomy":"post_tag","embeddable":true,"href":"https:\/\/www.europesays.com\/fr\/wp-json\/wp\/v2\/tags?post=155250"}],"curies":[{"name":"wp","href":"https:\/\/api.w.org\/{rel}","templated":true}]}}