{"id":155266,"date":"2025-06-06T00:46:09","date_gmt":"2025-06-06T00:46:09","guid":{"rendered":"https:\/\/www.europesays.com\/fr\/155266\/"},"modified":"2025-06-06T00:46:09","modified_gmt":"2025-06-06T00:46:09","slug":"cest-un-general-americain-qui-commandera-les-forces-de-lotan-en-europe","status":"publish","type":"post","link":"https:\/\/www.europesays.com\/fr\/155266\/","title":{"rendered":"C\u2019est un g\u00e9n\u00e9ral am\u00e9ricain qui commandera les forces de l\u2019Otan en Europe"},"content":{"rendered":"<p><a href=\"https:\/\/www.20minutes.fr\/dossier\/washington\" target=\"_blank\" class=\"color-ultramarine c-link\" rel=\"noopener\">Washington<\/a> a confi\u00e9 \u00e0 nouveau le commandement militaire de l\u2019<a href=\"https:\/\/www.20minutes.fr\/monde\/otan\/\" target=\"_blank\" class=\"color-ultramarine c-link\" rel=\"noopener\">Otan<\/a> en Europe \u00e0 l\u2019un de ses g\u00e9n\u00e9raux, malgr\u00e9 les doutes suscit\u00e9s par les positions de Donald Trump \u00e0 la Maison-Blanche. Le g\u00e9n\u00e9ral Alexus G. Grynkewich, 53 ans, a \u00e9t\u00e9 nomm\u00e9 jeudi nouveau commandant supr\u00eame des forces alli\u00e9es en <a href=\"https:\/\/www.20minutes.fr\/dossier\/europe\" target=\"_blank\" class=\"color-ultramarine c-link\" rel=\"noopener\">Europe<\/a>. Cet ancien pilote de chasse, aussi d\u00e9sign\u00e9 \u00e0 la t\u00eate des forces am\u00e9ricaines sur le continent, succ\u00e8de au g\u00e9n\u00e9ral Christopher G. Cavoli, en poste depuis juillet\u00a02022.<\/p>\n<p>Depuis la cr\u00e9ation de l\u2019Otan en\u00a01949, ce poste strat\u00e9gique a toujours \u00e9t\u00e9 occup\u00e9 par un Am\u00e9ricain. Mais le retour de <a href=\"https:\/\/www.20minutes.fr\/dossier\/donald_trump\" target=\"_blank\" class=\"color-ultramarine c-link\" rel=\"noopener\">Donald Trump<\/a> \u00e0 la pr\u00e9sidence a raviv\u00e9 les inqui\u00e9tudes quant \u00e0 un possible d\u00e9sengagement des <a href=\"https:\/\/www.20minutes.fr\/monde\/etats-unis\/\" target=\"_blank\" class=\"color-ultramarine c-link\" rel=\"noopener\">Etats-Unis<\/a>.<\/p>\n<\/p>\n<p>\u00ab\u00a0Les Etats-Unis restent pleinement engag\u00e9s\u00a0\u00bb<\/p>\n<p>Pr\u00e9sent \u00e0 <a href=\"https:\/\/www.20minutes.fr\/dossier\/bruxelles\" target=\"_blank\" class=\"color-ultramarine c-link\" rel=\"noopener\">Bruxelles<\/a> pour officialiser la nomination, le secr\u00e9taire am\u00e9ricain \u00e0 la D\u00e9fense, <a href=\"https:\/\/www.20minutes.fr\/politique\/pete-hegseth\/\" target=\"_blank\" class=\"color-ultramarine c-link\" rel=\"noopener\">Pete Hegseth<\/a>, a tenu \u00e0 rassurer\u00a0: \u00ab\u00a0Les Etats-Unis restent pleinement engag\u00e9s dans l\u2019Alliance atlantique.\u00a0\u00bb Il a toutefois averti les Europ\u00e9ens qu\u2019ils devaient \u00ab\u00a0d\u00e9penser plus pour assurer leur propre d\u00e9fense\u00a0\u00bb et sortir de leur \u00ab\u00a0d\u00e9pendance\u00a0\u00bb envers Washington.<\/p>\n<p><a href=\"https:\/\/www.20minutes.fr\/monde\/otan\/\" target=\"_blank\" class=\"c-link c-btn c-btn--primary\" rel=\"noopener\">Nos articles sur l&rsquo;Otan<\/a><\/p>\n<p>Cette transition au sommet intervient alors que l\u2019Europe reste sous tension depuis l\u2019invasion russe de l\u2019Ukraine en f\u00e9vrier\u00a02022, et \u00e0 l\u2019approche du 75e anniversaire de l\u2019Otan.<\/p>\n","protected":false},"excerpt":{"rendered":"Washington a confi\u00e9 \u00e0 nouveau le commandement militaire de l\u2019Otan en Europe \u00e0 l\u2019un de ses g\u00e9n\u00e9raux, malgr\u00e9&hellip;\n","protected":false},"author":2,"featured_media":155267,"comment_status":"","ping_status":"","sticky":false,"template":"","format":"standard","meta":{"footnotes":""},"categories":[1586],"tags":[47,11,2360,75,73,1777,674,1011,27,74,12,136,1066,25],"class_list":{"0":"post-155266","1":"post","2":"type-post","3":"status-publish","4":"format-standard","5":"has-post-thumbnail","7":"category-europe","8":"tag-actualite","9":"tag-actualites","10":"tag-bruxelles","11":"tag-donald-trump","12":"tag-etats-unis","13":"tag-eu","14":"tag-europe","15":"tag-fr","16":"tag-france","17":"tag-monde","18":"tag-news","19":"tag-otan","20":"tag-pete-hegseth","21":"tag-republique-francaise"},"share_on_mastodon":{"url":"https:\/\/pubeurope.com\/@fr\/114633663024663548","error":""},"_links":{"self":[{"href":"https:\/\/www.europesays.com\/fr\/wp-json\/wp\/v2\/posts\/155266","targetHints":{"allow":["GET"]}}],"collection":[{"href":"https:\/\/www.europesays.com\/fr\/wp-json\/wp\/v2\/posts"}],"about":[{"href":"https:\/\/www.europesays.com\/fr\/wp-json\/wp\/v2\/types\/post"}],"author":[{"embeddable":true,"href":"https:\/\/www.europesays.com\/fr\/wp-json\/wp\/v2\/users\/2"}],"replies":[{"embeddable":true,"href":"https:\/\/www.europesays.com\/fr\/wp-json\/wp\/v2\/comments?post=155266"}],"version-history":[{"count":0,"href":"https:\/\/www.europesays.com\/fr\/wp-json\/wp\/v2\/posts\/155266\/revisions"}],"wp:featuredmedia":[{"embeddable":true,"href":"https:\/\/www.europesays.com\/fr\/wp-json\/wp\/v2\/media\/155267"}],"wp:attachment":[{"href":"https:\/\/www.europesays.com\/fr\/wp-json\/wp\/v2\/media?parent=155266"}],"wp:term":[{"taxonomy":"category","embeddable":true,"href":"https:\/\/www.europesays.com\/fr\/wp-json\/wp\/v2\/categories?post=155266"},{"taxonomy":"post_tag","embeddable":true,"href":"https:\/\/www.europesays.com\/fr\/wp-json\/wp\/v2\/tags?post=155266"}],"curies":[{"name":"wp","href":"https:\/\/api.w.org\/{rel}","templated":true}]}}