{"id":155280,"date":"2025-06-06T00:56:12","date_gmt":"2025-06-06T00:56:12","guid":{"rendered":"https:\/\/www.europesays.com\/fr\/155280\/"},"modified":"2025-06-06T00:56:12","modified_gmt":"2025-06-06T00:56:12","slug":"marquez-ultra-favori-mais-hante-par-les-erreurs-daustin-et-de-jerez","status":"publish","type":"post","link":"https:\/\/www.europesays.com\/fr\/155280\/","title":{"rendered":"M\u00e1rquez ultra favori mais hant\u00e9 par les erreurs d&rsquo;Austin et de Jerez"},"content":{"rendered":"<p>Rarement <a href=\"https:\/\/fr.motorsport.com\/driver\/marc-marquez\/92646\/\" target=\"_blank\" rel=\"noopener\">Marc M\u00e1rquez<\/a> arrivera autant favori sur un circuit que ce week-end. L&rsquo;Espagnol retrouve le MotorLand Arag\u00f3n, sur lequel il a \u00e9cras\u00e9 la concurrence l&rsquo;an dernier. Sur un circuit qui venait d&rsquo;\u00eatre resurfac\u00e9 et offrait peu d&rsquo;adh\u00e9rence, il avait coll\u00e9 0&Prime;840 \u00e0 son premier poursuivant en qualifications, 2&Prime;941 lors du sprint et 4&Prime;789 en course principale.<\/p>\n<p>L&rsquo;\u00e9t\u00e9 dernier, l&rsquo;Espagnol s&rsquo;offrait ainsi ses premiers succ\u00e8s avec Ducati, dont il repr\u00e9sente d\u00e9sormais l&rsquo;\u00e9quipe officielle et avec qui il m\u00e8ne le championnat. De quoi en faire le pilote le plus redout\u00e9 de la grille, mais pas forc\u00e9ment le plus confiant, car M\u00e1rquez n&rsquo;oublie pas ses r\u00e9cents \u00e9checs.<\/p>\n<p>D\u00e9j\u00e0 \u00e0 Austin, circuit o\u00f9 il a empil\u00e9 sept victoires en MotoGP, il avait l&rsquo;\u00e9tiquette du favori mais se montrait prudent. \u00ab\u00a0J&rsquo;essaie toujours de penser n\u00e9gativement pour \u00e9viter les probl\u00e8mes, ou un exc\u00e8s de confiance\u00a0\u00bb, <a href=\"https:\/\/fr.motorsport.com\/motogp\/news\/marquez-favori-eviter-exces-confiance\/10707639\/\" target=\"_blank\" rel=\"noopener\">pr\u00e9venait-il le jeudi<\/a>, avec clairvoyance puisque le dimanche, il s&rsquo;\u00e9tait \u00e9chapp\u00e9 <a href=\"https:\/\/fr.motorsport.com\/motogp\/news\/marquez-tombe-moment-plus-facile-austin\/10708420\/\" target=\"_blank\" rel=\"noopener\">avant de chuter<\/a>. Rebelotte \u00e0 Jerez, o\u00f9 il \u00e9tait favori apr\u00e8s avoir remport\u00e9 le sprint. \u00ab\u00a0On est en MotoGP, je suis humain, comme on l&rsquo;a vu \u00e0 Austin et tout le monde peut faire des erreurs\u00a0\u00bb, <a href=\"https:\/\/fr.motorsport.com\/motogp\/news\/marc-marquez-pas-invincible-humain\/10717170\/\" target=\"_blank\" rel=\"noopener\">insistait-il alors<\/a>, l\u00e0 encore en visant juste puisqu&rsquo;il \u00e9tait\u00a0<a href=\"https:\/\/fr.motorsport.com\/motogp\/news\/marc-marquez-chute-relativiser-desastre\/10717418\/\" target=\"_blank\" rel=\"noopener\">tomb\u00e9 le lendemain<\/a>. \u00c0 Silverstone, il est encore tomb\u00e9 mais a pu repartir gr\u00e2ce au drapeau rouge.<\/p>\n<p>C&rsquo;est donc sur la pointe des pieds que M\u00e1rquez aborde le GP d&rsquo;Arag\u00f3n, avec la crainte d&rsquo;une nouvelle erreur. \u00ab\u00a0\u00c9videmment, c&rsquo;est mon point faible en ce moment\u00a0\u00bb, a reconnu le pilote Ducati en conf\u00e9rence de presse. \u00ab\u00a0On travaille dessus. Je vais commencer \u00e0 g\u00e9rer \u00e7a diff\u00e9remment.\u00a0\u00bb<\/p>\n<p>Comment\u00a0? M\u00e1rquez a d&rsquo;abord refus\u00e9 de livrer ses secrets, avant de simplement exprimer son d\u00e9sir d&rsquo;\u00e9viter une nouvelle b\u00e9vue\u00a0: \u00ab\u00a0Je vais essayer. La th\u00e9orie est une chose. Apr\u00e8s, en course c&rsquo;est autre chose. On ne veut jamais faire d&rsquo;erreur. Toutes les erreurs sont arriv\u00e9es le dimanche et c&rsquo;est notre point faible. Il faut y rem\u00e9dier si on veut se battre pour le championnat. Le dernier dimanche, on a \u00e9t\u00e9 super chanceux. On a fini troisi\u00e8mes mais il y a encore eu une erreur donc on verra si on peut y rem\u00e9dier pour l&rsquo;avenir.\u00a0\u00bb<\/p>\n<p>   <img decoding=\"async\" draggable=\"false\" src=\"https:\/\/www.europesays.com\/fr\/wp-content\/uploads\/2025\/06\/1749171371_402_marc-marquez-ducati-team.jpg\" alt=\"Marc Marquez, Ducati Team&#10;\" width=\"1200\" height=\"800\" loading=\"lazy\"\/> <\/p>\n<p class=\"title\">Marc M\u00e1rquez<\/p>\n<p class=\"photographer\">Photo de: Ducati Corse<\/p>\n<p>\u00ab\u00a0Je pense au Texas et \u00e0 Jerez, plus qu&rsquo;\u00e0 la Tha\u00eflande ou l&rsquo;Argentine\u00a0\u00bb, a insist\u00e9 un M\u00e1rquez radical dans son approche\u00a0: \u00ab\u00a0J&rsquo;essaie toujours de me concentrer sur mes erreurs et d&rsquo;\u00e9viter de les reproduire. Il faut rester concentr\u00e9.\u00a0\u00bb<\/p>\n<p>Pour autant, M\u00e1rquez ne pense pas avoir un probl\u00e8me de concentration et ne dirait donc pas non \u00e0 un cavalier seul similaire \u00e0 celui de 2024\u00a0: \u00ab\u00a0L&rsquo;an dernier, c&rsquo;\u00e9tait un bon week-end, une bonne course, tranquille. Je pr\u00e9f\u00e8re une course tranquille. La concentration est toujours l\u00e0. C&rsquo;est juste une question de petites choses, de petits d\u00e9tails que j&rsquo;essaie de contr\u00f4ler.\u00a0\u00bb<\/p>\n<blockquote>\n<p>Je m&rsquo;attends \u00e0 ce que ce soit un week-end avec beaucoup plus de vitesse que l&rsquo;an dernier parce qu&rsquo;il y aura beaucoup plus de gomme en piste. Tout sera plus compliqu\u00e9.<\/p>\n<\/blockquote>\n<p>Un tel sc\u00e9nario appara\u00eet cependant moins probable aux yeux de M\u00e1rquez. En 2024, il avait fait des merveilles sur un circuit tr\u00e8s glissant mais il s&rsquo;attend \u00e0 des conditions diff\u00e9rentes cette ann\u00e9e, susceptibles d&rsquo;effacer son avantage, tout en affichant son ambition.<\/p>\n<p>\u00ab\u00a0C&rsquo;est difficile, surtout parce que l&rsquo;an dernier, j&rsquo;ai trouv\u00e9 &lsquo;mes&rsquo; conditions. Il avait plu un peu toutes les nuits, il y avait de la boue sur la piste et c&rsquo;\u00e9tait glissant. C&rsquo;est l\u00e0 que je suis le meilleur. Quand on est arriv\u00e9s \u00e0 Silverstone, je disais &lsquo;Ici, on va essayer de d\u00e9fendre&rsquo;. [&#8230;] Ici, c&rsquo;est un circuit o\u00f9 j&rsquo;ai gagn\u00e9 beaucoup de courses, je me sens bien, je suis \u00e0 l&rsquo;aise donc on essaiera de se battre pour la victoire.\u00a0\u00bb<\/p>\n<p>\u00ab\u00a0Les sensations maintenant sont meilleures qu&rsquo;\u00e0 Silverstone\u00a0\u00bb, a-t-il pr\u00e9cis\u00e9, fort de ses six victoires au GP d&rsquo;Arag\u00f3n&#8230; avant de nuancer cet optimisme\u00a0: \u00ab\u00a0C&rsquo;est un circuit o\u00f9 j&rsquo;ai beaucoup gagn\u00e9 par le pass\u00e9 mais dans les derniers r\u00e9sultats, Silverstone a \u00e9t\u00e9 meilleur qu&rsquo;Austin. Je dois travailler et \u00eatre pleinement concentr\u00e9, surtout pour comprendre le niveau de mes concurrents pendant le week-end. Je m&rsquo;attends \u00e0 ce que ce soit un week-end avec beaucoup plus de vitesse que l&rsquo;an dernier parce qu&rsquo;il y aura beaucoup plus de gomme en piste. Tout sera plus compliqu\u00e9.\u00a0\u00bb<\/p>\n<p>\u00c1lex M\u00e1rquez voit son fr\u00e8re dans \u00ab\u00a0son jardin\u00a0\u00bb<\/p>\n<p>Malgr\u00e9 cette prudence, <a href=\"https:\/\/fr.motorsport.com\/driver\/alex-marquez\/96324\/\" target=\"_blank\" rel=\"noopener\">\u00c1lex M\u00e1rquez<\/a>, son premier rival au championnat, se fait peu d&rsquo;illusions. Pour lui, son a\u00een\u00e9 sera le grand favori ce week-end. \u00ab\u00a0Il attaque plus que nous !\u00a0\u00bb, a r\u00e9sum\u00e9 le pilote Gresini. \u00ab\u00a0On est \u00e0 100% mais il est \u00e0 101%, vous voyez, \u00e0 la limite partout. Ici, peut-\u00eatre qu&rsquo;attaquer \u00e0 la limite ne suffira m\u00eame pas \u00e0 battre Marc ! C&rsquo;est comme \u00e7a.\u00a0\u00bb<\/p>\n<p>\u00ab\u00a0C&rsquo;est l&rsquo;un de ses jardins. Mais on a vu pas mal d&rsquo;action ici par le pass\u00e9, avec des erreurs de sa part. Ce n&rsquo;est pas une piste facile pour \u00e9viter les erreurs. Mais j&rsquo;ai la m\u00eame mentalit\u00e9 que tous les week-ends : \u00eatre aussi performant que possible, essayer de tirer 100% du potentiel et de prendre autant de points que possible. C&rsquo;est l&rsquo;objectif.\u00a0\u00bb<\/p>\n<p>   <img decoding=\"async\" draggable=\"false\" src=\"https:\/\/www.europesays.com\/fr\/wp-content\/uploads\/2025\/06\/alex-marquez-gresini-racing-ma.jpg\" alt=\"Alex Marquez, Gresini Racing, Marc Marquez, Ducati Team\" width=\"1200\" height=\"800\" loading=\"lazy\"\/> <\/p>\n<p class=\"title\">Marc et \u00c1lex M\u00e1rquez<\/p>\n<p class=\"photographer\">Photo de: Gold and Goose Photography \/ LAT Images \/ via Getty Images<\/p>\n<p>Le clan Gresini, rest\u00e9 proche de Marc M\u00e1rquez, a cherch\u00e9 \u00e0 lui coller l&rsquo;\u00e9tiquette de favori et l&rsquo;int\u00e9ress\u00e9 a pr\u00e9f\u00e9r\u00e9 s&rsquo;en amuser en rappelant les points pris \u00e0 \u00c1lex M\u00e1rquez \u00e0 Silverstone.\u00a0\u00ab\u00a0Hier soir, j&rsquo;\u00e9tais dans son hospitalit\u00e9 et ils m&rsquo;ont mis un peu de pression\u00a0\u00bb, a confi\u00e9 Marc M\u00e1rquez. \u00ab\u00a0Mais j&rsquo;ai r\u00e9pondu tr\u00e8s vite, j&rsquo;ai dit &lsquo;J&rsquo;ai d\u00e9j\u00e0 pris plus de points que toi dans ton jardin, donc on verra ici\u00a0! Son jardin, c&rsquo;\u00e9tait le week-end dernier \u00e0 Silverstone. Ils plaisantent toujours mais ils sont super rapides en ce moment, ils sont les principaux concurrents pour le championnat, parce qu&rsquo;il est super constant et super rapide.\u00a0\u00bb<\/p>\n<p>Ce week-end, la m\u00e8re des deux pilotes sera pr\u00e9sente, avec un choix \u00e0 faire dans le garage qu&rsquo;elle occupera. \u00c1lex M\u00e1rquez est certain d&rsquo;avoir son soutien\u00a0: \u00ab\u00a0Elle m&rsquo;a dit &lsquo;Je lui ai menti, ne t&rsquo;inqui\u00e8te pas&rsquo;.\u00a0\u00bb<\/p>\n<p>\u00ab\u00a0Elle dit qu&rsquo;elle se sent mieux chez Gresini parce qu&rsquo;elle les conna\u00eet&#8230;\u00a0\u00bb a relativis\u00e9 Marc M\u00e1rquez avec second degr\u00e9\u00a0: \u00ab\u00a0Blague \u00e0 part, je m&rsquo;en fiche. Je veux le meilleur pour mon fr\u00e8re, il veut le meilleur pour moi. On est tr\u00e8s heureux.\u00a0\u00bb<\/p>\n<p>\u00ab\u00a0On vit un moment incroyable\u00a0\u00bb, a-t-il rappel\u00e9. \u00ab\u00a0On est tr\u00e8s heureux, la famille de mon p\u00e8re et de ma m\u00e8re nous soutiennent tous les deux. La famille, les amis, ils veulent le meilleur pour nous. Il faut profiter du moment parce que je pense que c&rsquo;est super difficile, presque impossible, de vivre un meilleur moment en menant le championnat aux deux premi\u00e8res places apr\u00e8s sept courses.\u00a0\u00bb<\/p>\n<p>Lire aussi :<\/p>\n<p>Dans cet article<\/p>\n<p>    Vincent Lalanne-Sicaud\n<\/p>\n<p>    MotoGP\n<\/p>\n<p>    Marc M\u00e1rquez\n<\/p>\n<p>    Ducati Team\n<\/p>\n<p>Soyez le premier inform\u00e9 et souscrivez aux alertes mails pour recevoir les infos en temps r\u00e9el<\/p>\n<p>    S&rsquo;abonner aux alertes de news<\/p>\n","protected":false},"excerpt":{"rendered":"Rarement Marc M\u00e1rquez arrivera autant favori sur un circuit que ce week-end. L&rsquo;Espagnol retrouve le MotorLand Arag\u00f3n, sur&hellip;\n","protected":false},"author":2,"featured_media":155281,"comment_status":"","ping_status":"","sticky":false,"template":"","format":"standard","meta":{"footnotes":""},"categories":[1413],"tags":[4950,1011,27,26452,5038,1457,1456,1458,26453,60],"class_list":{"0":"post-155280","1":"post","2":"type-post","3":"status-publish","4":"format-standard","5":"has-post-thumbnail","7":"category-moto","8":"tag-ducati-team","9":"tag-fr","10":"tag-france","11":"tag-gp-daragu00f3n","12":"tag-marc-mu00e1rquez","13":"tag-moto","14":"tag-motocycle","15":"tag-motogp","16":"tag-motorland-aragu00f3n","17":"tag-sports"},"share_on_mastodon":{"url":"https:\/\/pubeurope.com\/@fr\/114633702429024335","error":""},"_links":{"self":[{"href":"https:\/\/www.europesays.com\/fr\/wp-json\/wp\/v2\/posts\/155280","targetHints":{"allow":["GET"]}}],"collection":[{"href":"https:\/\/www.europesays.com\/fr\/wp-json\/wp\/v2\/posts"}],"about":[{"href":"https:\/\/www.europesays.com\/fr\/wp-json\/wp\/v2\/types\/post"}],"author":[{"embeddable":true,"href":"https:\/\/www.europesays.com\/fr\/wp-json\/wp\/v2\/users\/2"}],"replies":[{"embeddable":true,"href":"https:\/\/www.europesays.com\/fr\/wp-json\/wp\/v2\/comments?post=155280"}],"version-history":[{"count":0,"href":"https:\/\/www.europesays.com\/fr\/wp-json\/wp\/v2\/posts\/155280\/revisions"}],"wp:featuredmedia":[{"embeddable":true,"href":"https:\/\/www.europesays.com\/fr\/wp-json\/wp\/v2\/media\/155281"}],"wp:attachment":[{"href":"https:\/\/www.europesays.com\/fr\/wp-json\/wp\/v2\/media?parent=155280"}],"wp:term":[{"taxonomy":"category","embeddable":true,"href":"https:\/\/www.europesays.com\/fr\/wp-json\/wp\/v2\/categories?post=155280"},{"taxonomy":"post_tag","embeddable":true,"href":"https:\/\/www.europesays.com\/fr\/wp-json\/wp\/v2\/tags?post=155280"}],"curies":[{"name":"wp","href":"https:\/\/api.w.org\/{rel}","templated":true}]}}