{"id":155298,"date":"2025-06-06T01:06:12","date_gmt":"2025-06-06T01:06:12","guid":{"rendered":"https:\/\/www.europesays.com\/fr\/155298\/"},"modified":"2025-06-06T01:06:12","modified_gmt":"2025-06-06T01:06:12","slug":"quel-est-ce-champignon-invisible-qui-menace-de-nous-devorer-de-linterieur-lexpansion-silencieuse-de-laspergillus","status":"publish","type":"post","link":"https:\/\/www.europesays.com\/fr\/155298\/","title":{"rendered":"Quel est ce champignon invisible qui menace de nous d\u00e9vorer de l\u2019int\u00e9rieur : l\u2019expansion silencieuse de l\u2019Aspergillus"},"content":{"rendered":"<p> <img decoding=\"async\" fetchpriority=\"high\" src=\"https:\/\/www.europesays.com\/fr\/wp-content\/uploads\/2025\/06\/el-hongo-invisible-que-amenaza-con-devorarnos-desde-dentro-la-expansion-silenciosa-del-aspergillus-1.jpeg\"  width=\"768\" height=\"432\" alt=\"Aspergillus\" title=\"Aspergillus\" data-image=\"g3wg0vs1qebe\"\/>L&rsquo;aspergillus est un champignon qui vit parmi nous au quotidien. L&rsquo;augmentation des temp\u00e9ratures pourrait modifier l&rsquo;\u00e9quilibre subtil entre sant\u00e9 et maladie.   <img decoding=\"async\" fetchpriority=\"high\" src=\"https:\/\/www.europesays.com\/fr\/wp-content\/uploads\/2025\/06\/enzo-campetella.jpg\" alt=\"Enzo Campetella\" width=\"40\" height=\"40\"\/>    <a class=\"nombre text-hv\" href=\"https:\/\/www.tameteo.com\/auteur\/enzo-campetella\/\" title=\"Enzo Campetella\" target=\"_blank\" rel=\"noopener\">Enzo Campetella<\/a> Meteored Argentine         05\/06\/2025 10:00   6 min   <\/p>\n<p>C&rsquo;est le champignon que nous respirons tous, mais qui peut tuer les plus vuln\u00e9rables.<strong> L&rsquo;Aspergillus est un genre de champignon omnipr\u00e9sent, pr\u00e9sent dans le sol, la poussi\u00e8re, la mati\u00e8re organique en d\u00e9composition et m\u00eame dans les environnements int\u00e9rieurs tels que les maisons et les h\u00f4pitaux.<\/strong> Bien que la plupart des gens inhalent leurs spores quotidiennement sans cons\u00e9quence, chez les personnes immunod\u00e9prim\u00e9es ou celles qui ont d\u00e9j\u00e0 souffert d&rsquo;une maladie pulmonaire, <strong>ces spores peuvent d\u00e9clencher des infections graves, telles que l&rsquo;aspergillose invasive, qui peut \u00eatre fatale si elle n&rsquo;est pas trait\u00e9e \u00e0 temps.<\/strong><\/p>\n<p><strong>Bien que nous inhalions tous quotidiennement des spores d&rsquo;Aspergillus, les souches r\u00e9sistantes et le changement climatique transforment ce contact quotidien en une menace potentiellement mortelle pour des millions de personnes dans le monde.<\/strong><\/p>\n<p>L&rsquo;aspergillose se manifeste sous diff\u00e9rentes formes, des r\u00e9actions allergiques aux infections pulmonaires chroniques. Cependant, <strong>la forme la plus grave est l&rsquo;aspergillose invasive, o\u00f9 le champignon p\u00e9n\u00e8tre dans les vaisseaux sanguins et se propage \u00e0 d&rsquo;autres organes, <\/strong>provoquant de la fi\u00e8vre, des douleurs thoraciques, des crachats de sang et un essoufflement.<\/p>\n<p>R\u00e9cemment, des \u00e9pid\u00e9mies ont \u00e9t\u00e9 signal\u00e9es dans des h\u00f4pitaux \u00e0 la suite de travaux de r\u00e9novation qui ont lib\u00e9r\u00e9 des spores dans l&rsquo;air, affectant les patients des unit\u00e9s de soins intensifs.<strong> Un cas notable s&rsquo;est produit \u00e0 l&rsquo;h\u00f4pital El Pino de Santiago du Chili, o\u00f9 cinq salles de chirurgie ont \u00e9t\u00e9 ferm\u00e9es apr\u00e8s que des cas d&rsquo;aspergillose pulmonaire aient \u00e9t\u00e9 d\u00e9tect\u00e9s.<\/strong><\/p>\n<p><strong>Le changement climatique et la r\u00e9sistance aux antifongiques exacerbent la menace<\/strong><\/p>\n<p>Le r\u00e9chauffement climatique modifie la r\u00e9partition g\u00e9ographique des esp\u00e8ces d\u2019Aspergillus, comme le rapporte National Geographic. Une \u00e9tude r\u00e9cente pr\u00e9voit que, dans des sc\u00e9narios de r\u00e9chauffement s\u00e9v\u00e8re, <strong>Aspergillus fumigatus pourrait s\u2019\u00e9tendre jusqu\u2019\u00e0 77 % dans les r\u00e9gions temp\u00e9r\u00e9es, tandis que Aspergillus flavus verrait sa pr\u00e9sence augmenter de 16 %.<\/strong><\/p>\n<blockquote class=\"twitter-tweet\">\n<p lang=\"en\" dir=\"ltr\"> Killer fungus warning: Climate change is driving a surge in deadly Aspergillus across Europe.<br \/>By 2100, A. fumigatus could threaten 9M more lives. A. flavus may worsen food safety via aflatoxins.<br \/>Urgent action needed.<br \/><a href=\"https:\/\/t.co\/lap2ry0UVm\">https:\/\/t.co\/lap2ry0UVm<\/a> <a href=\"https:\/\/t.co\/PPy1DGKwrm\">pic.twitter.com\/PPy1DGKwrm<\/a><\/p>\n<p>\u2014 National Aspergillosis Centre (@MFT_NAC) <a href=\"https:\/\/twitter.com\/MFT_NAC\/status\/1923327638996713709?ref_src=twsrc%5Etfw\" target=\"_blank\" rel=\"noopener\">May 16, 2025<\/a><\/p><\/blockquote>\n<p>De plus, l\u2019usage intensif de fongicides agricoles, en particulier les azol\u00e9s, a favoris\u00e9 le d\u00e9veloppement de souches r\u00e9sistantes. <strong>Ces souches compliquent le traitement des infections, car les m\u00e9dicaments antifongiques traditionnels deviennent moins efficaces dans ce contexte. <\/strong>Cela signifie que des populations humaines jusqu\u2019ici peu expos\u00e9es pourraient, d\u2019ici quelques ann\u00e9es, faire face \u00e0 une incidence accrue d\u2019infections fongiques graves.<\/p>\n<p>La combinaison de ces facteurs cr\u00e9e un sc\u00e9nario inqui\u00e9tant, dans lequel des infections auparavant contr\u00f4lables deviennent des menaces importantes pour la sant\u00e9 publique, en particulier dans les populations vuln\u00e9rables. <strong>C&rsquo;est pourquoi l&rsquo;augmentation des temp\u00e9ratures cr\u00e9e un sc\u00e9nario complexe.<\/strong> La communaut\u00e9 scientifique appelle \u00e0 des politiques d&rsquo;utilisation responsable des fongicides, \u00e0 une surveillance active de l&rsquo;environnement et au d\u00e9veloppement urgent de nouveaux compos\u00e9s th\u00e9rapeutiques. <\/p>\n<p><strong>Se pr\u00e9parer \u00e0 une menace croissante<\/strong><\/p>\n<p>Malgr\u00e9 la menace croissante qu&rsquo;elle repr\u00e9sente, l&rsquo;aspergillose reste une maladie sous-estim\u00e9e. Le manque de sensibilisation du public et les capacit\u00e9s de diagnostic limit\u00e9es de nombreux syst\u00e8mes de sant\u00e9 emp\u00eachent une d\u00e9tection pr\u00e9coce et un traitement efficace. Dans les r\u00e9gions temp\u00e9r\u00e9es d&rsquo;Europe, d&rsquo;Am\u00e9rique du Nord et d&rsquo;Asie, <strong>le r\u00e9chauffement climatique entra\u00eene une augmentation de la pr\u00e9sence de ces champignons, qui \u00e9taient auparavant plus typiques des zones subtropicales.<\/strong> <\/p>\n<p><img loading=\"lazy\" decoding=\"async\" fetchpriority=\"low\" class=\"lazy \" src=\"https:\/\/www.europesays.com\/fr\/wp-content\/uploads\/2025\/06\/1749171971_914_el-hongo-invisible-que-amenaza-con-devorarnos-desde-dentro-la-expansion-silenciosa-del-aspergillus-1.jpeg\"  width=\"768\" height=\"432\" alt=\"R\u00e9partition g\u00e9ographique du champignon Aspergillus. Image : Research Square\" title=\"R\u00e9partition g\u00e9ographique du champignon Aspergillus. Image : Research Square\" data-image=\"ib8ua5li90az\"\/>R\u00e9partition g\u00e9ographique du champignon Aspergillus. Image : Research Square<\/p>\n<p>Il est essentiel de mettre en \u0153uvre des programmes de surveillance \u00e9pid\u00e9miologique qui contr\u00f4lent l&rsquo;incidence et la distribution des infections \u00e0 Aspergillus. <strong>En outre, des investissements dans la recherche sont n\u00e9cessaires pour d\u00e9velopper de nouveaux m\u00e9dicaments antifongiques et des strat\u00e9gies de traitement pour lutter contre les souches r\u00e9sistantes. <\/strong>Lorsque ces souches entrent en contact avec des personnes vuln\u00e9rables, telles que les patients atteints de cancer, les greff\u00e9s ou les personnes souffrant d&rsquo;une maladie pulmonaire chronique, les traitements standard peuvent s&rsquo;av\u00e9rer inefficaces. Dans certains cas, m\u00eame les antifongiques de derni\u00e8re ligne deviennent inefficaces.<\/p>\n<p><a class=\"imagen \" href=\"https:\/\/www.tameteo.com\/actualites\/actualite\/des-experts-lancent-un-avertissement-dans-nature-la-prochaine-grande-eruption-volcanique-provoquera-un-chaos-climatique-alerte.html\" title=\"Des experts lancent un avertissement dans Nature. La prochaine grande \u00e9ruption volcanique provoquera un chaos climatique\" target=\"_blank\" rel=\"noopener\"><img loading=\"lazy\" decoding=\"async\" fetchpriority=\"low\" class=\"lazy img-body non-editable\" src=\"https:\/\/www.europesays.com\/fr\/wp-content\/uploads\/2025\/06\/unos-geografos-alertan-en-nature-la-proxima-gran-eruocion-volcanica-provocara-un-caos-climatico-y-no.jpeg\"  width=\"320\" height=\"225\" alt=\"Des experts lancent un avertissement dans Nature. La prochaine grande \u00e9ruption volcanique provoquera un chaos climatique\"\/><\/a><\/p>\n<p>L&rsquo;\u00e9ducation du public joue \u00e9galement un r\u00f4le essentiel.<strong> Informer le public des risques associ\u00e9s \u00e0 l&rsquo;exposition aux spores d&rsquo;Aspergillus, <\/strong>en particulier dans les h\u00f4pitaux et lors d&rsquo;activit\u00e9s telles que le jardinage, peut contribuer \u00e0 r\u00e9duire l&rsquo;incidence des infections. <\/p>\n<p>R\u00e9f\u00e9rence de l&rsquo;article : <\/p>\n<p>Norman van Rhijn, Christopher Uzzell, Jennifer Shelton et al. Climate change-driven geographical shifts in Aspergillus species habitat and the implications for plant and human health, 02 May 2025, <a href=\"https:\/\/doi.org\/10.21203\/rs.3.rs-6545782\/v1\" target=\"_blank\" rel=\"noopener\">https:\/\/doi.org\/10.21203\/rs.3.rs-6545782\/v1<\/a><\/p>\n<p> <script async src=\"https:\/\/platform.twitter.com\/widgets.js\" charset=\"utf-8\"><\/script><\/p>\n","protected":false},"excerpt":{"rendered":"L&rsquo;aspergillus est un champignon qui vit parmi nous au quotidien. L&rsquo;augmentation des temp\u00e9ratures pourrait modifier l&rsquo;\u00e9quilibre subtil entre&hellip;\n","protected":false},"author":2,"featured_media":155299,"comment_status":"","ping_status":"","sticky":false,"template":"","format":"standard","meta":{"footnotes":""},"categories":[10],"tags":[17160,4734,1011,27,72,5140,71],"class_list":{"0":"post-155298","1":"post","2":"type-post","3":"status-publish","4":"format-standard","5":"has-post-thumbnail","7":"category-sante","8":"tag-champignons","9":"tag-changement-climatique","10":"tag-fr","11":"tag-france","12":"tag-health","13":"tag-rechauffement-climatique","14":"tag-sante"},"share_on_mastodon":{"url":"https:\/\/pubeurope.com\/@fr\/114633741830047435","error":""},"_links":{"self":[{"href":"https:\/\/www.europesays.com\/fr\/wp-json\/wp\/v2\/posts\/155298","targetHints":{"allow":["GET"]}}],"collection":[{"href":"https:\/\/www.europesays.com\/fr\/wp-json\/wp\/v2\/posts"}],"about":[{"href":"https:\/\/www.europesays.com\/fr\/wp-json\/wp\/v2\/types\/post"}],"author":[{"embeddable":true,"href":"https:\/\/www.europesays.com\/fr\/wp-json\/wp\/v2\/users\/2"}],"replies":[{"embeddable":true,"href":"https:\/\/www.europesays.com\/fr\/wp-json\/wp\/v2\/comments?post=155298"}],"version-history":[{"count":0,"href":"https:\/\/www.europesays.com\/fr\/wp-json\/wp\/v2\/posts\/155298\/revisions"}],"wp:featuredmedia":[{"embeddable":true,"href":"https:\/\/www.europesays.com\/fr\/wp-json\/wp\/v2\/media\/155299"}],"wp:attachment":[{"href":"https:\/\/www.europesays.com\/fr\/wp-json\/wp\/v2\/media?parent=155298"}],"wp:term":[{"taxonomy":"category","embeddable":true,"href":"https:\/\/www.europesays.com\/fr\/wp-json\/wp\/v2\/categories?post=155298"},{"taxonomy":"post_tag","embeddable":true,"href":"https:\/\/www.europesays.com\/fr\/wp-json\/wp\/v2\/tags?post=155298"}],"curies":[{"name":"wp","href":"https:\/\/api.w.org\/{rel}","templated":true}]}}