{"id":155307,"date":"2025-06-06T01:11:10","date_gmt":"2025-06-06T01:11:10","guid":{"rendered":"https:\/\/www.europesays.com\/fr\/155307\/"},"modified":"2025-06-06T01:11:10","modified_gmt":"2025-06-06T01:11:10","slug":"les-lecons-terribles-du-conflit","status":"publish","type":"post","link":"https:\/\/www.europesays.com\/fr\/155307\/","title":{"rendered":"les le\u00e7ons terribles du conflit"},"content":{"rendered":"<p><strong>D\u00c9CRYPTAGE &#8211;<\/strong> Tout en soutenant Kiev contre l\u2019agression russe, les \u00e9tats-majors s\u2019interrogent sur les tabous remis en cause par cette guerre.<\/p>\n<p class=\"fig-paragraph\">L\u2019op\u00e9ration\u00a0<a href=\"http:\/\/www.lefigaro.fr\/international\/la-russie-a-pris-des-gifles-face-aux-offensives-conventionnelles-de-moscou-la-guerre-asymetrique-de-l-ukraine-20250603\" data-fig-type=\"Article\" data-gtm-custom-categorie=\"navigation\" data-gtm-custom-action=\"crossclick\" data-gtm-custom-label=\"Contextuel\" data-gtm-event=\"customEventSPE\" data-fig-domain=\"LEFIGARO\" rel=\"nofollow noopener\" target=\"_blank\">Spiderweb\u00a0<\/a>aura des cons\u00e9quences. Selon le pr\u00e9sident am\u00e9ricain, Donald Trump, qui s\u2019est fait, mercredi, une fois de plus le porte-parole de Vladimir Poutine, il n\u2019y aura \u00ab\u00a0<a href=\"http:\/\/www.lefigaro.fr\/flash-actu\/apres-un-echange-avec-poutine-donald-trump-previent-qu-il-n-y-aura-pas-de-paix-immediate-en-ukraine-20250604\" data-fig-type=\"NewsFlash\" data-gtm-custom-categorie=\"navigation\" data-gtm-custom-action=\"crossclick\" data-gtm-custom-label=\"Contextuel\" data-gtm-event=\"customEventSPE\" data-fig-domain=\"LEFIGARO\" rel=\"nofollow noopener\" target=\"_blank\">pas de paix imm\u00e9diate<\/a> \u00a0\u00bb entre la Russie et l\u2019Ukraine. Le pr\u00e9sident russe \u00ab\u00a0a dit, tr\u00e8s fermement, qu\u2019il allait devoir riposter aux r\u00e9centes attaques\u00a0\u00bb, a comment\u00e9 le milliardaire sur son r\u00e9seau social. Croit-il vraiment \u00e0 la volont\u00e9 de n\u00e9gociation du Kremlin\u00a0? En dehors de la Maison-Blanche, la plupart des Occidentaux doutent de la volont\u00e9 de Vladimir Poutine d\u2019arr\u00eater sa guerre. \u00ab\u00a0Rien n\u2019indique que Moscou veuille n\u00e9gocier de bonne foi\u00a0\u00bb, assure un responsable de l\u2019Otan. Quoi qu\u2019il en soit, Spiderweb donne un pr\u00e9texte pour une riposte. La Russie choisira \u00ab\u00a0quand et comment\u00a0\u00bb, a d\u00e9clar\u00e9 le porte-parole du Kremlin. En novembre 2024, la Russie avait bris\u00e9 un tabou, en tirant un missile balistique \u00e0 port\u00e9e interm\u00e9diaire\u00a0<a href=\"http:\/\/www.lefigaro.fr\/international\/apres-le-tir-de-missile-orechnik-l-occident-s-interroge-sur-le-seuil-nucleaire-20241122\" data-fig-type=\"Article\" data-gtm-custom-categorie=\"navigation\" data-gtm-custom-action=\"crossclick\" data-gtm-custom-label=\"Contextuel\" data-gtm-event=\"customEventSPE\" data-fig-domain=\"LEFIGARO\" rel=\"nofollow noopener\" target=\"_blank\">Orechnik<\/a>, comme s\u2019il s\u2019agissait de repr\u00e9sailles \u00e0 l\u2019autorisation\u2026<\/p>\n<p class=\"fig-premium-paywall__infos\">\n        Cet article est r\u00e9serv\u00e9 aux abonn\u00e9s.        Il vous reste 83% \u00e0 d\u00e9couvrir.\n    <\/p>\n<p>                <img  data- alt=\"Le Figaro\" class=\"fig-img--complete fig-img\"\/><\/p>\n<p class=\"fig-premium-paywall__title\">Vente Flash<\/p>\n<p class=\"fig-premium-paywall__subtitle\">3,99\u20ac par mois pendant 12 mois. Sans engagement.<\/p>\n<p class=\"fig-premium-paywall__connect\">\n                D\u00e9j\u00e0 abonn\u00e9\u00a0?                <a class=\"fig-premium-paywall__connect-link\" href=\"https:\/\/connect.lefigaro.fr\/login?client=horizon_web&amp;type=main&amp;redirect_uri=https%3A%2F%2Fwww.lefigaro.fr%2Finternational%2Fles-lecons-terribles-de-ce-conflit-russo-urkainien-20250605\" data-js-gtm=\"{&quot;customCategorie&quot;: &quot;conversion&quot;, &quot;customAction&quot;: &quot;before_Landing_Connexion_paywall_auto&quot;, &quot;customLabel&quot;: &quot;bGVmaWdhcm8uZnJfXzFmMDQyMjMwLTQ1NGEtNjY3Mi1hNzJmLTk3MTJmNDVhNTBlNV9fQXJ0aWNsZQ==_Guerre en Ukraine\u00a0: les le\u00e7ons terribles du conflit_1000&quot;, &quot;customIDSPE&quot;: &quot;bGVmaWdhcm8uZnJfXzFmMDQyMjMwLTQ1NGEtNjY3Mi1hNzJmLTk3MTJmNDVhNTBlNV9fQXJ0aWNsZQ==&quot;, &quot;event&quot;: &quot;customEventSPE&quot;}\" rel=\"nofollow noopener\" target=\"_blank\"><br \/>\n                    Connectez-vous<br \/>\n                <\/a>\n            <\/p>\n","protected":false},"excerpt":{"rendered":"D\u00c9CRYPTAGE &#8211; Tout en soutenant Kiev contre l\u2019agression russe, les \u00e9tats-majors s\u2019interrogent sur les tabous remis en cause&hellip;\n","protected":false},"author":2,"featured_media":155308,"comment_status":"","ping_status":"","sticky":false,"template":"","format":"standard","meta":{"footnotes":""},"categories":[5],"tags":[259,11,260,1011,27,14,261,12,262,220,28],"class_list":{"0":"post-155307","1":"post","2":"type-post","3":"status-publish","4":"format-standard","5":"has-post-thumbnail","7":"category-international","8":"tag-actualite-internationale","9":"tag-actualites","10":"tag-affaires-etrangeres","11":"tag-fr","12":"tag-france","13":"tag-international","14":"tag-ministere-des-affaires-etrangeres","15":"tag-news","16":"tag-politique-etrangere","17":"tag-ukraine","18":"tag-world"},"share_on_mastodon":{"url":"https:\/\/pubeurope.com\/@fr\/114633761346346444","error":""},"_links":{"self":[{"href":"https:\/\/www.europesays.com\/fr\/wp-json\/wp\/v2\/posts\/155307","targetHints":{"allow":["GET"]}}],"collection":[{"href":"https:\/\/www.europesays.com\/fr\/wp-json\/wp\/v2\/posts"}],"about":[{"href":"https:\/\/www.europesays.com\/fr\/wp-json\/wp\/v2\/types\/post"}],"author":[{"embeddable":true,"href":"https:\/\/www.europesays.com\/fr\/wp-json\/wp\/v2\/users\/2"}],"replies":[{"embeddable":true,"href":"https:\/\/www.europesays.com\/fr\/wp-json\/wp\/v2\/comments?post=155307"}],"version-history":[{"count":0,"href":"https:\/\/www.europesays.com\/fr\/wp-json\/wp\/v2\/posts\/155307\/revisions"}],"wp:featuredmedia":[{"embeddable":true,"href":"https:\/\/www.europesays.com\/fr\/wp-json\/wp\/v2\/media\/155308"}],"wp:attachment":[{"href":"https:\/\/www.europesays.com\/fr\/wp-json\/wp\/v2\/media?parent=155307"}],"wp:term":[{"taxonomy":"category","embeddable":true,"href":"https:\/\/www.europesays.com\/fr\/wp-json\/wp\/v2\/categories?post=155307"},{"taxonomy":"post_tag","embeddable":true,"href":"https:\/\/www.europesays.com\/fr\/wp-json\/wp\/v2\/tags?post=155307"}],"curies":[{"name":"wp","href":"https:\/\/api.w.org\/{rel}","templated":true}]}}