{"id":155311,"date":"2025-06-06T01:13:17","date_gmt":"2025-06-06T01:13:17","guid":{"rendered":"https:\/\/www.europesays.com\/fr\/155311\/"},"modified":"2025-06-06T01:13:17","modified_gmt":"2025-06-06T01:13:17","slug":"lois-boisson-sincline-en-demi-finale-de-roland-garros-face-a-coco-gauff","status":"publish","type":"post","link":"https:\/\/www.europesays.com\/fr\/155311\/","title":{"rendered":"Lo\u00efs Boisson s&rsquo;incline en demi-finale de Roland-Garros face \u00e0 Coco Gauff"},"content":{"rendered":"<p>            Par<br \/>\n        <strong><br \/>\n            <a href=\"https:\/\/actu.fr\/auteur\/anne-laure-petit-henon\" title=\"Consulter tous les articles de Anne-Laure Petit-H\u00e9non\" target=\"_blank\" rel=\"noopener\">Anne-Laure Petit-H\u00e9non<\/a><br \/>\n        <\/strong><\/p>\n<p>        Publi\u00e9 le<\/p>\n<p>            5 juin 2025 \u00e0 19h04        <\/p>\n<p>Elle nous a fait r\u00eaver, elle a \u00e9limin\u00e9 <a href=\"https:\/\/actu.fr\/sports\/tennis\/roland-garros-2025-lois-boisson-cree-l-exploit-et-se-qualifie-pour-les-quarts-de-finale_62717013.html\" target=\"_blank\" rel=\"noopener\">Jessica Pegula<\/a> et <a href=\"https:\/\/actu.fr\/sports\/tennis\/incroyable-lois-boisson-se-qualifie-pour-les-demi-finales-de-roland-garros_62728170.html\" target=\"_blank\" rel=\"noopener\">Mirra Andreeva<\/a>, 3e et 6e joueuses mondiales, mais la marche \u00e9tait trop haute face \u00e0 Coco Gauff.<strong> Lo\u00efs Boisson s\u2019est inclin\u00e9e<\/strong> en demi-finale de Roland-Garros, ce jeudi 5 juin 2025, face \u00e0 la num\u00e9ro 2 mondiale (6-1, 6-2).<\/p>\n<p class=\" wall-content\">Celle-ci rejoindra <strong>Aryna Sabalenka<\/strong>, la num\u00e9ro 1 mondiale, en finale.<\/p>\n<p>Le calice jusqu\u2019\u00e0 la lie face \u00e0 Coco Gauff<\/p>\n<p class=\" wall-content\">Men\u00e9e 4 jeux \u00e0 0, Lo\u00efs Boisson a finalement r\u00e9ussi \u00e0 d\u00e9bloquer son compteur apr\u00e8s pr\u00e8s de 25\u00a0minutes de domination de l\u2019Am\u00e9ricaine. Mais la Fran\u00e7aise a eu du mal \u00e0 exister dans ce premier set et s\u2019incline 6-1, en 35\u00a0minutes.<\/p>\n<p class=\" wall-content\">Dans le deuxi\u00e8me set, Lo\u00efs Boisson gagne son service, d\u00e9marrant \u00e0 un jeu partout. La guerri\u00e8re sort de sa tani\u00e8re et rentre enfin dans son match, m\u00eame si elle garde une attitude plus nonchalante que celle qu\u2019on lui a connue.<\/p>\n<p class=\" wall-content\">Mais la couverture de terrain de Coco Gauff est stratosph\u00e9rique et la balle revient \u00e0 chaque fois, incessamment. Et rien ne marche pour Lo\u00efs Boisson qui commet de nombreuses fautes directes.<\/p>\n<p>Vid\u00e9os : en ce moment sur Actu<\/p>\n<p class=\" wall-content\">M\u00eame si elle r\u00e9ussit \u00e0 d\u00e9breaker l\u2019Am\u00e9ricaine pour remonter \u00e0 2-3, la sanction tombe et Lo\u00efs Boisson s\u2019incline en 1h09.<\/p>\n<p>Le parcours incroyable de Lo\u00efs Boisson<\/p>\n<p class=\" wall-content\"><strong>Coco Gauff<\/strong> va donc retrouver le Chatrier samedi 7 juin pour vivre sa deuxi\u00e8me finale de Roland-Garros. La premi\u00e8re fois, c\u2019\u00e9tait en 2022 et elle s\u2019\u00e9tait inclin\u00e9e face \u00e0 Iga \u015awi\u0105tek.<\/p>\n<p class=\" wall-content\"><a href=\"https:\/\/actu.fr\/bourgogne-franche-comte\/dijon_21231\/qui-est-lois-boisson-cette-jeune-dijonnaise-qui-fait-sensation-a-roland-garros_62720108.html\" target=\"_blank\" rel=\"noopener\">Lo\u00efs Boisson<\/a>, quant \u00e0 elle, n\u2019a aucunement d\u00e9m\u00e9rit\u00e9 et est devenue la <strong>cinqui\u00e8me Fran\u00e7aise \u00e0 jouer une demi-finale<\/strong> \u00e0 Roland-Garros depuis le d\u00e9but de l\u2019\u00e8re Open. Son nom rejoint ceux de Fran\u00e7oise D\u00fcrr, Brigitte Simon, Mary Pierce et Marion Bartoli, la derni\u00e8re, en 2011.<\/p>\n<p class=\" wall-content\">Et quoi qu\u2019il arrive, Lo\u00efs Boisson devrait quitter sa 361e place mondiale au classement WTA et rejoindre, normalement, la 65e place. En tout cas, elle sera la<strong> premi\u00e8re joueuse fran\u00e7aise du classement<\/strong>.<\/p>\n<p class=\" wall-content\">Ce match \u00e9tait dur, Lo\u00efs Boisson a bu le calice jusqu\u2019\u00e0 la lie, mais qu\u2019importe. Merci Lo\u00efs de nous avoir fait vivre ces \u00e9motions.<\/p>\n<p class=\" wall-content\">Suivez toute l\u2019actualit\u00e9 de vos villes et m\u00e9dias favoris en vous inscrivant \u00e0 <a href=\"https:\/\/moncompte.actu.fr\" title=\"D\u00e9couvez Mon Actu\" rel=\"nofollow noopener\" data-trk=\"{&quot;cta&quot;:{&quot;action&quot;:&quot;https:\\\/\\\/moncompte.actu.fr&quot;,&quot;category&quot;:&quot;mon compte&quot;,&quot;from&quot;:&quot;article footer&quot;,&quot;name&quot;:&quot;Mon actu&quot;,&quot;type&quot;:&quot;cta&quot;}}\" target=\"_blank\">Mon Actu<\/a>.<\/p>\n<ul class=\"ac-article-tag wall-content\">\n<li><a href=\"https:\/\/actu.fr\/tag\/roland-garros\" data-trk=\"{&quot;cta&quot;:{&quot;action&quot;:&quot;Roland-Garros&quot;,&quot;category&quot;:&quot;tag&quot;,&quot;from&quot;:&quot;article footer&quot;,&quot;name&quot;:&quot;Roland-Garros&quot;,&quot;type&quot;:&quot;cta&quot;}}\" target=\"_blank\" rel=\"noopener\">#Roland-Garros<\/a><\/li>\n<li><a href=\"https:\/\/actu.fr\/tag\/tournoi-roland-garros\" data-trk=\"{&quot;cta&quot;:{&quot;action&quot;:&quot;Tournoi Roland-Garros&quot;,&quot;category&quot;:&quot;tag&quot;,&quot;from&quot;:&quot;article footer&quot;,&quot;name&quot;:&quot;Tournoi Roland-Garros&quot;,&quot;type&quot;:&quot;cta&quot;}}\" target=\"_blank\" rel=\"noopener\">#Tournoi Roland-Garros<\/a><\/li>\n<\/ul>\n","protected":false},"excerpt":{"rendered":"Par Anne-Laure Petit-H\u00e9non Publi\u00e9 le 5 juin 2025 \u00e0 19h04 Elle nous a fait r\u00eaver, elle a \u00e9limin\u00e9&hellip;\n","protected":false},"author":2,"featured_media":155312,"comment_status":"","ping_status":"","sticky":false,"template":"","format":"standard","meta":{"footnotes":""},"categories":[2],"tags":[11,1011,27,12,4171,60,1467,11107],"class_list":{"0":"post-155311","1":"post","2":"type-post","3":"status-publish","4":"format-standard","5":"has-post-thumbnail","7":"category-actualites","8":"tag-actualites","9":"tag-fr","10":"tag-france","11":"tag-news","12":"tag-roland-garros","13":"tag-sports","14":"tag-tennis","15":"tag-tournoi-roland-garros"},"share_on_mastodon":{"url":"https:\/\/pubeurope.com\/@fr\/114633769228108409","error":""},"_links":{"self":[{"href":"https:\/\/www.europesays.com\/fr\/wp-json\/wp\/v2\/posts\/155311","targetHints":{"allow":["GET"]}}],"collection":[{"href":"https:\/\/www.europesays.com\/fr\/wp-json\/wp\/v2\/posts"}],"about":[{"href":"https:\/\/www.europesays.com\/fr\/wp-json\/wp\/v2\/types\/post"}],"author":[{"embeddable":true,"href":"https:\/\/www.europesays.com\/fr\/wp-json\/wp\/v2\/users\/2"}],"replies":[{"embeddable":true,"href":"https:\/\/www.europesays.com\/fr\/wp-json\/wp\/v2\/comments?post=155311"}],"version-history":[{"count":0,"href":"https:\/\/www.europesays.com\/fr\/wp-json\/wp\/v2\/posts\/155311\/revisions"}],"wp:featuredmedia":[{"embeddable":true,"href":"https:\/\/www.europesays.com\/fr\/wp-json\/wp\/v2\/media\/155312"}],"wp:attachment":[{"href":"https:\/\/www.europesays.com\/fr\/wp-json\/wp\/v2\/media?parent=155311"}],"wp:term":[{"taxonomy":"category","embeddable":true,"href":"https:\/\/www.europesays.com\/fr\/wp-json\/wp\/v2\/categories?post=155311"},{"taxonomy":"post_tag","embeddable":true,"href":"https:\/\/www.europesays.com\/fr\/wp-json\/wp\/v2\/tags?post=155311"}],"curies":[{"name":"wp","href":"https:\/\/api.w.org\/{rel}","templated":true}]}}