{"id":155339,"date":"2025-06-06T01:35:16","date_gmt":"2025-06-06T01:35:16","guid":{"rendered":"https:\/\/www.europesays.com\/fr\/155339\/"},"modified":"2025-06-06T01:35:16","modified_gmt":"2025-06-06T01:35:16","slug":"manifestation-contre-un-gala-organise-par-un-fonds-cree-par-le-milliardaire-sterin-3","status":"publish","type":"post","link":"https:\/\/www.europesays.com\/fr\/155339\/","title":{"rendered":"manifestation contre un gala organis\u00e9 par un fonds cr\u00e9\u00e9 par le milliardaire St\u00e9rin"},"content":{"rendered":"<p>Un rassemblement, \u00e0 l&rsquo;appel de diverses associations et syndicats, \u00e9tait organis\u00e9 \u00e0 17h00 \u00e0 quelques centaines de m\u00e8tres de la cit\u00e9 des congr\u00e8s, o\u00f9 le gala est organis\u00e9, et un autre se tenait devant le centre hospitalier.<\/p>\n<p>Selon la pr\u00e9fecture de Loire-Atlantique, 1.100 personnes \u00e9taient rassembl\u00e9es, 900 \u00e0 la manifestation \u00e0 l&rsquo;appel de l&rsquo;ultra gauche et 200 \u00e0 la manifestation syndicale.<\/p>\n<p>\u00ab\u00a0Ca fait cinq ans qu&rsquo;elle revient \u00e0 Nantes, cette Nuit du Bien commun, donc il est grand temps qu&rsquo;elle soit effectivement mise un peu en lumi\u00e8re et que les gens s&rsquo;en pr\u00e9occupent et se mobilisent contre\u00a0\u00bb, a d\u00e9clar\u00e9 Pierre Bedouet, 36 ans, de la CGT spectacle. <\/p>\n<p>Parmi les banderoles figuraient notamment \u00ab\u00a0St\u00e9rin nuit au bien commun\u00a0\u00bb, \u00ab\u00a0Ne financez pas la peur mais plut\u00f4t les Restos du c\u0153ur\u00a0\u00bb ou encore \u00ab\u00a0St\u00e9rin glissant\u00a0\u00bb.<\/p>\n<p>Dans un communiqu\u00e9 de la CGT, la LDH ou encore de la FSU, les opposants estiment que \u00ab\u00a0le fonds du bien commun est en fait une fa\u00e7ade du v\u00e9ritable projet de Pierre-Edouard St\u00e9rin qui s&rsquo;appelle Pericles (&#8230;), ce plan vise \u00e0 faire gagner les id\u00e9es de l&rsquo;extr\u00eame droite et des droites extr\u00eames dans les t\u00eates et dans les urnes (&#8230;)\u00a0\u00bb.<\/p>\n<p><img alt=\"Manifestation \u00e0 Nantes le 5 juin 2025 contre l'organisation d'un gala &quot;La nuit du Bien commun&quot;, mouvement fond\u00e9 notamment par le milliardaire conservateur Pierre-\u00c9douard St\u00e9rin\" loading=\"lazy\" decoding=\"async\" data-nimg=\"fill\" class=\" TwicCore_img__i9TC1 undefined  undefined\" style=\"position:absolute;height:100%;width:100%;left:0;top:0;right:0;bottom:0;object-fit:cover;color:transparent;background-size:cover;background-position:50% 50%;background-repeat:no-repeat;background-image:url(&quot;data:image\/svg+xml;charset=utf-8,%3Csvg xmlns='http:\/\/www.w3.org\/2000\/svg' %3E%3Cfilter id='b' color-interpolation-filters='sRGB'%3E%3CfeGaussianBlur stdDeviation='20'\/%3E%3CfeColorMatrix values='1 0 0 0 0 0 1 0 0 0 0 0 1 0 0 0 0 0 100 -1' result='s'\/%3E%3CfeFlood x='0' y='0' width='100%25' height='100%25'\/%3E%3CfeComposite operator='out' in='s'\/%3E%3CfeComposite in2='SourceGraphic'\/%3E%3CfeGaussianBlur stdDeviation='20'\/%3E%3C\/filter%3E%3Cimage width='100%25' height='100%25' x='0' y='0' preserveAspectRatio='xMidYMid slice' style='filter: url(%23b);' href='data:image\/png;base64,iVBORw0KGgoAAAANSUhEUgAAArwAAAFnCAYAAABEq5oyAAAQcUlEQVR4Ae3dP3SVZZ7A8eeSBIYZE3dPqkFjqYVQKG4F56zYgescStBzoAMbaXaAhmJctQB2t9DGOLVDSpwZodQCqgEsgMLZQwG4Uu1ZCP4ZEpK79\/cy8UQWSW7uv\/f+\/HzOuedCSN73Xorw5Zfnfd7G5ORkswAAQE7NdQUAABITvAAApCZ4AQBITfACAJCa4AUAIDXBCwBAaoIXAIDUBC8AAKkJXgAAUhO8AACkJngBAEhN8AIAkJrgBQAgNcELAEBqghcAgNQELwAAqQleAABSE7wAAKQmeAEASE3wAgCQmuAFACA1wQsAQGqCFwCA1AQvAACpCV4AAFITvAAApCZ4AQBITfACAJCa4AUAIDXBCwBAaoIXAIDUBC8AAKkJXgAAUhO8AACkJngBAEhN8AIAkJrgBQAgNcELAEBqghcAgNQELwAAqQleAABSE7wAAKQmeAEASE3wAgCQmuAFACA1wQsAQGqCFwCA1AQvAACpCV4AAFITvAAApCZ4AQBITfACAJCa4AUAIDXBCwBAaoIXAIDUBC8AAKkJXgAAUhO8AACkJngBAEhN8AIAkJrgBQAgNcELAEBqghcAgNQELwAAqQleAABSE7wAAKQmeAEASE3wAgCQmuAFACA1wQsAQGqCFwCA1AQvAACpCV4AAFITvAAApCZ4AQBITfACAJCa4AUAIDXBCwBAaoIXAIDUBC8AAKkJXgAAUhO8AACkJngBAEhN8AIAkJrgBQAgNcELAEBqghcAgNQELwAAqQleAABSE7wAAKQmeAEASE3wAgCQmuAFACA1wQsAQGqCFwCA1AQvAACpCV4AAFITvAAApCZ4AQBITfACAJCa4AUAIDXBCwBAaoIXAIDUBC8AAKkJXgAAUhO8AACkJngBAEhN8AIAkJrgBQAgNcELAEBqghcAgNQELwAAqQleAABSE7wAAKQmeAEASE3wAgCQmuAFACA1wQsAQGqCFwCA1AQvAACpCV4AAFITvAAApCZ4AQBITfACAJCa4AUAIDXBCwBAaoIXAIDUBC8AAKkJXgAAUhO8AACkJngBAEhN8AIAkJrgBQAgNcELAEBqghcAgNQELwAAqQleAABSGy0APzONRuORH282mwWAfAQvkNJS1E5MTJRnnnmmbNmypfp1PKamph75NTdv3iyzs7PV840bN8qVK1eqjwthgOEmeIE0InIjZnft2lWef\/75sn379p+M29W4c+dOFb1nz54tZ86cqUJY\/AIMn8bk5KTv3sDQisjdvHlz2blzZ9m7d29HgbuS8+fPl5mZmeohfAGGRlPwAkMpQjcmuQcOHCjbtm1b8fNv375dTWtjqUKIJQ7xWIs4zr59+344FgC1JniB4RKhu2fPnnL48OFqbe5KInSnp6erR6zPXe69994rBw8eLGsRyx12795dLl++XACoNcELDIcI3ZjkRuiuZqIbrl+\/XkVprL19lFj+8MUXX5S1Er0AQ0HwAvX35JNPliNHjrQ9jX3hhRd+MnaXXLt2rTr+WsWyhh07dlTxC0AtNd14Aqi1WLZw+vTptmP3xIkTK8ZueHiZQ7vi9a11WQQA\/SF4gdqKi8o+++yzti8ui2nrqVOnVvW53ViOEGuKAagvwQvUUuzAEJPdtSw3iH1zVzPdDZ1OeENMeXu5HRoAnRG8QO3ERPeDDz5Y89ra1U53Q7e2FlvrFmcA9J7gBWplac3uWmM3ljPEDSJWa7WT4JV0cuEbAL0leIHamJiY6Ch2QzuxG9w8AiA\/wQvUxtGjR1d1M4nHaTd4465p3SCcAepL8AK18Oqrr3Zle692A7bdJRDdOi8A\/SN4gVp45513Sjes5QYQZ86cKZ2IYHbjCYD6ErzAwMU+tp0uZViylknrzMxMuX37dlmr6enpAkB9CV5g4OK2wd2w1nW0MZ09dOhQaTbbu9N6fP7x48c7nhAD0FuCFxiobdu2dW2628kWYxGt+\/fvL9evX18xfOPPYyJ87NixcvLkyQJAvY0WgAGq0215I3rPnTtX3eVt586dVYgv3yItJsFxK+KrV69WN7foxl3aAOi9xuTkZHs\/wwPoomvXrnXtpg0RrPv27SsAsEzTkgZgYGI5QzfvUGanBAAeRfACAxNLBwCg1wQvMDCbN28uANBrghcYGMELQD8IXmAgYu1uN9fvAsBPsS0ZMBDZp7uNR3zs14uNMr5YyrP3W8+t338+1ixfj6x+o5w45njrGL9edoz4\/d11zXKrNb74uvX819EHx+t0+53Gstf83P0Hrzt+HeI88br\/a6RU57bVD1B3ghegTQ\/HbETnE63nCMMnWmG4qfX7eIw3W88L8fzgYw8b33i\/TP9yoax0rq3zjbL1\/rqy495IeW6h8djPjxi9MLZYPtq4UP57pL0UXQrql+daj\/mR8tL8g\/fwOF+2zvFx6338ecOi8AVqS\/ACA9Gtu6v1w1IExkR108K6HwJ2KWZXisK1iCO+dm9d6xHhufrVZ\/G6ftP6mh1zI+XDX94vf\/jFwqrOFe\/l9b+NVOds5\/1EgP\/bN2Pl4HfNcnBivu3IBugHwQuwgpdak9u3vx0r3c\/a\/29povt2KyIfNRVerQjxw9+OVs\/TG386ep9qBevB70eqsO7EU63X+oc768uBibny5ajoBerFRWtAGr2aGn+2frH863hrermutyEX8fnR7Fj5\/ez6jmJ3uTe\/G60mtw+Lo7\/R+vipO2Mdx+6SidZfz0fx2hf68V8DgNUTvEAavdz1IaL3wJPz5ZMNC11fqxp5+Prf47Od5QurFdE7viygl8L6t9UEuLtxGtH79rd+eAjUi+AF0piYmCi9FBeE\/e6J++U\/ftW96J1ohejvvhn9+\/KD3kxGY1nD6\/cefLuPaW6vwnrJ1tax44I3gLrw33BgIO7cuVO6rV8Xwn38i\/vlbqNZ3v6ms2+hccFXxGe3li88zhvfPwjqN77vzvKFx3kwsR4tF8bmC0AdmPACA3Hjxo3SC1NTU6Uf\/rhhoZr4diJ2UliK3eZjHt0QU96l2O31ucLWef+8APVhwgsMRC8mvGHLli3l5s2bpR9iN4JNc51NZ\/8yulgd59ZIs3xT4oYOP\/7zZ2O7sFaoPtWFKXAE+l\/GFqubU8S57raa9O6yw0YUvzz3YCu0Ts8Wx4obVdzq8YV+AKsheIGBiCiN6O32hWb9mvCGWNbQiQjQuBDucS6MlfL5+sXy+y4sfYgL7\/79V\/dX\/JyLY50v1whxI45b6wUvMHh+5gQMTC8msdu2bSvZRBh\/vHHlG0isZHyV7fmnDQvlQmvy3PH5Oj8EQFcIXmBgzp8\/X7otY\/CGiNBOrXYXiGaXzgdQF4IXGJgrV66UboslEhmjN9ba3u1wCcV4G1\/+VwvegEQELzAwZ86cKb2wa9euktHdPm5te9fFZkAighcYmLhorRfLGvbs2dPTu64BMFwELzBQvZjyRuwePny4AEAQvMBAzczM9GRP3jfffLNs3769AIDgBQYqYjeitxfef\/\/9vt1uGID6ErzAwH344YelFyJ2T58+LXoBfuYELzBwcQOKEydOlF6I2L106VI5cuRIaTQa1aMT8fWxRjiOl3XPX4BsBC9QC9PT0+X69eulVyJQL168WC1z2LJlyw\/x+7gAXv458TWxLjgmxteuXauON2VyDDAUbC0O1EKs5T106FD55JNPSq\/EtDcee\/fuLTdu3Kgmy5cvXy6zs7Plq6+++tHnPv3002VqaqoK3Xi2zRnA8BK8QG3EnrzHjx8vR48eLb22FL+dLEuYbUW6b6IA9WdJA1ArJ0+eLKdOnSp1F6+xV3eKA6C7BC9QO2+99VZto7fZbFZT6HiNAAwHP40DaimCMtb1Hjx4sOOdFbrl9u3b1QQ6LrADYHgIXqC2jh07Vl1Y9u677w40emOqGxe37d+\/v3o9AAwXSxqAWotp6osvvljOnTtXhWe\/xVQ3wvuVV14RuwBDSvACtRehuXv37mqZQ+zV24\/wjdCNtboR25YwAAw3wQsMjZmZmbJ169ZqacGnn35ahW834zeOtTx0Y71u7NELwHCzhhcYOrEdWDzihhCxj+7OnTvL5s2bq311l6y05nd5KF+5cqXaA\/js2bPVMwC5CF5gaMVSh5j6xiNMTExUd0aL+I1fRxCHpRCOu6uFmNpevXq1+v3SndYAyEvwAmlEuMaE1pQWgOWs4QUAIDXBCwBAaoIXAIDUBC8AAKkJXgAAUhO8AACkJngBAEhN8AIAkJrgBQAgNcELsEabFhqlE+PNzr6+l8YXO39tdX5\/wM+L4AVYo02LnQZve2HZ6fnaCfQnmqUjcabnFgQvUA+CF6BNkXG\/\/W604wANr82tKysdJf789b+NlE7F6\/2n+caqzvebe53\/8\/DavZHWY+X3B9BrjcnJyQ7\/Hw+Q30QrFp9dKOXluZEqBrv54\/o\/blgon69fLBdHm2V2XfNH5\/znuUbZMb+u7JjrPHiXn+9PrcfFsWZZ\/g9ABPGO1vniPb403715yNet93RhbLE676WHzgnQB03BC7AKl\/5nQ+mHvf8wV74caVbx+ef\/XV96KUL0X\/5xrvr1y61J83\/eHSv98OLkvQLQR83RAsCKpjfeL\/1wt7H03Oz5OWeXDalvjTT78h5NWIBBMOEFACCzpovWAABITfACAJCa4AUAIDXBCwBAaoIXAIDUBC8AAKkJXgAAUhO8AACkJngBAEhN8AIAkJrgBQAgNcELAEBqghcAgNQELwAAqQleAABSE7wAAKQmeAEASE3wAgCQmuAFACA1wQsAQGqCFwCA1AQvAACpCV4AAFITvAAApCZ4AQBITfACAJCa4AUAIDXBCwBAaoIXAIDUBC8AAKkJXgAAUhO8AACkJngBAEhN8AIAkJrgBQAgNcELAEBqghcAgNQELwAAqQleAABSE7wAAKQmeAEASE3wAgCQmuAFACA1wQsAQGqCFwCA1AQvAACpCV4AAFITvAAApCZ4AQBITfACAJCa4AUAIDXBCwBAaoIXAIDUBC8AAKkJXgAAUhO8AACkJngBAEhN8AIAkJrgBQAgNcELAEBqghcAgNQELwAAqQleAABSE7wAAKQmeAEASE3wAgCQmuAFACA1wQsAQGqCFwCA1AQvAACpCV4AAFITvAAApCZ4AQBITfACAJCa4AUAIDXBCwBAaoIXAIDUBC8AAKkJXgAAUhO8AACkJngBAEhN8AIAkJrgBQAgNcELAEBqghcAgNQELwAAqQleAABSE7wAAKQmeAEASE3wAgCQmuAFACA1wQsAQGqCFwCA1AQvAACpCV4AAFITvAAApCZ4AQBITfACAJCa4AUAIDXBCwBAaoIXAIDUBC8AAKkJXgAAUhO8AACkJngBAEhN8AIAkJrgBQAgNcELAEBqghcAgNQELwAAqQleAABSE7wAAKQmeAEASE3wAgCQmuAFACA1wQsAQGqCFwCA1AQvAACpCV4AAFITvAAApCZ4AQBITfACAJCa4AUAIDXBCwBAaoIXAIDUBC8AAKkJXgAAUhO8AACkJngBAEhN8AIAkJrgBQAgNcELAEBqghcAgNQELwAAqQleAABSE7wAAKQmeAEASE3wAgCQmuAFACA1wQsAQGqCFwCA1AQvAACpCV4AAFIbbT2aBQAAcmr+HxOS2LXTZHzQAAAAAElFTkSuQmCC'\/%3E%3C\/svg%3E&quot;)\"   src=\"https:\/\/www.europesays.com\/fr\/wp-content\/uploads\/2025\/06\/1749173716_714_8311fccb9db5e96307ba90fdbc0b1cef46cd60e6.jpg\"\/>Manifestation \u00e0 Nantes le 5 juin 2025 contre l&rsquo;organisation d&rsquo;un gala \u00ab\u00a0La nuit du Bien commun\u00a0\u00bb, mouvement fond\u00e9 notamment par le milliardaire conservateur Pierre-\u00c9douard St\u00e9rin PHOTO AFP \/ Fred TANNEAU<\/p>\n<p>Un important dispositif policier \u00e9tait en place et les manifestations \u00e9taient interdites par arr\u00eat\u00e9 pr\u00e9fectoral aux abords de la cit\u00e9 des congr\u00e8s.<\/p>\n<p>Vers 20h00, des heurts ont \u00e9clat\u00e9. \u00ab\u00a0Un rassemblement non d\u00e9clar\u00e9 est en cours dans le secteur du miroir d&rsquo;eau et de la gare \u00e0 Nantes. Des mortiers ont \u00e9t\u00e9 tir\u00e9s \u00e0 plusieurs reprises par les manifestants sur les forces de l&rsquo;ordre\u00a0\u00bb, a indiqu\u00e9 la pr\u00e9fecture de Loire-Atlantique sur X.<\/p>\n<p>Pierre-Edouard St\u00e9rin, homme d&rsquo;affaires conservateur devenu milliardaire avec son entreprise de coffrets cadeaux Smartbox, est initiateur d&rsquo;un projet politique baptis\u00e9 \u00ab\u00a0P\u00e9ricl\u00e8s\u00a0\u00bb, acronyme de \u00ab\u00a0Patriotes Enracin\u00e9s R\u00e9sistants Identitaires Chr\u00e9tiens Lib\u00e9raux Europ\u00e9ens Souverainistes\u00a0\u00bb.<\/p>\n<p>La Nuit du Bien Commun, qui comprend notamment un fonds de dotation destin\u00e9 \u00e0 financer des projets associatifs, est n\u00e9e en 2017, au th\u00e9\u00e2tre Mogador, \u00e0 Paris, sur une id\u00e9e de Thibault Farrenq, Pierre-Edouard St\u00e9rin et Stanislas Billot de Lochner.<\/p>\n<p>Les galas de lev\u00e9e de dons sont organis\u00e9s dans diff\u00e9rentes villes de France, ainsi qu&rsquo;\u00e0 Bruxelles et Gen\u00e8ve.<\/p>\n<p>\u00ab\u00a0Thibault Farrenq et Pierre-Edouard St\u00e9rin n\u2019exercent d\u00e9sormais plus aucune responsabilit\u00e9 ex\u00e9cutive dans l\u2019organisation de ces soir\u00e9es. En d\u00e9cembre 2024, Stanislas Billot de Lochner a m\u00eame estim\u00e9 que le +temps des fondateurs \u00e9tait termin\u00e9+ officialisant ainsi la transmission de ce concept innovant \u00e0 une nouvelle g\u00e9n\u00e9ration d&rsquo;\u00e9quipes engag\u00e9es dans ce projet\u00a0\u00bb, selon le site internet du Bien commun. <\/p>\n","protected":false},"excerpt":{"rendered":"Un rassemblement, \u00e0 l&rsquo;appel de diverses associations et syndicats, \u00e9tait organis\u00e9 \u00e0 17h00 \u00e0 quelques centaines de m\u00e8tres&hellip;\n","protected":false},"author":2,"featured_media":155107,"comment_status":"","ping_status":"","sticky":false,"template":"","format":"standard","meta":{"footnotes":""},"categories":[2818],"tags":[17,1111,11,1444,1777,674,16103,1011,27,329,6145,2088,766,12,9271,5912,2636,25],"class_list":{"0":"post-155339","1":"post","2":"type-post","3":"status-publish","4":"format-standard","5":"has-post-thumbnail","7":"category-nantes","8":"tag-17","9":"tag-actu","10":"tag-actualites","11":"tag-contre","12":"tag-eu","13":"tag-europe","14":"tag-fonds","15":"tag-fr","16":"tag-france","17":"tag-france-monde","18":"tag-gala","19":"tag-manifestation","20":"tag-nantes","21":"tag-news","22":"tag-organise","23":"tag-par","24":"tag-pays-de-la-loire","25":"tag-republique-francaise"},"share_on_mastodon":{"url":"https:\/\/pubeurope.com\/@fr\/114633855817599211","error":""},"_links":{"self":[{"href":"https:\/\/www.europesays.com\/fr\/wp-json\/wp\/v2\/posts\/155339","targetHints":{"allow":["GET"]}}],"collection":[{"href":"https:\/\/www.europesays.com\/fr\/wp-json\/wp\/v2\/posts"}],"about":[{"href":"https:\/\/www.europesays.com\/fr\/wp-json\/wp\/v2\/types\/post"}],"author":[{"embeddable":true,"href":"https:\/\/www.europesays.com\/fr\/wp-json\/wp\/v2\/users\/2"}],"replies":[{"embeddable":true,"href":"https:\/\/www.europesays.com\/fr\/wp-json\/wp\/v2\/comments?post=155339"}],"version-history":[{"count":0,"href":"https:\/\/www.europesays.com\/fr\/wp-json\/wp\/v2\/posts\/155339\/revisions"}],"wp:featuredmedia":[{"embeddable":true,"href":"https:\/\/www.europesays.com\/fr\/wp-json\/wp\/v2\/media\/155107"}],"wp:attachment":[{"href":"https:\/\/www.europesays.com\/fr\/wp-json\/wp\/v2\/media?parent=155339"}],"wp:term":[{"taxonomy":"category","embeddable":true,"href":"https:\/\/www.europesays.com\/fr\/wp-json\/wp\/v2\/categories?post=155339"},{"taxonomy":"post_tag","embeddable":true,"href":"https:\/\/www.europesays.com\/fr\/wp-json\/wp\/v2\/tags?post=155339"}],"curies":[{"name":"wp","href":"https:\/\/api.w.org\/{rel}","templated":true}]}}