{"id":155379,"date":"2025-06-06T01:56:09","date_gmt":"2025-06-06T01:56:09","guid":{"rendered":"https:\/\/www.europesays.com\/fr\/155379\/"},"modified":"2025-06-06T01:56:09","modified_gmt":"2025-06-06T01:56:09","slug":"les-amis-de-karlsruhe-de-retour-a-plemet-apres-un-sejour-en-allemagne","status":"publish","type":"post","link":"https:\/\/www.europesays.com\/fr\/155379\/","title":{"rendered":"Les Amis de Karlsruhe de retour \u00e0 Pl\u00e9met apr\u00e8s un s\u00e9jour en Allemagne"},"content":{"rendered":"<p>Les membres de l\u2019association Les Amis de Karlsruhe sont revenus de leur voyage d\u2019outre-Rhin le mardi 3 juin. Durant quatre journ\u00e9es, ceux-ci ont partag\u00e9 avec leurs h\u00f4tes allemands des moments de d\u00e9couverte et de convivialit\u00e9. Randonn\u00e9e en for\u00eat, visites de mus\u00e9e et de zoo, rallye photo, excursion \u00e0 Stuttgart et sur le Rhin et pique-nique auront, entre autres activit\u00e9s ludiques et culturelles, fait fructifier les liens amicaux interg\u00e9n\u00e9rationnels qui unissent les amis des deux pays depuis 39 ann\u00e9es.<\/p>\n<p>Une grande f\u00eate pour 2026<\/p>\n<p>\u00ab\u00a0Cet \u00e9change plac\u00e9 sous le signe de la fraternit\u00e9 a \u00e9t\u00e9 un grand bonheur et nous a permis de nous retrouver\u00a0\u00bb, souligne Cl\u00e9mence Jouan, copr\u00e9sidente de l\u2019association. \u00ab\u00a0D\u00e8s l\u2019automne, nous pr\u00e9parerons une grande f\u00eate pour c\u00e9l\u00e9brer le 40e anniversaire de l\u2019association qui aura lieu en 2026 \u00e0 l\u2019occasion de la r\u00e9ception \u00e0 Pl\u00e9met de nos amis d\u2019outre-Rhin\u00a0\u00bb, conclut-elle.<\/p>\n","protected":false},"excerpt":{"rendered":"Les membres de l\u2019association Les Amis de Karlsruhe sont revenus de leur voyage d\u2019outre-Rhin le mardi 3 juin.&hellip;\n","protected":false},"author":2,"featured_media":155380,"comment_status":"","ping_status":"","sticky":false,"template":"","format":"standard","meta":{"footnotes":""},"categories":[1587],"tags":[11,672,1804,1805,1803,1777,674,1801,12,28561,1802],"class_list":{"0":"post-155379","1":"post","2":"type-post","3":"status-publish","4":"format-standard","5":"has-post-thumbnail","7":"category-allemagne","8":"tag-actualites","9":"tag-allemagne","10":"tag-bundesrepublik-deutschland","11":"tag-de","12":"tag-deutschland","13":"tag-eu","14":"tag-europe","15":"tag-germany","16":"tag-news","17":"tag-plemet","18":"tag-republique-federale-dallemagne"},"share_on_mastodon":{"url":"https:\/\/pubeurope.com\/@fr\/114633938621654214","error":""},"_links":{"self":[{"href":"https:\/\/www.europesays.com\/fr\/wp-json\/wp\/v2\/posts\/155379","targetHints":{"allow":["GET"]}}],"collection":[{"href":"https:\/\/www.europesays.com\/fr\/wp-json\/wp\/v2\/posts"}],"about":[{"href":"https:\/\/www.europesays.com\/fr\/wp-json\/wp\/v2\/types\/post"}],"author":[{"embeddable":true,"href":"https:\/\/www.europesays.com\/fr\/wp-json\/wp\/v2\/users\/2"}],"replies":[{"embeddable":true,"href":"https:\/\/www.europesays.com\/fr\/wp-json\/wp\/v2\/comments?post=155379"}],"version-history":[{"count":0,"href":"https:\/\/www.europesays.com\/fr\/wp-json\/wp\/v2\/posts\/155379\/revisions"}],"wp:featuredmedia":[{"embeddable":true,"href":"https:\/\/www.europesays.com\/fr\/wp-json\/wp\/v2\/media\/155380"}],"wp:attachment":[{"href":"https:\/\/www.europesays.com\/fr\/wp-json\/wp\/v2\/media?parent=155379"}],"wp:term":[{"taxonomy":"category","embeddable":true,"href":"https:\/\/www.europesays.com\/fr\/wp-json\/wp\/v2\/categories?post=155379"},{"taxonomy":"post_tag","embeddable":true,"href":"https:\/\/www.europesays.com\/fr\/wp-json\/wp\/v2\/tags?post=155379"}],"curies":[{"name":"wp","href":"https:\/\/api.w.org\/{rel}","templated":true}]}}